{"id":18330,"date":"2018-10-27T18:37:33","date_gmt":"2018-10-27T13:37:33","guid":{"rendered":"http:\/\/zamanturkmenistan.com\/?p=18330"},"modified":"2018-10-27T18:37:33","modified_gmt":"2018-10-27T13:37:33","slug":"bir-gijede-mil%c2%adli%c2%adar%c2%adder-bol%c2%addy","status":"publish","type":"post","link":"https:\/\/zamanturkmenistan.com.tm\/?p=18330","title":{"rendered":"Bir gijede mil\u00adli\u00adar\u00adder bol\u00addy"},"content":{"rendered":"<p>Bir mil\u00adliard al\u00adty \u00fd\u00fcz mil\u00adli\u00adon dol\u00adlar m\u00f6\u00e7\u00adbe\u00adrin\u00add\u00e4\u00adki re\u00adkord lo\u00adte\u00adre\u00ad\u00fda\u00adny\u0148 no\u00adbat\u00adda\u00adky utu\u00ad\u015fyn\u00adda di\u00ad\u0148e bir adam \u00fde\u00ad\u0148i\u015f ga\u00adza\u00adnar. Bu ba\u00adra\u00adda \u201cMe\u00adga Mil\u00adlions\u201d ame\u00adri\u00adkan lo\u00adte\u00adre\u00ad\u00fda\u00adsy\u00adny\u0148 gu\u00adra\u00adma\u00ad\u00e7y\u00adla\u00adry ha\u00adbar ber\u00addi\u00adler. H\u00e4\u00adzir utu\u00ad\u015fy\u0148 \u00e4h\u00adli al\u00adty bel\u00adgi\u00adsi-de ga\u00adbat gel\u00ad\u00fd\u00e4n bagt\u00adly bi\u00adle\u00adti\u0148 AB\u015e-ny\u0148 G\u00fc\u00adnor\u00adta Ka\u00adro\u00adli\u00adna \u015fta\u00adtyn\u00adda sa\u00adtyn al\u00adnan\u00adly\u00adgy m\u00e4\u00adlim edil\u00addi.<br \/>\nAdy he\u00adniz m\u00e4\u00adlim edil\u00adme\u00addik \u00fde\u00ad\u0148i\u00adji\u00adni\u0148\u00adki ju\u00adda \u015fo\u00adwu\u00adna bol\u00addy. Ba\u015f ba\u00fd\u00adra\u00adga e\u00fde bol\u00admak umy\u00addy bi\u00adlet sa\u00adtyn al\u00adnan wag\u00adty \u00e7en bi\u00adlen, 303 mil\u00adli\u00adon adam\u00addan 1-ine de\u0148 bol\u00addy. Eger-de lo\u00adte\u00adre\u00ad\u00fda bi\u00adle\u00adti\u00adni\u0148 e\u00fde\u00adsi utan pul\u00adla\u00adry\u00adny\u0148 \u00e4h\u00adli\u00adsi\u00adni bir\u00adba\u00adda al\u00adma\u00adly di\u00ad\u00fden ka\u00adra\u00adra gel\u00adse, on\u00adda o\u0148a di\u00ad\u0148e 913 mil\u00adli\u00adon dol\u00adlar ber\u00adler, eger-de az-az\u00addan al\u00admak\u00ad\u00e7y bol\u00adsa, on\u00adda utan pul\u00adla\u00adry\u00adny\u0148 \u00e4h\u00adli\u00adsi bir\u00adn\u00e4\u00ad\u00e7e \u00fdyl\u00adla\u00adry\u0148 do\u00adwa\u00admyn\u00adda b\u00f6\u00adl\u00fc\u00adnip ber\u00adler.<\/p>\n","protected":false},"excerpt":{"rendered":"<p>Bir mil\u00adliard al\u00adty \u00fd\u00fcz mil\u00adli\u00adon dol\u00adlar m\u00f6\u00e7\u00adbe\u00adrin\u00add\u00e4\u00adki re\u00adkord lo\u00adte\u00adre\u00ad\u00fda\u00adny\u0148 no\u00adbat\u00adda\u00adky utu\u00ad\u015fyn\u00adda di\u00ad\u0148e bir adam \u00fde\u00ad\u0148i\u015f ga\u00adza\u00adnar. Bu ba\u00adra\u00adda \u201cMe\u00adga Mil\u00adlions\u201d ame\u00adri\u00adkan lo\u00adte\u00adre\u00ad\u00fda\u00adsy\u00adny\u0148 gu\u00adra\u00adma\u00ad\u00e7y\u00adla\u00adry ha\u00adbar ber\u00addi\u00adler. H\u00e4\u00adzir utu\u00ad\u015fy\u0148 \u00e4h\u00adli al\u00adty bel\u00adgi\u00adsi-de ga\u00adbat gel\u00ad\u00fd\u00e4n bagt\u00adly bi\u00adle\u00adti\u0148 AB\u015e-ny\u0148 G\u00fc\u00adnor\u00adta Ka\u00adro\u00adli\u00adna \u015fta\u00adtyn\u00adda sa\u00adtyn al\u00adnan\u00adly\u00adgy m\u00e4\u00adlim edil\u00addi. Ady he\u00adniz m\u00e4\u00adlim edil\u00adme\u00addik \u00fde\u00ad\u0148i\u00adji\u00adni\u0148\u00adki ju\u00adda \u015fo\u00adwu\u00adna bol\u00addy. Ba\u015f ba\u00fd\u00adra\u00adga e\u00fde bol\u00admak umy\u00addy [&hellip;]<\/p>\n","protected":false},"author":1,"featured_media":18331,"comment_status":"open","ping_status":"closed","sticky":false,"template":"","format":"standard","meta":{"footnotes":""},"categories":[5],"tags":[],"acf":[],"_links":{"self":[{"href":"https:\/\/zamanturkmenistan.com.tm\/index.php?rest_route=\/wp\/v2\/posts\/18330"}],"collection":[{"href":"https:\/\/zamanturkmenistan.com.tm\/index.php?rest_route=\/wp\/v2\/posts"}],"about":[{"href":"https:\/\/zamanturkmenistan.com.tm\/index.php?rest_route=\/wp\/v2\/types\/post"}],"author":[{"embeddable":true,"href":"https:\/\/zamanturkmenistan.com.tm\/index.php?rest_route=\/wp\/v2\/users\/1"}],"replies":[{"embeddable":true,"href":"https:\/\/zamanturkmenistan.com.tm\/index.php?rest_route=%2Fwp%2Fv2%2Fcomments&post=18330"}],"version-history":[{"count":0,"href":"https:\/\/zamanturkmenistan.com.tm\/index.php?rest_route=\/wp\/v2\/posts\/18330\/revisions"}],"wp:featuredmedia":[{"embeddable":true,"href":"https:\/\/zamanturkmenistan.com.tm\/index.php?rest_route=\/wp\/v2\/media\/18331"}],"wp:attachment":[{"href":"https:\/\/zamanturkmenistan.com.tm\/index.php?rest_route=%2Fwp%2Fv2%2Fmedia&parent=18330"}],"wp:term":[{"taxonomy":"category","embeddable":true,"href":"https:\/\/zamanturkmenistan.com.tm\/index.php?rest_route=%2Fwp%2Fv2%2Fcategories&post=18330"},{"taxonomy":"post_tag","embeddable":true,"href":"https:\/\/zamanturkmenistan.com.tm\/index.php?rest_route=%2Fwp%2Fv2%2Ftags&post=18330"}],"curies":[{"name":"wp","href":"https:\/\/api.w.org\/{rel}","templated":true}]}}