{"id":18494,"date":"2018-11-03T10:12:19","date_gmt":"2018-11-03T05:12:19","guid":{"rendered":"http:\/\/zamanturkmenistan.com\/?p=18494"},"modified":"2018-11-03T10:12:19","modified_gmt":"2018-11-03T05:12:19","slug":"efio%c2%adpi%c2%adya%c2%adnyn-ilkinji-ze%c2%adnan-bastutany","status":"publish","type":"post","link":"https:\/\/zamanturkmenistan.com.tm\/?p=18494","title":{"rendered":"Efio\u00adpi\u00ad\u00fda\u00adny\u0148 ilkinji ze\u00adnan Ba\u015ftutany"},"content":{"rendered":"<p>Efio\u00adpi\u00ad\u00fda\u00adny\u0148 Par\u00adla\u00admen\u00adti il\u00adkin\u00adji ge\u00adzek \u00fdur\u00addu\u0148 Pre\u00adzi\u00addent\u00adli\u00adgi\u00adne ze\u00adnan sa\u00fd\u00adla\u00addy. \u015ee\u00fd\u00adle\u00adlik\u00adde, \u00fdurt\u00adda gi\u0148\u00adden ta\u00adnal\u00ad\u00fdan dip\u00adlo\u00admat Sah\u00adle-Work Zew\u00adde \u00fdur\u00addu\u0148 il\u00adkin\u00adji ze\u00adnan \u00fdol\u00adba\u015f\u00ad\u00e7y\u00adsy bol\u00addy. Bu bar\u00adada Pre\u00adzi\u00addent di\u00adwa\u00adny\u00adny\u0148 ba\u015f\u00adly\u00adgy, Prem\u00ad\u00fder-mi\u00adnistr Fit\u00adsum Are\u00adga ha\u00adbar ber\u00addi. Onu\u0148 a\u00fdt\u00adma\u00adgy\u00adna g\u00f6\u00adr\u00e4, par\u00adla\u00admen\u00adti\u0148 her iki pa\u00adla\u00adta\u00adsy Sah\u00adle-Work Zew\u00add\u00e4\u00adni g\u00fcn\u00addo\u00adgar Af\u00adri\u00adka d\u00f6w\u00adle\u00adti\u00adni\u0148 Pre\u00adzi\u00addent\u00adli\u00adgi\u00adne sa\u00fd\u00adla\u00addy.<br \/>\n\u2013 Bu ta\u00adry\u00adhy wa\u00adka\u00addyr. Ol h\u00e4\u00adzir\u00adki za\u00adman Efio\u00adpi\u00ad\u00fda\u00adsy\u00adna \u00fdol\u00adba\u015f\u00ad\u00e7y\u00adlyk et\u00adjek il\u00adkin\u00adji ze\u00adnan\u00addyr \u2013 di\u00ad\u00fdip, Are\u00adga a\u00fdt\u00addy.<br \/>\nMun\u00addan ozal, Sah\u00adle-Work Zew\u00adde BMG-ni\u0148 ba\u015f sek\u00adre\u00adta\u00adry\u00adny\u0148 diwanynda, \u015fe\u00fd\u00adle hem Af\u00adri\u00adkan bi\u00adle\u00adle\u00ad\u015fi\u00adgi bo\u00ad\u00fdun\u00ad\u00e7a gu\u00adra\u00adma\u00adny\u0148 \u00fdol\u00adba\u015f\u00ad\u00e7y\u00adsy\u00adny\u0148 \u00fd\u00f6\u00adri\u00adte we\u00adki\u00adli bo\u00adlup i\u015f\u00adle\u00addi. Go\u00adla\u00fd\u00adda Efio\u00adpi\u00ad\u00fda\u00adny\u0148 par\u00adla\u00admen\u00adti 2013-nji \u00fdyl\u00addan b\u00e4\u00adri \u00fdur\u00addy do\u00adlan\u00addy\u00adryp gel\u00ad\u00fd\u00e4n Mu\u00adla\u00adtu Te\u00ad\u015fo\u00adme\u00adni\u0148 i\u015f\u00adden \u00e7yk\u00ad\u00fdan\u00adly\u00adgy ba\u00adra\u00adda\u00adky ha\u00ad\u00fdy\u00ad\u015fy\u00adny ma\u00adkul\u00adla\u00addy. Efio\u00adpi\u00ad\u00fda\u00adny\u0148 Esa\u00adsy Ka\u00adnu\u00adnyn\u00adda Pre\u00adzi\u00addent par\u00adla\u00adment ta\u00adra\u00adpyn\u00addan al\u00adty \u00fdyl m\u00f6h\u00adlet bi\u00adlen sa\u00fd\u00adla\u00adnyp, we\u00adzi\u00adpe\u00adsi\u00adni iki m\u00f6h\u00adlet\u00adden k\u00f6p \u00fde\u00adri\u00adne \u00fde\u00adti\u00adrip bil\u00adme\u00ad\u00fd\u00e4n\u00adli\u00adgi bel\u00adlen\u00ad\u00fd\u00e4r.<\/p>\n","protected":false},"excerpt":{"rendered":"<p>Efio\u00adpi\u00ad\u00fda\u00adny\u0148 Par\u00adla\u00admen\u00adti il\u00adkin\u00adji ge\u00adzek \u00fdur\u00addu\u0148 Pre\u00adzi\u00addent\u00adli\u00adgi\u00adne ze\u00adnan sa\u00fd\u00adla\u00addy. \u015ee\u00fd\u00adle\u00adlik\u00adde, \u00fdurt\u00adda gi\u0148\u00adden ta\u00adnal\u00ad\u00fdan dip\u00adlo\u00admat Sah\u00adle-Work Zew\u00adde \u00fdur\u00addu\u0148 il\u00adkin\u00adji ze\u00adnan \u00fdol\u00adba\u015f\u00ad\u00e7y\u00adsy bol\u00addy. Bu bar\u00adada Pre\u00adzi\u00addent di\u00adwa\u00adny\u00adny\u0148 ba\u015f\u00adly\u00adgy, Prem\u00ad\u00fder-mi\u00adnistr Fit\u00adsum Are\u00adga ha\u00adbar ber\u00addi. Onu\u0148 a\u00fdt\u00adma\u00adgy\u00adna g\u00f6\u00adr\u00e4, par\u00adla\u00admen\u00adti\u0148 her iki pa\u00adla\u00adta\u00adsy Sah\u00adle-Work Zew\u00add\u00e4\u00adni g\u00fcn\u00addo\u00adgar Af\u00adri\u00adka d\u00f6w\u00adle\u00adti\u00adni\u0148 Pre\u00adzi\u00addent\u00adli\u00adgi\u00adne sa\u00fd\u00adla\u00addy. \u2013 Bu ta\u00adry\u00adhy wa\u00adka\u00addyr. Ol h\u00e4\u00adzir\u00adki za\u00adman Efio\u00adpi\u00ad\u00fda\u00adsy\u00adna \u00fdol\u00adba\u015f\u00ad\u00e7y\u00adlyk et\u00adjek il\u00adkin\u00adji [&hellip;]<\/p>\n","protected":false},"author":1,"featured_media":18495,"comment_status":"open","ping_status":"closed","sticky":false,"template":"","format":"standard","meta":{"footnotes":""},"categories":[5],"tags":[],"acf":[],"_links":{"self":[{"href":"https:\/\/zamanturkmenistan.com.tm\/index.php?rest_route=\/wp\/v2\/posts\/18494"}],"collection":[{"href":"https:\/\/zamanturkmenistan.com.tm\/index.php?rest_route=\/wp\/v2\/posts"}],"about":[{"href":"https:\/\/zamanturkmenistan.com.tm\/index.php?rest_route=\/wp\/v2\/types\/post"}],"author":[{"embeddable":true,"href":"https:\/\/zamanturkmenistan.com.tm\/index.php?rest_route=\/wp\/v2\/users\/1"}],"replies":[{"embeddable":true,"href":"https:\/\/zamanturkmenistan.com.tm\/index.php?rest_route=%2Fwp%2Fv2%2Fcomments&post=18494"}],"version-history":[{"count":0,"href":"https:\/\/zamanturkmenistan.com.tm\/index.php?rest_route=\/wp\/v2\/posts\/18494\/revisions"}],"wp:featuredmedia":[{"embeddable":true,"href":"https:\/\/zamanturkmenistan.com.tm\/index.php?rest_route=\/wp\/v2\/media\/18495"}],"wp:attachment":[{"href":"https:\/\/zamanturkmenistan.com.tm\/index.php?rest_route=%2Fwp%2Fv2%2Fmedia&parent=18494"}],"wp:term":[{"taxonomy":"category","embeddable":true,"href":"https:\/\/zamanturkmenistan.com.tm\/index.php?rest_route=%2Fwp%2Fv2%2Fcategories&post=18494"},{"taxonomy":"post_tag","embeddable":true,"href":"https:\/\/zamanturkmenistan.com.tm\/index.php?rest_route=%2Fwp%2Fv2%2Ftags&post=18494"}],"curies":[{"name":"wp","href":"https:\/\/api.w.org\/{rel}","templated":true}]}}