{"id":18497,"date":"2018-11-03T10:13:22","date_gmt":"2018-11-03T05:13:22","guid":{"rendered":"http:\/\/zamanturkmenistan.com\/?p=18497"},"modified":"2018-11-03T10:13:22","modified_gmt":"2018-11-03T05:13:22","slug":"wyetnamyn-taze-prezidenti","status":"publish","type":"post","link":"https:\/\/zamanturkmenistan.com.tm\/?p=18497","title":{"rendered":"W\u00fdetnamy\u0148 t\u00e4ze Prezidenti"},"content":{"rendered":"<p>W\u00fdet\u00adna\u00admy\u0148 Par\u00adla\u00admen\u00adti Mer\u00adke\u00adzi ko\u00admi\u00adte\u00adti\u0148 do\u00adlan\u00addy\u00adry\u00adjy Kom\u00admu\u00adnis\u00adtik par\u00adti\u00ad\u00fda\u00adsy\u00adny\u0148 ba\u015f sek\u00adre\u00adta\u00adry Ngu\u00ad\u00fden Fu \u00c7on\u00adgy \u00fdur\u00addu\u0148 t\u00e4\u00adze Pre\u00adzi\u00addent\u00adli\u00adgi\u00adne sa\u00fd\u00adla\u00addy. Onu\u0148 da\u00adla\u015f\u00adg\u00e4r\u00adli\u00adgi\u00adne Res\u00adpub\u00adli\u00adka\u00adny\u0148 Esa\u00adsy Ka\u00adnu\u00adny\u00adna la\u00ad\u00fdyk\u00adlyk\u00adda, h\u00e4\u00adki\u00admi\u00ad\u00fde\u00adti\u0148 i\u0148 \u00fdo\u00adka\u00adry or\u00adga\u00adny bo\u00adlan Par\u00adla\u00admen\u00adti\u0148 de\u00adpu\u00adtat\u00adla\u00adry ses ber\u00addi\u00adler. 21-nji sent\u00ad\u00fdabr\u00adda Pre\u00adzi\u00addent \u00c7an Da\u00fd Ku\u00adan\u00adgy\u0148 ara\u00addan \u00e7yk\u00adma\u00adgy ze\u00adrar\u00adly D\u00f6w\u00adlet ba\u015f\u00adtu\u00adta\u00adny\u00adny\u0148 we\u00adzi\u00adpe\u00adsi bo\u015f ga\u00adlyp\u00addy. \u00c7an Da\u00fd Kuang 2016-njy \u00fdyl\u00addan 2021-nji \u00fdy\u00adla \u00e7en\u00adli bu we\u00adzi\u00adp\u00e4 sa\u00fdlanypdy.<br \/>\nT\u00e4\u00adze sa\u00fd\u00adla\u00adnan 74 \u00fda\u015f\u00adly Pre\u00adzi\u00addent Ngu\u00fden Fu \u00c7ong \u00fdur\u00addu\u0148 Kom\u00admu\u00adnis\u00adtik par\u00adti\u00ad\u00fda\u00adsy\u00adna 2011-nji \u00fdyl\u00addan b\u00e4\u00adri \u00fdol\u00adba\u015f\u00ad\u00e7y\u00adlyk ed\u00ad\u00fd\u00e4r. Ol Ha\u00adno\u00ad\u00fd milli uniwersitetini\u0148 fi\u00adlo\u00adlo\u00adgi\u00ad\u00fda fa\u00adkul\u00adte\u00adti\u00adni ta\u00admam\u00adlap, ol \u00fder\u00adde rus di\u00adli we ede\u00adbi\u00ad\u00fda\u00adty\u00adny \u00f6w\u00adren\u00ad\u00fd\u00e4r. Ol 1981-83-nji \u00fdyl\u00adlar\u00adda Mosk\u00adwa\u00adny\u0148 Jem\u00adgy\u00ad\u00fdet\u00ad\u00e7i\u00adlik ylym\u00adla\u00adry aka\u00adde\u00admi\u00ad\u00fda\u00adsyn\u00adda okap, Sy\u00ad\u00fda\u00adsy ylym\u00adla\u00adry\u0148 dok\u00adto\u00adry di\u00ad\u00fden yl\u00admy de\u00adre\u00adj\u00e4 e\u00fde bol\u00ad\u00fdar. Ngu\u00fden Fu \u00c7ong W\u00fdet\u00adna\u00admy\u0148 h\u00e4\u00adzir\u00adki za\u00adman ta\u00adry\u00adhyn\u00adda \u015fol bir wag\u00adty\u0148 \u00f6z\u00fcn\u00adde \u00fdo\u00adka\u00adry par\u00adti\u00ad\u00fda \u00fdol\u00adba\u015f\u00ad\u00e7y\u00adsy\u00adny\u0148 we\u00adzi\u00adpe\u00adsi\u00adni \u00fde\u00adri\u00adne \u00fde\u00adtir\u00ad\u00fd\u00e4n Pre\u00adzi\u00addent bol\u00addy. \u00ddur\u00addu\u0148 il\u00adkin\u00adji Pre\u00adzi\u00adden\u00adti Ho \u015ei Min (1890-1969) hem par\u00adti\u00ad\u00fda\u00adny\u0148 ba\u015f sek\u00adre\u00adta\u00adry hem-de \u00fdur\u00addu\u0148 Pre\u00adzi\u00adden\u00adti we\u00adzi\u00adpe\u00adsi\u00adni \u00fde\u00adri\u00adne \u00fde\u00adti\u00adrip\u00addi.<\/p>\n","protected":false},"excerpt":{"rendered":"<p>W\u00fdet\u00adna\u00admy\u0148 Par\u00adla\u00admen\u00adti Mer\u00adke\u00adzi ko\u00admi\u00adte\u00adti\u0148 do\u00adlan\u00addy\u00adry\u00adjy Kom\u00admu\u00adnis\u00adtik par\u00adti\u00ad\u00fda\u00adsy\u00adny\u0148 ba\u015f sek\u00adre\u00adta\u00adry Ngu\u00ad\u00fden Fu \u00c7on\u00adgy \u00fdur\u00addu\u0148 t\u00e4\u00adze Pre\u00adzi\u00addent\u00adli\u00adgi\u00adne sa\u00fd\u00adla\u00addy. Onu\u0148 da\u00adla\u015f\u00adg\u00e4r\u00adli\u00adgi\u00adne Res\u00adpub\u00adli\u00adka\u00adny\u0148 Esa\u00adsy Ka\u00adnu\u00adny\u00adna la\u00ad\u00fdyk\u00adlyk\u00adda, h\u00e4\u00adki\u00admi\u00ad\u00fde\u00adti\u0148 i\u0148 \u00fdo\u00adka\u00adry or\u00adga\u00adny bo\u00adlan Par\u00adla\u00admen\u00adti\u0148 de\u00adpu\u00adtat\u00adla\u00adry ses ber\u00addi\u00adler. 21-nji sent\u00ad\u00fdabr\u00adda Pre\u00adzi\u00addent \u00c7an Da\u00fd Ku\u00adan\u00adgy\u0148 ara\u00addan \u00e7yk\u00adma\u00adgy ze\u00adrar\u00adly D\u00f6w\u00adlet ba\u015f\u00adtu\u00adta\u00adny\u00adny\u0148 we\u00adzi\u00adpe\u00adsi bo\u015f ga\u00adlyp\u00addy. \u00c7an Da\u00fd Kuang 2016-njy \u00fdyl\u00addan 2021-nji \u00fdy\u00adla \u00e7en\u00adli bu we\u00adzi\u00adp\u00e4 [&hellip;]<\/p>\n","protected":false},"author":1,"featured_media":18498,"comment_status":"open","ping_status":"closed","sticky":false,"template":"","format":"standard","meta":{"footnotes":""},"categories":[5],"tags":[],"acf":[],"_links":{"self":[{"href":"https:\/\/zamanturkmenistan.com.tm\/index.php?rest_route=\/wp\/v2\/posts\/18497"}],"collection":[{"href":"https:\/\/zamanturkmenistan.com.tm\/index.php?rest_route=\/wp\/v2\/posts"}],"about":[{"href":"https:\/\/zamanturkmenistan.com.tm\/index.php?rest_route=\/wp\/v2\/types\/post"}],"author":[{"embeddable":true,"href":"https:\/\/zamanturkmenistan.com.tm\/index.php?rest_route=\/wp\/v2\/users\/1"}],"replies":[{"embeddable":true,"href":"https:\/\/zamanturkmenistan.com.tm\/index.php?rest_route=%2Fwp%2Fv2%2Fcomments&post=18497"}],"version-history":[{"count":0,"href":"https:\/\/zamanturkmenistan.com.tm\/index.php?rest_route=\/wp\/v2\/posts\/18497\/revisions"}],"wp:featuredmedia":[{"embeddable":true,"href":"https:\/\/zamanturkmenistan.com.tm\/index.php?rest_route=\/wp\/v2\/media\/18498"}],"wp:attachment":[{"href":"https:\/\/zamanturkmenistan.com.tm\/index.php?rest_route=%2Fwp%2Fv2%2Fmedia&parent=18497"}],"wp:term":[{"taxonomy":"category","embeddable":true,"href":"https:\/\/zamanturkmenistan.com.tm\/index.php?rest_route=%2Fwp%2Fv2%2Fcategories&post=18497"},{"taxonomy":"post_tag","embeddable":true,"href":"https:\/\/zamanturkmenistan.com.tm\/index.php?rest_route=%2Fwp%2Fv2%2Ftags&post=18497"}],"curies":[{"name":"wp","href":"https:\/\/api.w.org\/{rel}","templated":true}]}}