{"id":18530,"date":"2018-11-03T10:31:21","date_gmt":"2018-11-03T05:31:21","guid":{"rendered":"http:\/\/zamanturkmenistan.com\/?p=18530"},"modified":"2018-11-03T10:31:21","modified_gmt":"2018-11-03T05:31:21","slug":"he%c2%admin%c2%adgue%c2%adyin-he%c2%adka%c2%adya%c2%adla%c2%adry-ne%c2%adsir-edi%c2%adler","status":"publish","type":"post","link":"https:\/\/zamanturkmenistan.com.tm\/?p=18530","title":{"rendered":"He\u00admin\u00adgue\u00ad\u00fdi\u0148 he\u00adka\u00ad\u00fda\u00adla\u00adry ne\u00ad\u015fir edi\u00adler"},"content":{"rendered":"<p>Er\u00adnest He\u00admin\u00adgue\u00ad\u00fdi\u0148 1950-nji \u00fdyl\u00adlar\u00adda \u00fda\u00adzan we ozal ne\u00ad\u015fir edil\u00adme\u00addik iki he\u00adka\u00ad\u00fda\u00adsy 2019-njy \u00fdy\u00adly\u0148 tom\u00adsun\u00adda ne\u00ad\u015fir edi\u00adler. \u00dda\u00adzy\u00adjy\u00adny\u0148 ede\u00adbi mi\u00adra\u00adsy\u00adna \u00fdol\u00adba\u015f\u00ad\u00e7y\u00adlyk ed\u00ad\u00fd\u00e4n Ma\u00fdkl Ka\u00adta\u00adki\u00adsi\u0148 a\u00fdt\u00adma\u00adgy\u00adna g\u00f6\u00adr\u00e4, \u201cIn\u00adde\u00fd\u00adle\u00adri\u0148 \u00fdur\u00addy we ak\u00adla\u00adry\u0148 \u00fdy\u00adgy\u00adny\u201d hem-de \u201c\u00dda\u00addy\u00adg\u00e4r\u00adlik\u201d di\u00ad\u00fden he\u00adka\u00ad\u00fda\u00adla\u00adry ga\u00fd\u00adta\u00addan ne\u00ad\u015fir edil\u00adjek \u201cJa\u0148 ki\u00adme ka\u00adkyl\u00ad\u00fdar\u201d ro\u00adma\u00adny\u00adny\u0148 \u00fcs\u00adt\u00fc\u00adni dol\u00addu\u00adrar. Mun\u00addan ba\u015f\u00adga-da, ne\u00ad\u015fi\u00adre \u00fda\u00adzy\u00adjy\u00adny\u0148 go\u00adla\u00fd\u00adda \u201cStrand Ma\u00adga\u00adzi\u00adne\u201d \u017eur\u00adna\u00adlyn\u00adda \u00e7ap edi\u00adlen ozal n\u00e4\u00adbel\u00adli bo\u00adlan \u201cBag ta\u00adrap\u00adda\u00adky otag\u201d at\u00adly he\u00adka\u00ad\u00fda\u00adsy\u00adny gi\u00adri\u00adzmek g\u00f6z \u00f6\u0148\u00fcn\u00adde tu\u00adtul\u00ad\u00fdar.<br \/>\n1956-njy \u00fdyl\u00adda He\u00admin\u00adgu\u00ade\u00fd \u00f6z\u00fc\u00adni\u0148 ha\u00adbar\u00ad\u00e7y h\u00f6k\u00adm\u00fcn\u00adde Ikin\u00adji ja\u00adhan ur\u00ad\u015fu\u00adna gat\u00adna\u00ad\u015fy\u00ad\u015fy ba\u00adra\u00adda b\u00e4\u015f he\u00adka\u00ad\u00fda \u00fda\u00adzyp\u00addyr. A\u00fd\u00addy\u015f\u00adla\u00adry\u00adna g\u00f6\u00adr\u00e4, \u00fda\u00adzy\u00adjy \u00f6z ne\u00ad\u015fir\u00ad\u00fdat\u00ad\u00e7y\u00adsy \u00c7arlz Skrib\u00adner\u00adden bu he\u00adka\u00ad\u00fda\u00adla\u00adry di\u00ad\u0148e d\u00fcn\u00ad\u00fd\u00e4\u00adsi\u00adni t\u00e4\u00adze\u00adl\u00e4n\u00adden so\u0148\u00adra \u00e7ap edil\u00adme\u00adgi\u00adni ha\u00ad\u00fdy\u015f edip\u00addir. Bu he\u00adka\u00ad\u00fda\u00adla\u00adry\u0148 bi\u00adri \u201c\u00c7at\u00adryk\u00adda\u00adky ga\u00adra e\u015fek\u201d bir\u00adn\u00e4\u00ad\u00e7e \u00fdyl mun\u00addan ozal ne\u00ad\u015fir edil\u00addi. Em\u00adma He\u00admin\u00adgue\u00ad\u00fdi\u0148 bu heka\u00fdalaryny\u0148 dolulygyna ha\u00ad\u00e7an ne\u00ad\u015fir edil\u00adjek\u00addi\u00adgi h\u00e4\u00adzir\u00adlik\u00ad\u00e7e m\u00e4\u00adlim edil\u00adme\u00ad\u00fd\u00e4r.<br \/>\nEr\u00adnest He\u00admin\u00adgu\u00ade\u00fd (1899-1961) ki\u00adtap\u00adla\u00adry k\u00f6p dil\u00adle\u00adre ter\u00adji\u00adme edi\u00adlen XX asy\u00adry\u0148 me\u015f\u00adhur ame\u00adri\u00adkan \u00fda\u00adzy\u00adjy\u00adla\u00adry\u00adny\u0148 bi\u00adri\u00addir. Onu\u0148 i\u0148 me\u015f\u00adhur eser\u00adle\u00adri\u00adni\u0148 bi\u00adri hem \u201cGo\u00adja we de\u00ad\u0148iz\u201d at\u00adly ese\u00adri bo\u00adlup, bu po\u00adwes\u00adti \u00fc\u00e7in \u00fda\u00adzy\u00adja 1953-nji \u00fdyl\u00adda Pu\u00adlit\u00adzer ba\u00fd\u00adra\u00adgy, bir \u00fdyl so\u0148 bol\u00adsa, \u201cJa\u0148 ki\u00adme ka\u00adkyl\u00ad\u00fdar\u201d, \u201cHo\u015f gal, \u00fda\u00adrag!\u201d at\u00adly eser\u00adle\u00adri \u00fc\u00e7in No\u00adbe\u00adli\u0148 ede\u00adbi\u00ad\u00fdat bo\u00ad\u00fdun\u00ad\u00e7a ba\u00fd\u00adra\u00adgy gow\u00ad\u015fu\u00adryl\u00addy.<\/p>\n","protected":false},"excerpt":{"rendered":"<p>Er\u00adnest He\u00admin\u00adgue\u00ad\u00fdi\u0148 1950-nji \u00fdyl\u00adlar\u00adda \u00fda\u00adzan we ozal ne\u00ad\u015fir edil\u00adme\u00addik iki he\u00adka\u00ad\u00fda\u00adsy 2019-njy \u00fdy\u00adly\u0148 tom\u00adsun\u00adda ne\u00ad\u015fir edi\u00adler. \u00dda\u00adzy\u00adjy\u00adny\u0148 ede\u00adbi mi\u00adra\u00adsy\u00adna \u00fdol\u00adba\u015f\u00ad\u00e7y\u00adlyk ed\u00ad\u00fd\u00e4n Ma\u00fdkl Ka\u00adta\u00adki\u00adsi\u0148 a\u00fdt\u00adma\u00adgy\u00adna g\u00f6\u00adr\u00e4, \u201cIn\u00adde\u00fd\u00adle\u00adri\u0148 \u00fdur\u00addy we ak\u00adla\u00adry\u0148 \u00fdy\u00adgy\u00adny\u201d hem-de \u201c\u00dda\u00addy\u00adg\u00e4r\u00adlik\u201d di\u00ad\u00fden he\u00adka\u00ad\u00fda\u00adla\u00adry ga\u00fd\u00adta\u00addan ne\u00ad\u015fir edil\u00adjek \u201cJa\u0148 ki\u00adme ka\u00adkyl\u00ad\u00fdar\u201d ro\u00adma\u00adny\u00adny\u0148 \u00fcs\u00adt\u00fc\u00adni dol\u00addu\u00adrar. Mun\u00addan ba\u015f\u00adga-da, ne\u00ad\u015fi\u00adre \u00fda\u00adzy\u00adjy\u00adny\u0148 go\u00adla\u00fd\u00adda \u201cStrand Ma\u00adga\u00adzi\u00adne\u201d \u017eur\u00adna\u00adlyn\u00adda \u00e7ap edi\u00adlen ozal n\u00e4\u00adbel\u00adli [&hellip;]<\/p>\n","protected":false},"author":1,"featured_media":18531,"comment_status":"open","ping_status":"closed","sticky":false,"template":"","format":"standard","meta":{"footnotes":""},"categories":[11],"tags":[],"acf":[],"_links":{"self":[{"href":"https:\/\/zamanturkmenistan.com.tm\/index.php?rest_route=\/wp\/v2\/posts\/18530"}],"collection":[{"href":"https:\/\/zamanturkmenistan.com.tm\/index.php?rest_route=\/wp\/v2\/posts"}],"about":[{"href":"https:\/\/zamanturkmenistan.com.tm\/index.php?rest_route=\/wp\/v2\/types\/post"}],"author":[{"embeddable":true,"href":"https:\/\/zamanturkmenistan.com.tm\/index.php?rest_route=\/wp\/v2\/users\/1"}],"replies":[{"embeddable":true,"href":"https:\/\/zamanturkmenistan.com.tm\/index.php?rest_route=%2Fwp%2Fv2%2Fcomments&post=18530"}],"version-history":[{"count":0,"href":"https:\/\/zamanturkmenistan.com.tm\/index.php?rest_route=\/wp\/v2\/posts\/18530\/revisions"}],"wp:featuredmedia":[{"embeddable":true,"href":"https:\/\/zamanturkmenistan.com.tm\/index.php?rest_route=\/wp\/v2\/media\/18531"}],"wp:attachment":[{"href":"https:\/\/zamanturkmenistan.com.tm\/index.php?rest_route=%2Fwp%2Fv2%2Fmedia&parent=18530"}],"wp:term":[{"taxonomy":"category","embeddable":true,"href":"https:\/\/zamanturkmenistan.com.tm\/index.php?rest_route=%2Fwp%2Fv2%2Fcategories&post=18530"},{"taxonomy":"post_tag","embeddable":true,"href":"https:\/\/zamanturkmenistan.com.tm\/index.php?rest_route=%2Fwp%2Fv2%2Ftags&post=18530"}],"curies":[{"name":"wp","href":"https:\/\/api.w.org\/{rel}","templated":true}]}}