{"id":18745,"date":"2018-11-10T15:17:57","date_gmt":"2018-11-10T10:17:57","guid":{"rendered":"http:\/\/zamanturkmenistan.com\/?p=18745"},"modified":"2018-11-10T15:17:57","modified_gmt":"2018-11-10T10:17:57","slug":"f1-in-taze-duralgasy","status":"publish","type":"post","link":"https:\/\/zamanturkmenistan.com.tm\/?p=18745","title":{"rendered":"F1-i\u0148 t\u00e4ze duralgasy"},"content":{"rendered":"<p>For\u00admu\u00adla 1 bo\u00ad\u00fdun\u00ad\u00e7a ge\u00ad\u00e7i\u00adril\u00ad\u00fd\u00e4n D\u00fcn\u00ad\u00fd\u00e4 \u00e7em\u00adpio\u00adna\u00adty\u00adny\u0148 \u201cGran Pri\u00adle\u00adri\u00adni\u0148\u201d ha\u00adta\u00adry\u00adna 2020-nji \u00fdyl\u00addan ba\u015f\u00adlap W\u00fdet\u00adnam hem go\u00ad\u015fu\u00adlar. F1-i\u0148 hem-de W\u00fdet\u00adna\u00admy\u0148 de\u00adgi\u015f\u00adli \u00fdol\u00adba\u015f\u00ad\u00e7y\u00adla\u00adry\u00adny\u0148 ara\u00adsyn\u00adda ge\u00ad\u00e7i\u00adri\u00adlen gep\u00adle\u00ad\u015fik\u00adler\u00adden so\u0148, \u00fdur\u00addu\u0148 pa\u00fd\u00adtag\u00adty Ha\u00adno\u00fd\u00adda 2020-nji \u00fdyl\u00addan ba\u015flap, F1 b\u00e4s\u00adle\u00ad\u015fik\u00adle\u00adri\u00ad ka\u00adbul ediler. W\u00fdet\u00adnam il\u00adkin\u00adji ge\u00adzek F1 \u00fda\u00adry\u015f\u00adla\u00adry\u00adny gu\u00adrap, ol h\u00e4\u00adzir\u00adki wagt\u00adda Sin\u00adga\u00adpur, Hy\u00adta\u00fd we \u00dda\u00adpo\u00adni\u00ad\u00fda\u00addan so\u0148, For\u00admu\u00adla 1 \u201cGran Pri\u00adle\u00adri\u00adni\u0148\u201d ge\u00ad\u00e7i\u00adril\u00ad\u00fd\u00e4n 4-nji Azi\u00ad\u00fda \u00fdur\u00addy bo\u00adlar. Ga\u00adly\u00adber\u00adse-de, W\u00fdet\u00adnam\u00adda\u00adky \u00fda\u00adry\u015f Mo\u00adna\u00adko, Sin\u00adga\u00adpur we Azer\u00adba\u00fd\u00adjan \u201cGran Pri\u00adle\u00adrin\u00add\u00e4\u00adki\u201d \u00fda\u00adly \u015f\u00e4\u00adhe\u00adri\u0148 ada\u00adty k\u00f6\u00ad\u00e7e\u00adle\u00adrin\u00adde ge\u00ad\u00e7i\u00adri\u00adler.<\/p>\n","protected":false},"excerpt":{"rendered":"<p>For\u00admu\u00adla 1 bo\u00ad\u00fdun\u00ad\u00e7a ge\u00ad\u00e7i\u00adril\u00ad\u00fd\u00e4n D\u00fcn\u00ad\u00fd\u00e4 \u00e7em\u00adpio\u00adna\u00adty\u00adny\u0148 \u201cGran Pri\u00adle\u00adri\u00adni\u0148\u201d ha\u00adta\u00adry\u00adna 2020-nji \u00fdyl\u00addan ba\u015f\u00adlap W\u00fdet\u00adnam hem go\u00ad\u015fu\u00adlar. F1-i\u0148 hem-de W\u00fdet\u00adna\u00admy\u0148 de\u00adgi\u015f\u00adli \u00fdol\u00adba\u015f\u00ad\u00e7y\u00adla\u00adry\u00adny\u0148 ara\u00adsyn\u00adda ge\u00ad\u00e7i\u00adri\u00adlen gep\u00adle\u00ad\u015fik\u00adler\u00adden so\u0148, \u00fdur\u00addu\u0148 pa\u00fd\u00adtag\u00adty Ha\u00adno\u00fd\u00adda 2020-nji \u00fdyl\u00addan ba\u015flap, F1 b\u00e4s\u00adle\u00ad\u015fik\u00adle\u00adri\u00ad ka\u00adbul ediler. W\u00fdet\u00adnam il\u00adkin\u00adji ge\u00adzek F1 \u00fda\u00adry\u015f\u00adla\u00adry\u00adny gu\u00adrap, ol h\u00e4\u00adzir\u00adki wagt\u00adda Sin\u00adga\u00adpur, Hy\u00adta\u00fd we \u00dda\u00adpo\u00adni\u00ad\u00fda\u00addan so\u0148, For\u00admu\u00adla 1 \u201cGran Pri\u00adle\u00adri\u00adni\u0148\u201d ge\u00ad\u00e7i\u00adril\u00ad\u00fd\u00e4n 4-nji Azi\u00ad\u00fda [&hellip;]<\/p>\n","protected":false},"author":1,"featured_media":18746,"comment_status":"open","ping_status":"closed","sticky":false,"template":"","format":"standard","meta":{"footnotes":""},"categories":[13],"tags":[],"acf":[],"_links":{"self":[{"href":"https:\/\/zamanturkmenistan.com.tm\/index.php?rest_route=\/wp\/v2\/posts\/18745"}],"collection":[{"href":"https:\/\/zamanturkmenistan.com.tm\/index.php?rest_route=\/wp\/v2\/posts"}],"about":[{"href":"https:\/\/zamanturkmenistan.com.tm\/index.php?rest_route=\/wp\/v2\/types\/post"}],"author":[{"embeddable":true,"href":"https:\/\/zamanturkmenistan.com.tm\/index.php?rest_route=\/wp\/v2\/users\/1"}],"replies":[{"embeddable":true,"href":"https:\/\/zamanturkmenistan.com.tm\/index.php?rest_route=%2Fwp%2Fv2%2Fcomments&post=18745"}],"version-history":[{"count":0,"href":"https:\/\/zamanturkmenistan.com.tm\/index.php?rest_route=\/wp\/v2\/posts\/18745\/revisions"}],"wp:featuredmedia":[{"embeddable":true,"href":"https:\/\/zamanturkmenistan.com.tm\/index.php?rest_route=\/wp\/v2\/media\/18746"}],"wp:attachment":[{"href":"https:\/\/zamanturkmenistan.com.tm\/index.php?rest_route=%2Fwp%2Fv2%2Fmedia&parent=18745"}],"wp:term":[{"taxonomy":"category","embeddable":true,"href":"https:\/\/zamanturkmenistan.com.tm\/index.php?rest_route=%2Fwp%2Fv2%2Fcategories&post=18745"},{"taxonomy":"post_tag","embeddable":true,"href":"https:\/\/zamanturkmenistan.com.tm\/index.php?rest_route=%2Fwp%2Fv2%2Ftags&post=18745"}],"curies":[{"name":"wp","href":"https:\/\/api.w.org\/{rel}","templated":true}]}}