{"id":18993,"date":"2018-11-24T18:31:45","date_gmt":"2018-11-24T13:31:45","guid":{"rendered":"http:\/\/zamanturkmenistan.com\/?p=18993"},"modified":"2018-11-24T18:31:52","modified_gmt":"2018-11-24T13:31:52","slug":"turk-aky%c2%admy-turk-ke%c2%adna%c2%adry%c2%adna-yet%c2%addi","status":"publish","type":"post","link":"https:\/\/zamanturkmenistan.com.tm\/?p=18993","title":{"rendered":"\u201cT\u00fcrk aky\u00admy\u201d t\u00fcrk ke\u00adna\u00adry\u00adna \u00fdet\u00addi"},"content":{"rendered":"<p>19-njy no\u00ad\u00fdabr\u00adda Stam\u00adbul\u00adda \u201cT\u00fcrk aky\u00admy\u201d gaz ge\u00ad\u00e7i\u00adri\u00adji\u00adsi\u00adni\u0148 de\u00ad\u0148iz b\u00f6\u00adle\u00adgi\u00adni\u0148 gur\u00adlu\u00ad\u015fy\u00adgy\u00adny\u0148 ta\u00admam\u00adlan\u00adma\u00adgy\u00adna ba\u00adgy\u015f\u00adla\u00adnan da\u00adba\u00adra T\u00fcr\u00adki\u00ad\u00fd\u00e4\u00adni\u0148 Pre\u00adzi\u00adden\u00adti Re\u00adjep Ta\u00ad\u00fdyp \u00c4r\u00addo\u00adgan we Rus\u00adsi\u00ad\u00fda\u00adny\u0148 Pre\u00adzi\u00adden\u00adti Wla\u00addi\u00admir Pu\u00adtin gat\u00adna\u015f\u00addy\u00ad. Da\u00adba\u00adra\u00adda iki \u00fdur\u00addu\u0148 Pre\u00adzi\u00addent\u00adle\u00adri wi\u00addeo \u015fe\u00adkil\u00adli ara\u00adgat\u00adna\u00ad\u015fyk ar\u00adka\u00adly tur\u00adba ge\u00ad\u00e7i\u00adri\u00adji\u00adni\u0148 i\u0148 so\u0148\u00adky b\u00f6\u00adlegini d\u00fc\u00ad\u015fe\u00adm\u00e4\u00adge yg\u00adty\u00ad\u00fdar ber\u00addi\u00adler. \u201cGazp\u00adrom\u201d kom\u00adpa\u00adni\u00ad\u00fda\u00adsy\u00adny\u0148 ba\u015f\u00adly\u00adgy Alek\u00adse\u00fd Mil\u00adler de\u0148\u00adzi\u0148 a\u015fagyndan tur\u00adba d\u00fc\u00ad\u015fe\u00adm\u00e4\u00adge ni\u00ad\u00fdet\u00adle\u00adnen \u201cPio\u00adnee\u00adring Spi\u00adrit\u201d g\u00e4\u00admi\u00adsi\u00adni\u0148 bor\u00adtun\u00addan ta\u00adry\u00adhy pur\u00adsat\u00adla\u00adra \u015fa\u00ad\u00fdat bol\u00addy.<br \/>\n\u201cPio\u00adnee\u00adring Spi\u00adrit\u201d g\u00e4\u00admi\u00adsi bir gi\u00adje-g\u00fcn\u00addiz\u00adde 4,3 ki\u00adlo\u00admet\u00adre \u00e7en\u00adli tur\u00adba \u00e7ek\u00adm\u00e4\u00adge ukyp\u00adly\u00addyr. \u015ee\u00fd\u00adle\u00adlik\u00adde, 930 ki\u00adlo\u00admet\u00adre uza\u00ad\u00fdan tur\u00adba Ga\u00adra de\u0148\u00adzi\u0148 2200 metr as\u00adtyn\u00addan \u00e7e\u00adkil\u00addi. \u201cGazp\u00adrom\u201d bu gaz ge\u00ad\u00e7i\u00adri\u00adji\u00adni\u0148 de\u00ad\u0148iz b\u00f6\u00adle\u00adgi\u00adni\u0148 gur\u00adlu\u00ad\u015fy\u00adgy\u00adna 2017-nji \u00fdy\u00adly\u0148 ma\u00ad\u00fdyn\u00adda ba\u015f\u00adlapdy. Kuw\u00adwat\u00adly\u00adly\u00adgy \u00fdyl\u00adda 31,5 mil\u00adliard kub\u00admet\u00adre ba\u00adra\u00adbar bo\u00adlan \u201cT\u00fcrk aky\u00admy\u00adny\u0148\u201d iki \u015fa\u00adha\u00adsy Rus\u00adsi\u00ad\u00fda\u00adny\u0148 Kras\u00adno\u00addar \u00fcl\u00adke\u00adsi\u00adni\u0148 Ana\u00adpa \u015f\u00e4herini\u0148 gola\u00fdyndan ugur alyp, de\u0148\u00adzi\u0148 as\u00adty bi\u00adlen T\u00fcr\u00adki\u00ad\u00fd\u00e4\u00adni\u0148 \u00ddew\u00adro\u00adpa b\u00f6\u00adlegi\u00adni\u0148 ke\u00adnar\u00adla\u00adry\u00adna \u00e7en\u00adli ba\u00adryp \u00fdet\u00ad\u00fd\u00e4r. So\u0148\u00adra ol Gre\u00adsi\u00ad\u00fdany\u0148 \u00fcsti bi\u00adlen \u00ddew\u00adro\u00adpa \u00fdurt\u00adla\u00adry\u00adna ak\u00addy\u00adry\u00adlyp bil\u00adner. Gaz ge\u00e7irijiden il\u00adkin\u00adji ga\u00adz 2019-njy \u00fdy\u00adly\u0148 ahy\u00adryn\u00adda akdyrylyp ba\u015flanar.<\/p>\n","protected":false},"excerpt":{"rendered":"<p>19-njy no\u00ad\u00fdabr\u00adda Stam\u00adbul\u00adda \u201cT\u00fcrk aky\u00admy\u201d gaz ge\u00ad\u00e7i\u00adri\u00adji\u00adsi\u00adni\u0148 de\u00ad\u0148iz b\u00f6\u00adle\u00adgi\u00adni\u0148 gur\u00adlu\u00ad\u015fy\u00adgy\u00adny\u0148 ta\u00admam\u00adlan\u00adma\u00adgy\u00adna ba\u00adgy\u015f\u00adla\u00adnan da\u00adba\u00adra T\u00fcr\u00adki\u00ad\u00fd\u00e4\u00adni\u0148 Pre\u00adzi\u00adden\u00adti Re\u00adjep Ta\u00ad\u00fdyp \u00c4r\u00addo\u00adgan we Rus\u00adsi\u00ad\u00fda\u00adny\u0148 Pre\u00adzi\u00adden\u00adti Wla\u00addi\u00admir Pu\u00adtin gat\u00adna\u015f\u00addy\u00ad. Da\u00adba\u00adra\u00adda iki \u00fdur\u00addu\u0148 Pre\u00adzi\u00addent\u00adle\u00adri wi\u00addeo \u015fe\u00adkil\u00adli ara\u00adgat\u00adna\u00ad\u015fyk ar\u00adka\u00adly tur\u00adba ge\u00ad\u00e7i\u00adri\u00adji\u00adni\u0148 i\u0148 so\u0148\u00adky b\u00f6\u00adlegini d\u00fc\u00ad\u015fe\u00adm\u00e4\u00adge yg\u00adty\u00ad\u00fdar ber\u00addi\u00adler. \u201cGazp\u00adrom\u201d kom\u00adpa\u00adni\u00ad\u00fda\u00adsy\u00adny\u0148 ba\u015f\u00adly\u00adgy Alek\u00adse\u00fd Mil\u00adler de\u0148\u00adzi\u0148 a\u015fagyndan tur\u00adba d\u00fc\u00ad\u015fe\u00adm\u00e4\u00adge ni\u00ad\u00fdet\u00adle\u00adnen \u201cPio\u00adnee\u00adring Spi\u00adrit\u201d g\u00e4\u00admi\u00adsi\u00adni\u0148 bor\u00adtun\u00addan ta\u00adry\u00adhy [&hellip;]<\/p>\n","protected":false},"author":1,"featured_media":18994,"comment_status":"open","ping_status":"closed","sticky":false,"template":"","format":"standard","meta":{"footnotes":""},"categories":[5],"tags":[],"acf":[],"_links":{"self":[{"href":"https:\/\/zamanturkmenistan.com.tm\/index.php?rest_route=\/wp\/v2\/posts\/18993"}],"collection":[{"href":"https:\/\/zamanturkmenistan.com.tm\/index.php?rest_route=\/wp\/v2\/posts"}],"about":[{"href":"https:\/\/zamanturkmenistan.com.tm\/index.php?rest_route=\/wp\/v2\/types\/post"}],"author":[{"embeddable":true,"href":"https:\/\/zamanturkmenistan.com.tm\/index.php?rest_route=\/wp\/v2\/users\/1"}],"replies":[{"embeddable":true,"href":"https:\/\/zamanturkmenistan.com.tm\/index.php?rest_route=%2Fwp%2Fv2%2Fcomments&post=18993"}],"version-history":[{"count":0,"href":"https:\/\/zamanturkmenistan.com.tm\/index.php?rest_route=\/wp\/v2\/posts\/18993\/revisions"}],"wp:featuredmedia":[{"embeddable":true,"href":"https:\/\/zamanturkmenistan.com.tm\/index.php?rest_route=\/wp\/v2\/media\/18994"}],"wp:attachment":[{"href":"https:\/\/zamanturkmenistan.com.tm\/index.php?rest_route=%2Fwp%2Fv2%2Fmedia&parent=18993"}],"wp:term":[{"taxonomy":"category","embeddable":true,"href":"https:\/\/zamanturkmenistan.com.tm\/index.php?rest_route=%2Fwp%2Fv2%2Fcategories&post=18993"},{"taxonomy":"post_tag","embeddable":true,"href":"https:\/\/zamanturkmenistan.com.tm\/index.php?rest_route=%2Fwp%2Fv2%2Ftags&post=18993"}],"curies":[{"name":"wp","href":"https:\/\/api.w.org\/{rel}","templated":true}]}}