{"id":19005,"date":"2018-11-24T18:36:07","date_gmt":"2018-11-24T13:36:07","guid":{"rendered":"http:\/\/zamanturkmenistan.com\/?p=19005"},"modified":"2018-11-24T18:36:07","modified_gmt":"2018-11-24T13:36:07","slug":"ya%c2%adpo%c2%adni%c2%adya%c2%adnyn-ta%c2%adze-im%c2%adpe%c2%adra%c2%adto%c2%adry","status":"publish","type":"post","link":"https:\/\/zamanturkmenistan.com.tm\/?p=19005","title":{"rendered":"\u00dda\u00adpo\u00adni\u00ad\u00fda\u00adny\u0148 t\u00e4\u00adze im\u00adpe\u00adra\u00adto\u00adry"},"content":{"rendered":"<p>\u00dda\u00adpo\u00adni\u00ad\u00fda\u00adny\u0148 h\u00f6\u00adk\u00fc\u00adme\u00adti 2019-njy \u00fdy\u00adly\u0148 1-nji ma\u00ad\u00fdy\u00adny Mil\u00adli ba\u00fd\u00adram\u00ad\u00e7y\u00adlyk g\u00fc\u00adni di\u00ad\u00fdip yg\u00adlan et\u00admek ba\u00adra\u00adda\u00adky ka\u00adnu\u00adny tas\u00adla\u00adma\u00adny tas\u00adsyk\u00adla\u00addy. \u015eol g\u00fcn h\u00e4\u00adzir\u00adki mi\u00adras\u00add\u00fc\u00ad\u015fer \u015fa\u00adza\u00adda Na\u00adru\u00adhi\u00adto \u00fdur\u00addu\u0148 t\u00e4\u00adze im\u00adpe\u00adra\u00adto\u00adry bo\u00adlar. Gel\u00adjek \u00fdy\u00adly\u0148 22-nji okt\u00ad\u00fdab\u00adry hem \u015fe\u00fd\u00adle de\u00adre\u00adj\u00e4 e\u00fde bo\u00adlup, \u015fol g\u00fcn k\u00f6\u015fk\u00adde t\u00e4\u00adze mo\u00adnar\u00adhy\u0148 tag\u00adta \u00e7yk\u00adma\u00adgy my\u00adna\u00adsy\u00adbet\u00adli da\u00adba\u00adra ge\u00ad\u00e7i\u00adri\u00adler. Bu ka\u00adnu\u00adn tas\u00adla\u00adma\u00adsy \u00fdur\u00addu\u0148 Par\u00adla\u00admen\u00adtin\u00adde ka\u00adbul edi\u00adlen\u00adden so\u0148\u00adra, \u00dda\u00adpo\u00adni\u00ad\u00fda\u00adny\u0148 \u00fda\u00ad\u015fa\u00fd\u00adjy\u00adla\u00adry 10 g\u00fcn dyn\u00e7 alar\u00adlar. \u015ee\u00fd\u00adle hem, bu ba\u00fd\u00adram\u00ad\u00e7y\u00adlyk\u00adla\u00adry\u0148 di\u00ad\u0148e 2019-njy \u00fdy\u00adly\u0148 1-nji ma\u00ad\u00fdyn\u00ada we 22-nji okt\u00ad\u00fdab\u00adryn\u00ada de\u00adgi\u015f\u00adli\u00addi\u00adgi ha\u00adbar be\u00adril\u00ad\u00fd\u00e4r.<br \/>\n<img decoding=\"async\" loading=\"lazy\" class=\"alignleft size-medium wp-image-19008\" src=\"http:\/\/zamanturkmenistan.com\/wp-content\/uploads\/2018\/11\/02_akihito_imperor_Posta-Magazine-300x200.jpg\" alt=\"\" width=\"300\" height=\"200\" srcset=\"https:\/\/zamanturkmenistan.com.tm\/wp-content\/uploads\/2018\/11\/02_akihito_imperor_Posta-Magazine-300x200.jpg 300w, https:\/\/zamanturkmenistan.com.tm\/wp-content\/uploads\/2018\/11\/02_akihito_imperor_Posta-Magazine.jpg 500w\" sizes=\"(max-width: 300px) 100vw, 300px\" \/>\u00dda\u00adpo\u00adni\u00ad\u00fda\u00adny\u0148 h\u00e4\u00adzir\u00adki im\u00adpe\u00adra\u00adto\u00adry 84 \u00fda\u015f\u00adly Aki\u00adhi\u00adto \u00fda\u00ad\u015fy\u00adny\u0148 bir \u00e7e\u00adne ba\u00adran\u00adly\u00adgy se\u00adb\u00e4p\u00adli, dyn\u00e7 al\u00ad\u015fa \u00e7yk\u00admak\u00ad\u00e7y\u00addy\u00adgy\u00adny m\u00e4\u00adlim edip\u00addi. Mil\u00adli ka\u00adda-ka\u00adnun\u00adlar mo\u00adnar\u00adhy\u0148 \u00f6m\u00fcr\u00adlik tagt\u00adda gal\u00adma\u00adly\u00addy\u00adgy\u00adny tas\u00adsyk\u00adla\u00ad\u00fdar, em\u00adma Aki\u00adhi\u00adto\u00adny\u0148 ha\u00ad\u00fdy\u00ad\u015fy ka\u00adda\u00addan \u00e7yk\u00adma h\u00f6k\u00adm\u00fcn\u00adde ka\u00adbul edil\u00addi. \u015ee\u00fd\u00adle\u00adlik\u00adde, ol gel\u00adjek \u00fdy\u00adly\u0148 30-njy ap\u00adre\u00adlin\u00adde tagt\u00addan gi\u00addip, onu\u0148 \u00fde\u00adri\u00adne 58 \u00fda\u015f\u00adly uly og\u00adly Na\u00adru\u00adhi\u00adto im\u00adpe\u00adra\u00adtor bo\u00adlar.<br \/>\nMi\u00adras\u00add\u00fc\u00ad\u015fer \u015fa\u00adza\u00adda Na\u00adru\u00adhi\u00adto 1960-njy \u00fdy\u00adly\u0148 23-nji few\u00adra\u00adlyn\u00adda To\u00adkio\u00adda d\u00fcn\u00ad\u00fd\u00e4 in\u00ad\u00fd\u00e4r. \u015ea\u00adza\u00adda \u00e7a\u00adga\u00adly\u00adgyn\u00addan a\u00fd\u00addym-saz, ten\u00adnis, da\u00adga dyr\u00adma\u015f\u00admak, at m\u00fcn\u00admek we be\u00fds\u00adbol bi\u00adlen gy\u00adzyk\u00adlan\u00ad\u00fdar. Ol 1983-86-njy \u00fdyl\u00adlar ara\u00adly\u00adgyn\u00adda Oks\u00adford uni\u00adwer\u00adsi\u00adte\u00adti\u00adni\u0148 \u00fda\u00adnyn\u00adda\u00adky Mer\u00adton kol\u00adle\u00adjin\u00adde oka\u00ad\u00fdar. 1988-nji \u00fdyl\u00adda Ga\u00adkus\u00ad\u00fdu\u00adin uni\u00adwer\u00adsi\u00adte\u00adtin\u00adde ta\u00adryh ylym\u00adla\u00adry\u00adny\u0148 ma\u00adgist\u00adri di\u00ad\u00fden yl\u00admy de\u00adre\u00adj\u00e4 e\u00fde bol\u00ad\u00fdar. Na\u00adru\u00adhi\u00adto suw ekoul\u00adga\u00admy\u00adny\u0148 me\u00adse\u00adle\u00adle\u00adri\u00adne a\u00fd\u00adra\u00adtyn \u00fcns be\u00adrip, bu te\u00adma bo\u00ad\u00fdun\u00ad\u00e7a \u00fda\u00adzan yl\u00admy ma\u00adka\u00adla\u00adla\u00adry bi\u00adlen ta\u00adnal\u00ad\u00fdar. 1993-nji \u00fdyl\u00adda mi\u00adras\u00add\u00fc\u00ad\u015fer \u015fa\u00adza\u00adda ozal\u00adky dip\u00adlo\u00admat, BMG-ni\u0148 Hal\u00adka\u00adra ka\u00adzy\u00ad\u00fde\u00adti\u00adni\u0148 ba\u015f\u00adly\u00adgy\u00adny\u0148 gy\u00adzy Ma\u00adsa\u00adko Owa\u00adda \u00f6\u00fd\u00adlen\u00ad\u00fd\u00e4r. Owa\u00adda \u00e7a\u00adga\u00adly\u00adgy\u00adny Mosk\u00adwa\u00adda ge\u00ad\u00e7i\u00adrip, Be\u00ad\u00fdik Bri\u00adta\u00adni\u00ad\u00fda\u00adda we AB\u015e-da bi\u00adlim al\u00ad\u00fdar. 2001-nji \u00fdyl\u00adda ola\u00adry\u0148 gy\u00adzy A\u00fd\u00adko d\u00fcn\u00ad\u00fd\u00e4 in\u00ad\u00fd\u00e4r.<br \/>\n\u015ee\u00fd\u00adle\u00adlik\u00adde, 2019-njy \u00fdy\u00adly\u0148 1-nji ma\u00ad\u00fdyn\u00adda Na\u00adru\u00adhi\u00adto \u00dda\u00adpo\u00adni\u00ad\u00fda\u00adny\u0148 126-njy im\u00adpe\u00adra\u00adto\u00adry bo\u00adlar.<\/p>\n","protected":false},"excerpt":{"rendered":"<p>\u00dda\u00adpo\u00adni\u00ad\u00fda\u00adny\u0148 h\u00f6\u00adk\u00fc\u00adme\u00adti 2019-njy \u00fdy\u00adly\u0148 1-nji ma\u00ad\u00fdy\u00adny Mil\u00adli ba\u00fd\u00adram\u00ad\u00e7y\u00adlyk g\u00fc\u00adni di\u00ad\u00fdip yg\u00adlan et\u00admek ba\u00adra\u00adda\u00adky ka\u00adnu\u00adny tas\u00adla\u00adma\u00adny tas\u00adsyk\u00adla\u00addy. \u015eol g\u00fcn h\u00e4\u00adzir\u00adki mi\u00adras\u00add\u00fc\u00ad\u015fer \u015fa\u00adza\u00adda Na\u00adru\u00adhi\u00adto \u00fdur\u00addu\u0148 t\u00e4\u00adze im\u00adpe\u00adra\u00adto\u00adry bo\u00adlar. Gel\u00adjek \u00fdy\u00adly\u0148 22-nji okt\u00ad\u00fdab\u00adry hem \u015fe\u00fd\u00adle de\u00adre\u00adj\u00e4 e\u00fde bo\u00adlup, \u015fol g\u00fcn k\u00f6\u015fk\u00adde t\u00e4\u00adze mo\u00adnar\u00adhy\u0148 tag\u00adta \u00e7yk\u00adma\u00adgy my\u00adna\u00adsy\u00adbet\u00adli da\u00adba\u00adra ge\u00ad\u00e7i\u00adri\u00adler. Bu ka\u00adnu\u00adn tas\u00adla\u00adma\u00adsy \u00fdur\u00addu\u0148 Par\u00adla\u00admen\u00adtin\u00adde ka\u00adbul edi\u00adlen\u00adden so\u0148\u00adra, \u00dda\u00adpo\u00adni\u00ad\u00fda\u00adny\u0148 \u00fda\u00ad\u015fa\u00fd\u00adjy\u00adla\u00adry [&hellip;]<\/p>\n","protected":false},"author":1,"featured_media":19007,"comment_status":"open","ping_status":"closed","sticky":false,"template":"","format":"standard","meta":{"footnotes":""},"categories":[5],"tags":[],"acf":[],"_links":{"self":[{"href":"https:\/\/zamanturkmenistan.com.tm\/index.php?rest_route=\/wp\/v2\/posts\/19005"}],"collection":[{"href":"https:\/\/zamanturkmenistan.com.tm\/index.php?rest_route=\/wp\/v2\/posts"}],"about":[{"href":"https:\/\/zamanturkmenistan.com.tm\/index.php?rest_route=\/wp\/v2\/types\/post"}],"author":[{"embeddable":true,"href":"https:\/\/zamanturkmenistan.com.tm\/index.php?rest_route=\/wp\/v2\/users\/1"}],"replies":[{"embeddable":true,"href":"https:\/\/zamanturkmenistan.com.tm\/index.php?rest_route=%2Fwp%2Fv2%2Fcomments&post=19005"}],"version-history":[{"count":0,"href":"https:\/\/zamanturkmenistan.com.tm\/index.php?rest_route=\/wp\/v2\/posts\/19005\/revisions"}],"wp:featuredmedia":[{"embeddable":true,"href":"https:\/\/zamanturkmenistan.com.tm\/index.php?rest_route=\/wp\/v2\/media\/19007"}],"wp:attachment":[{"href":"https:\/\/zamanturkmenistan.com.tm\/index.php?rest_route=%2Fwp%2Fv2%2Fmedia&parent=19005"}],"wp:term":[{"taxonomy":"category","embeddable":true,"href":"https:\/\/zamanturkmenistan.com.tm\/index.php?rest_route=%2Fwp%2Fv2%2Fcategories&post=19005"},{"taxonomy":"post_tag","embeddable":true,"href":"https:\/\/zamanturkmenistan.com.tm\/index.php?rest_route=%2Fwp%2Fv2%2Ftags&post=19005"}],"curies":[{"name":"wp","href":"https:\/\/api.w.org\/{rel}","templated":true}]}}