{"id":20333,"date":"2019-03-13T19:36:32","date_gmt":"2019-03-13T14:36:32","guid":{"rendered":"http:\/\/zamanturkmenistan.com\/?p=20333"},"modified":"2019-03-13T19:36:32","modified_gmt":"2019-03-13T14:36:32","slug":"kos%c2%adta-we%c2%adne%c2%adsi%c2%adya-yo%c2%adla-dus%c2%addi","status":"publish","type":"post","link":"https:\/\/zamanturkmenistan.com.tm\/?p=20333","title":{"rendered":"Kos\u00adta We\u00adne\u00adsi\u00ad\u00fda \u00fdo\u00adla d\u00fc\u015f\u00addi"},"content":{"rendered":"<p>De\u00ad\u0148iz\u00adde sy\u00ad\u00fda\u00adhat et\u00adm\u00e4\u00adge ni\u00ad\u00fdet\u00adle\u00adnen \u00e4girt \u201cKos\u00adta We\u00adne\u00adsi\u00ad\u00fda\u201d (Cos\u00adta Vene\u00adzia) g\u00e4\u00admi\u00adsi Ita\u00adli\u00ad\u00fda\u00adda su\u00adwa go\u00fd\u00adbe\u00adril\u00addi. Ag\u00adra\u00admy 135 m\u00fc\u0148 ton\u00adna we uzyn\u00adly\u00adgy 300 metr\u00adden gow\u00adrak bo\u00adlan k\u00f6p pa\u00adlu\u00adba\u00adly g\u00e4\u00admi, esa\u00adsan, Hy\u00adta\u00fd ba\u00adza\u00adry \u00fc\u00e7in ni\u00ad\u00fdet\u00adle\u00adnen\u00addir. Onu\u0148 ady hem \u00fd\u00f6\u00adne \u00fde\u00adre sa\u00fd\u00adlan\u00adman\u00addyr, \u00e7\u00fcn\u00adki Kos\u00adta We\u00adne\u00adsi\u00ad\u00fda\u00adny\u0148 in\u00adter\u00ad\u00fde\u00adri tu\u00adtu\u015f\u00adly\u00adgy\u00adna di\u00ad\u00fden \u00fda\u00adly ga\u00addy\u00admy ital\u00ad\u00fdan \u015f\u00e4\u00adhe\u00adri\u00adni \u00fda\u00addy\u00ad\u0148a sal\u00ad\u00fdar. G\u00e4\u00admi\u00add\u00e4\u00adki kon\u00adsert za\u00adly\u00adny\u0148 in\u00adter\u00ad\u00fde\u00adri \u201cLa Fe\u00adni\u00ad\u00e7e\u201d te\u00adat\u00adryn\u00addan yl\u00adham al\u00adnyp d\u00f6\u00adre\u00addi\u00adlip\u00addir. Za\u00adly\u0148 ug\u00adry We\u00adne\u00adsi\u00ad\u00fda\u00adny\u0148 k\u00f6\u00ad\u00e7e\u00adle\u00adri\u00adni we al\u00adle\u00ad\u00fda\u00adla\u00adry\u00adny \u00fda\u00addy\u00ad\u0148a sal\u00ad\u00fdar. Ital\u00ad\u00fdan we hy\u00adta\u00fd tagamlary ta\u00fd\u00fdarlan\u00fdan res\u00adto\u00adran\u00adda we\u00adne\u00adsi\u00ad\u00fda\u00adly us\u00adsa\u00adlar ta\u00adra\u00adpyn\u00addan \u00fdasalan 10 metr\u00adlik ha\u00ad\u015fam\u00adla\u00adnan k\u00fc\u00adrek\u00adli ga\u00ad\u00fdyk go\u00fd\u00adlup\u00addyr.<\/p>\n","protected":false},"excerpt":{"rendered":"<p>De\u00ad\u0148iz\u00adde sy\u00ad\u00fda\u00adhat et\u00adm\u00e4\u00adge ni\u00ad\u00fdet\u00adle\u00adnen \u00e4girt \u201cKos\u00adta We\u00adne\u00adsi\u00ad\u00fda\u201d (Cos\u00adta Vene\u00adzia) g\u00e4\u00admi\u00adsi Ita\u00adli\u00ad\u00fda\u00adda su\u00adwa go\u00fd\u00adbe\u00adril\u00addi. Ag\u00adra\u00admy 135 m\u00fc\u0148 ton\u00adna we uzyn\u00adly\u00adgy 300 metr\u00adden gow\u00adrak bo\u00adlan k\u00f6p pa\u00adlu\u00adba\u00adly g\u00e4\u00admi, esa\u00adsan, Hy\u00adta\u00fd ba\u00adza\u00adry \u00fc\u00e7in ni\u00ad\u00fdet\u00adle\u00adnen\u00addir. Onu\u0148 ady hem \u00fd\u00f6\u00adne \u00fde\u00adre sa\u00fd\u00adlan\u00adman\u00addyr, \u00e7\u00fcn\u00adki Kos\u00adta We\u00adne\u00adsi\u00ad\u00fda\u00adny\u0148 in\u00adter\u00ad\u00fde\u00adri tu\u00adtu\u015f\u00adly\u00adgy\u00adna di\u00ad\u00fden \u00fda\u00adly ga\u00addy\u00admy ital\u00ad\u00fdan \u015f\u00e4\u00adhe\u00adri\u00adni \u00fda\u00addy\u00ad\u0148a sal\u00ad\u00fdar. G\u00e4\u00admi\u00add\u00e4\u00adki kon\u00adsert za\u00adly\u00adny\u0148 in\u00adter\u00ad\u00fde\u00adri \u201cLa Fe\u00adni\u00ad\u00e7e\u201d [&hellip;]<\/p>\n","protected":false},"author":1,"featured_media":20334,"comment_status":"open","ping_status":"closed","sticky":false,"template":"","format":"standard","meta":{"footnotes":""},"categories":[5],"tags":[],"acf":[],"_links":{"self":[{"href":"https:\/\/zamanturkmenistan.com.tm\/index.php?rest_route=\/wp\/v2\/posts\/20333"}],"collection":[{"href":"https:\/\/zamanturkmenistan.com.tm\/index.php?rest_route=\/wp\/v2\/posts"}],"about":[{"href":"https:\/\/zamanturkmenistan.com.tm\/index.php?rest_route=\/wp\/v2\/types\/post"}],"author":[{"embeddable":true,"href":"https:\/\/zamanturkmenistan.com.tm\/index.php?rest_route=\/wp\/v2\/users\/1"}],"replies":[{"embeddable":true,"href":"https:\/\/zamanturkmenistan.com.tm\/index.php?rest_route=%2Fwp%2Fv2%2Fcomments&post=20333"}],"version-history":[{"count":0,"href":"https:\/\/zamanturkmenistan.com.tm\/index.php?rest_route=\/wp\/v2\/posts\/20333\/revisions"}],"wp:featuredmedia":[{"embeddable":true,"href":"https:\/\/zamanturkmenistan.com.tm\/index.php?rest_route=\/wp\/v2\/media\/20334"}],"wp:attachment":[{"href":"https:\/\/zamanturkmenistan.com.tm\/index.php?rest_route=%2Fwp%2Fv2%2Fmedia&parent=20333"}],"wp:term":[{"taxonomy":"category","embeddable":true,"href":"https:\/\/zamanturkmenistan.com.tm\/index.php?rest_route=%2Fwp%2Fv2%2Fcategories&post=20333"},{"taxonomy":"post_tag","embeddable":true,"href":"https:\/\/zamanturkmenistan.com.tm\/index.php?rest_route=%2Fwp%2Fv2%2Ftags&post=20333"}],"curies":[{"name":"wp","href":"https:\/\/api.w.org\/{rel}","templated":true}]}}