{"id":20342,"date":"2019-03-13T19:42:22","date_gmt":"2019-03-13T14:42:22","guid":{"rendered":"http:\/\/zamanturkmenistan.com\/?p=20342"},"modified":"2019-03-13T19:42:22","modified_gmt":"2019-03-13T14:42:22","slug":"130-mun-yew%c2%adro-sa%c2%adty%c2%adldy","status":"publish","type":"post","link":"https:\/\/zamanturkmenistan.com.tm\/?p=20342","title":{"rendered":"130 m\u00fc\u0148 \u00fdew\u00adro sa\u00adty\u00adldy"},"content":{"rendered":"<p>Fran\u00adsi\u00ad\u00fda\u00adda ge\u00ad\u00e7i\u00adri\u00adlen Hal\u00adka\u00adra oba ho\u00adja\u00adlyk ser\u00adgi\u00adsin\u00adde gol\u015f\u00adtin to\u00adhu\u00admyn\u00addan bo\u00adlan Ol\u00adga at\u00adly sy\u00adgyr re\u00adkord ba\u00adha\u00addan, \u00fdagny 130 m\u00fc\u0148 \u00fdew\u00adro sa\u00adtyl\u00addy. Ser\u00adgi\u00adni\u0148 res\u00admi sa\u00fd\u00adtyn\u00adda ha\u00adbar be\u00adril\u00adme\u00adgi\u00adne g\u00f6\u00adr\u00e4, oba ho\u00adja\u00adlyk ser\u00adgi\u00adsin\u00adde \u00fd\u00f6\u00adri\u00adte auk\u00adsi\u00adon ge\u00ad\u00e7i\u00adri\u00adlip, on\u00adda to\u00adhum\u00adlyk sy\u00adg\u00adra \u00fdo\u00adka\u00adry ba\u00adha ber\u00adlip\u00addir.<br \/>\n2018-nji \u00fdyl\u00adda dog\u00adlan sy\u00adgyr Ka\u00adna\u00adda\u00adny\u0148 we Ger\u00adma\u00adni\u00ad\u00fda\u00adny\u0148 se\u00adlek\u00adsi\u00ad\u00fda bo\u00ad\u00fdun\u00ad\u00e7a pro\u00adfes\u00adsio\u00adnal bi\u00adle\u00adle\u00ad\u015fi\u00adgi ta\u00adra\u00adpyn\u00addan sa\u00adtyn al\u00adnyp\u00addyr. Onu\u0148 ba\u00adha\u00adsyny\u0148 ma\u00adly\u0148 \u00f6z\u00adbo\u00adlu\u015f\u00adly ge\u00adne\u00adtik h\u00e4\u00adsi\u00ad\u00fdet\u00adna\u00adma\u00adsy bi\u00adlen berk bag\u00adla\u00adny\u00ad\u015fyk\u00adlydygy be\u00ad\u00fda\u00adnat\u00adda bel\u00adlen\u00ad\u00fd\u00e4r. Bu sy\u00adgyr Fransi\u00fdany\u0148 \u00f6\u0148\u00adde\u00adba\u00adry\u00adjy fer\u00admer\u00adle\u00adri ta\u00adra\u00adpyn\u00addan \u00f6s\u00add\u00fc\u00adri\u00adlip \u00fde\u00adti\u015f\u00addi\u00adri\u00adlip\u00addir. Sy\u00adg\u00adry\u0148 sa\u00adtyn al\u00adnan gu\u00adtar\u00adnyk\u00adly ba\u00adha\u00adsy Fran\u00adsi\u00ad\u00fda we b\u00fc\u00adtin \u00ddew\u00adro\u00adpa \u00fc\u00e7in re\u00adkord g\u00f6rkezij\u00e4 de\u0148 boldy.<br \/>\nHal\u00adka\u00adra oba ho\u00adja\u00adlyk ser\u00adgi\u00adsi her \u00fdy\u00adly\u0148 23-nji few\u00adra\u00adlyn\u00addan 3-nji mar\u00adty\u00adna \u00e7en\u00adli ara\u00adlyk\u00adda Pa\u00adri\u017e\u00adde ge\u00ad\u00e7i\u00adril\u00ad\u00fd\u00e4r. O\u0148a 1,4 m\u00fc\u0148 t\u00f6\u00adwe\u00adre\u00adgi oba ho\u00adja\u00adlyk \u00f6n\u00fcm\u00adle\u00adri\u00adni \u00f6n\u00add\u00fc\u00adri\u00adji\u00adler gat\u00adna\u015f\u00ad\u00fdar\u00adlar. Bu \u00fdyl ser\u00adg\u00e4 \u00fd\u00fcz m\u00fc\u0148\u00adler\u00ad\u00e7e adam ge\u00adlip g\u00f6r\u00addi. Ge\u00ad\u00e7en \u00fdyl ser\u00adgi\u00adni g\u00f6r\u00adm\u00e4\u00adge ge\u00adlen\u00adle\u00adri\u0148 sa\u00adny 670 m\u00fc\u00ad\u0148e ba\u00adra\u00adbar bo\u00adlup\u00addy.<\/p>\n","protected":false},"excerpt":{"rendered":"<p>Fran\u00adsi\u00ad\u00fda\u00adda ge\u00ad\u00e7i\u00adri\u00adlen Hal\u00adka\u00adra oba ho\u00adja\u00adlyk ser\u00adgi\u00adsin\u00adde gol\u015f\u00adtin to\u00adhu\u00admyn\u00addan bo\u00adlan Ol\u00adga at\u00adly sy\u00adgyr re\u00adkord ba\u00adha\u00addan, \u00fdagny 130 m\u00fc\u0148 \u00fdew\u00adro sa\u00adtyl\u00addy. Ser\u00adgi\u00adni\u0148 res\u00admi sa\u00fd\u00adtyn\u00adda ha\u00adbar be\u00adril\u00adme\u00adgi\u00adne g\u00f6\u00adr\u00e4, oba ho\u00adja\u00adlyk ser\u00adgi\u00adsin\u00adde \u00fd\u00f6\u00adri\u00adte auk\u00adsi\u00adon ge\u00ad\u00e7i\u00adri\u00adlip, on\u00adda to\u00adhum\u00adlyk sy\u00adg\u00adra \u00fdo\u00adka\u00adry ba\u00adha ber\u00adlip\u00addir. 2018-nji \u00fdyl\u00adda dog\u00adlan sy\u00adgyr Ka\u00adna\u00adda\u00adny\u0148 we Ger\u00adma\u00adni\u00ad\u00fda\u00adny\u0148 se\u00adlek\u00adsi\u00ad\u00fda bo\u00ad\u00fdun\u00ad\u00e7a pro\u00adfes\u00adsio\u00adnal bi\u00adle\u00adle\u00ad\u015fi\u00adgi ta\u00adra\u00adpyn\u00addan sa\u00adtyn al\u00adnyp\u00addyr. Onu\u0148 ba\u00adha\u00adsyny\u0148 ma\u00adly\u0148 \u00f6z\u00adbo\u00adlu\u015f\u00adly [&hellip;]<\/p>\n","protected":false},"author":1,"featured_media":20343,"comment_status":"open","ping_status":"closed","sticky":false,"template":"","format":"standard","meta":{"footnotes":""},"categories":[5],"tags":[],"acf":[],"_links":{"self":[{"href":"https:\/\/zamanturkmenistan.com.tm\/index.php?rest_route=\/wp\/v2\/posts\/20342"}],"collection":[{"href":"https:\/\/zamanturkmenistan.com.tm\/index.php?rest_route=\/wp\/v2\/posts"}],"about":[{"href":"https:\/\/zamanturkmenistan.com.tm\/index.php?rest_route=\/wp\/v2\/types\/post"}],"author":[{"embeddable":true,"href":"https:\/\/zamanturkmenistan.com.tm\/index.php?rest_route=\/wp\/v2\/users\/1"}],"replies":[{"embeddable":true,"href":"https:\/\/zamanturkmenistan.com.tm\/index.php?rest_route=%2Fwp%2Fv2%2Fcomments&post=20342"}],"version-history":[{"count":0,"href":"https:\/\/zamanturkmenistan.com.tm\/index.php?rest_route=\/wp\/v2\/posts\/20342\/revisions"}],"wp:featuredmedia":[{"embeddable":true,"href":"https:\/\/zamanturkmenistan.com.tm\/index.php?rest_route=\/wp\/v2\/media\/20343"}],"wp:attachment":[{"href":"https:\/\/zamanturkmenistan.com.tm\/index.php?rest_route=%2Fwp%2Fv2%2Fmedia&parent=20342"}],"wp:term":[{"taxonomy":"category","embeddable":true,"href":"https:\/\/zamanturkmenistan.com.tm\/index.php?rest_route=%2Fwp%2Fv2%2Fcategories&post=20342"},{"taxonomy":"post_tag","embeddable":true,"href":"https:\/\/zamanturkmenistan.com.tm\/index.php?rest_route=%2Fwp%2Fv2%2Ftags&post=20342"}],"curies":[{"name":"wp","href":"https:\/\/api.w.org\/{rel}","templated":true}]}}