{"id":20765,"date":"2019-03-27T18:14:15","date_gmt":"2019-03-27T13:14:15","guid":{"rendered":"http:\/\/zamanturkmenistan.com\/?p=20765"},"modified":"2019-03-27T18:14:21","modified_gmt":"2019-03-27T13:14:21","slug":"turkmenistan-we-italiya-syyasy-genesmeleri-gecirdi","status":"publish","type":"post","link":"https:\/\/zamanturkmenistan.com.tm\/?p=20765","title":{"rendered":"T\u00fcrkmenistan we Itali\u00fda sy\u00fdasy ge\u0148e\u015fmeleri ge\u00e7irdi"},"content":{"rendered":"\n<p>2019-njy \u00fdyly\u0148 27-nji martynda\nT\u00fcrkmenistany\u0148 Da\u015fary i\u015fler ministrliginde t\u00fcrkmen-ital\u00fdan sy\u00fdasy ge\u0148e\u015fmeleri\nge\u00e7irildi. Ital\u00fdan Respublikasyny\u0148 wekili\u00fdetine A\u015fgabada i\u015f sapary bilen gelen &nbsp;bu \u00fdurdu\u0148 da\u015fary i\u015fler we halkara\nhyzmatda\u015flygy ministrini\u0148 orunbasary Manlio Di Stefano \u00fdolba\u015f\u00e7ylyk etdi.<\/p>\n\n\n\n<p>Du\u015fu\u015fygy\u0148\ndowamynda taraplar t\u00fcrkmen-ital\u00fdan gatna\u015fyklaryny\u0148 h\u00e4zirki \u00fdagda\u00fdyny we\ngeljegini ara alyp maslahatla\u015fdylar. \u015eunu\u0148 bilen bir hatarda \u00f6zara gyzyklanma d\u00f6red\u00fd\u00e4n\nsebit we halkara meseleleri, BMG-ni\u0148 hem-de \u00ddB-ni\u0148 \u00e7\u00e4klerinde hyzmatda\u015flyk\netmek bo\u00fdun\u00e7a pikirler al\u015fyldy.<\/p>\n\n\n\n<p>\u00ddB-ni\u0148\nMerkezi Azi\u00fda bo\u00fdun\u00e7a Strategi\u00fdasyny diwersifisirlemegi\u0148 m\u00fcmkin\u00e7ilikleri\nbellenilip ge\u00e7ildi. Bu ugurda \u00ddewropa Bilele\u015figini\u0148 \u00e4hmi\u00fdetli \u00fdurtlaryny\u0148 biri\nbolmak bilen, Itali\u00fda geljekde hem bu resminamany\u0148 durmu\u015fa orna\u015fdyrylmagynda\nm\u00f6h\u00fcm orny e\u00fdele\u00fd\u00e4ndir.<\/p>\n\n\n\n<p>Geple\u015fikleri\u0148\nbar\u015fynda taraplar s\u00f6wda-ykdysady hyzmatda\u015flygyny\u0148 diwersifikasy\u00fdala\u015fdyrmagyna a\u00fdratyn \u00e4hmi\u00fdet berilmegi\nbilen bu ulgamy\u0148 ikitarapla\u00fdyn gatna\u015fyklary\u0148 ileri tutul\u00fdan ugry bolup\ngalmalydygy baradaky \u00f6zara pikire geldiler. \u015eunu\u0148 bilen birlikde wekili\u00fdetler\nbilim, ylym we medeni\u00fdet ulgamlaryny mundan be\u00fdl\u00e4k hem \u00f6sd\u00fcrmegi\u0148 zerurlygyny\na\u00fdratyn nygtadylar. <\/p>\n\n\n\n<p>Geple\u015fikleri\u0148\nahyrynda taraplar T\u00fcrkmenistany\u0148 Da\u015fary i\u015fler ministrligi bilen Itali\u00fda\nRespublikasyny\u0148 Da\u015fary i\u015fler we halkara hyzmatda\u015flygy ministrligini\u0148 arasynda 2019-2020-nji \u00fdyllarda hyzmatda\u015flyk etmegi\u0148 Maksatnamasyna gol\n\u00e7ekdiler. So\u0148ra Itali\u00fdany\u0148 wekili\u00fdetini\u0148 \u00fdolba\u015f\u00e7ysy k\u00f6p\u00e7\u00fclikle\u00fdin habar beri\u015f\nseri\u015fdelerini\u0148 wekillerine \u00fd\u00fczlenme bilen \u00e7yky\u015f etdi.<\/p>\n","protected":false},"excerpt":{"rendered":"<p>2019-njy \u00fdyly\u0148 27-nji martynda T\u00fcrkmenistany\u0148 Da\u015fary i\u015fler ministrliginde t\u00fcrkmen-ital\u00fdan sy\u00fdasy ge\u0148e\u015fmeleri ge\u00e7irildi. Ital\u00fdan Respublikasyny\u0148 wekili\u00fdetine A\u015fgabada i\u015f sapary bilen gelen &nbsp;bu \u00fdurdu\u0148 da\u015fary i\u015fler we halkara hyzmatda\u015flygy ministrini\u0148 orunbasary Manlio Di Stefano \u00fdolba\u015f\u00e7ylyk etdi. Du\u015fu\u015fygy\u0148 dowamynda taraplar t\u00fcrkmen-ital\u00fdan gatna\u015fyklaryny\u0148 h\u00e4zirki \u00fdagda\u00fdyny we geljegini ara alyp maslahatla\u015fdylar. \u015eunu\u0148 bilen bir hatarda \u00f6zara gyzyklanma d\u00f6red\u00fd\u00e4n sebit we [&hellip;]<\/p>\n","protected":false},"author":1,"featured_media":20766,"comment_status":"open","ping_status":"closed","sticky":false,"template":"","format":"standard","meta":{"footnotes":""},"categories":[3],"tags":[],"acf":[],"_links":{"self":[{"href":"https:\/\/zamanturkmenistan.com.tm\/index.php?rest_route=\/wp\/v2\/posts\/20765"}],"collection":[{"href":"https:\/\/zamanturkmenistan.com.tm\/index.php?rest_route=\/wp\/v2\/posts"}],"about":[{"href":"https:\/\/zamanturkmenistan.com.tm\/index.php?rest_route=\/wp\/v2\/types\/post"}],"author":[{"embeddable":true,"href":"https:\/\/zamanturkmenistan.com.tm\/index.php?rest_route=\/wp\/v2\/users\/1"}],"replies":[{"embeddable":true,"href":"https:\/\/zamanturkmenistan.com.tm\/index.php?rest_route=%2Fwp%2Fv2%2Fcomments&post=20765"}],"version-history":[{"count":0,"href":"https:\/\/zamanturkmenistan.com.tm\/index.php?rest_route=\/wp\/v2\/posts\/20765\/revisions"}],"wp:featuredmedia":[{"embeddable":true,"href":"https:\/\/zamanturkmenistan.com.tm\/index.php?rest_route=\/wp\/v2\/media\/20766"}],"wp:attachment":[{"href":"https:\/\/zamanturkmenistan.com.tm\/index.php?rest_route=%2Fwp%2Fv2%2Fmedia&parent=20765"}],"wp:term":[{"taxonomy":"category","embeddable":true,"href":"https:\/\/zamanturkmenistan.com.tm\/index.php?rest_route=%2Fwp%2Fv2%2Fcategories&post=20765"},{"taxonomy":"post_tag","embeddable":true,"href":"https:\/\/zamanturkmenistan.com.tm\/index.php?rest_route=%2Fwp%2Fv2%2Ftags&post=20765"}],"curies":[{"name":"wp","href":"https:\/\/api.w.org\/{rel}","templated":true}]}}