{"id":2096,"date":"2016-06-18T07:59:48","date_gmt":"2016-06-18T07:59:48","guid":{"rendered":"http:\/\/zamanturkmenistan.com\/?p=2096"},"modified":"2016-06-18T07:59:48","modified_gmt":"2016-06-18T07:59:48","slug":"watikan-kitaphanasy","status":"publish","type":"post","link":"https:\/\/zamanturkmenistan.com.tm\/?p=2096","title":{"rendered":"Watikan kitaphanasy"},"content":{"rendered":"<p>Rim \u2013 ka\u00adto\u00adlik but\u00adha\u00adna\u00adsy\u00adny\u0148 bar\u00addy\u00adgy ba\u00adra\u00adda\u00adky il\u00adkin\u00adji maglumatlar bi\u00adzi\u0148 e\u00fd\u00ad\u00fda\u00admy\u00admy\u00adzy\u0148 IV asy\u00adry\u00adna de\u00adgi\u015f\u00adli bo\u00adlup, ki\u00adtap\u00adha\u00adna\u00ad\u00e7y\u00adny\u0148 we\u00adzi\u00adpe\u00adsi ba\u00adra\u00adda il\u00adkin\u00adji ge\u00adzek VIII asyr\u00adda \u00fdat\u00adla\u00adnyp ge\u00ad\u00e7il\u00ad\u00fd\u00e4r. XIII asy\u00adry\u0148 bi\u00adrin\u00adji \u00fda\u00adry\u00admyn\u00adda n\u00e4\u00adbel\u00adli se\u00adb\u00e4p\u00adle\u00adre g\u00f6\u00adr\u00e4, ki\u00adtap\u00adha\u00adna\u00adny\u0148 gaz\u00adna\u00adsy\u00adny\u0148 ep-es\u00adli b\u00f6\u00adle\u00adgi \u00fdi\u00adti\u00adril\u00ad\u00fd\u00e4r.<br \/>\nKi\u00adtap\u00adha\u00adna Awi\u00adnon\u00adda Rim pa\u00adpa\u00adsy Ioann XXII (1316-1334) ta\u00adgal\u00adla\u00adla\u00adry bi\u00adlen t\u00e4\u00adze\u00adden di\u00adkel\u00addil\u00ad\u00fd\u00e4r. Awi\u00adnon h\u00e4\u00adzir\u00adki za\u00adman Fran\u00adsi\u00ad\u00fda\u00adsyn\u00adda \u00fder\u00adle\u00ad\u015fip, 1309-1378-nji \u00fdyl\u00adlar\u00adda ol \u00fder\u00adde ka\u00adto\u00adlik but\u00adha\u00adna\u00adsy\u00adny\u0148 ba\u015f\u00adtu\u00adta\u00adny\u00adny\u0148 re\u00adzi\u00adden\u00adsi\u00ad\u00fda\u00adsy \u00fder\u00adle\u00ad\u015fip\u00addir.<br \/>\nH\u00e4\u00adzir\u00adki za\u00adman Wa\u00adti\u00adkan ki\u00adtap\u00adha\u00adna\u00adsy pa\u00adpa Ni\u00adko\u00adla\u00fd V (1447-1455) ta\u00adra\u00adpyn\u00addan esas\u00adlan\u00addy\u00adryl\u00ad\u00fdar. Onu\u0148 d\u00f6w\u00adr\u00fcn\u00adde ki\u00adtap\u00adha\u00adna\u00adny\u0148 gaz\u00adna\u00adsy 1200 gol\u00ad\u00fdaz\u00adma\u00addan yba\u00adrat bo\u00adlup\u00addyr. Pa\u00adpa Pa\u00adwel V (1605-1621) d\u00f6w\u00adr\u00fcn\u00adde ki\u00adtap\u00adha\u00adna\u00addan res\u00admi\u00adna\u00adma\u00adla\u00adry\u0148 ar\u00adhi\u00adwi b\u00f6\u00adl\u00fc\u00adnip a\u00fd\u00adry\u00adlyp, giz\u00adlin\u00adlik\u00adde sak\u00adla\u00adnyl\u00ad\u00fdar. 1715-1716-njy \u00fdyl\u00adlar\u00adda Si\u00adr\u00adi\u00fda we M\u00fc\u00ads\u00fc\u00adre ama\u00adla a\u015fy\u00adry\u00adlan sy\u00ad\u00fda\u00adhat\u00adla\u00adry\u0148 ne\u00adti\u00adje\u00adsin\u00adde, ki\u00adtap\u00adha\u00adna \u00fc\u00e7in \u00fd\u00fcz\u00adler\u00ad\u00e7e ga\u00addy\u00admy gol\u00ad\u00fdaz\u00adma\u00adlar ge\u00adti\u00adri\u00adlip\u00addir. 1891-nji \u00fdyl\u00adda ki\u00adtap\u00adha\u00adna Awi\u00adnon\u00addan Wa\u00adti\u00adka\u00adna g\u00f6\u00ad\u00e7\u00fc\u00adril\u00ad\u00fd\u00e4r.<br \/>\nH\u00e4\u00adzir\u00adki wagt\u00adda ki\u00adtap\u00adha\u00adna\u00adny\u0148 gaz\u00adna\u00adsyn\u00adda 1,6 mil\u00adli\u00adon\u00addan gow\u00adrak ki\u00adtap, 180 m\u00fc\u0148 gol\u00ad\u00fdaz\u00adma, 8 m\u00fc\u0148 300 sa\u00adny \u00fdyg\u00adma harp\u00adlar bi\u00adlen \u00e7ap edi\u00adlip \u00e7y\u00adka\u00adry\u00adlan il\u00adkin\u00adji ki\u00adtap\u00adlar, 300 m\u00fc\u0148 \u015fa\u00ad\u00fdy pul we me\u00addal, 150 m\u00fc\u0148 sa\u00adny d\u00fcr\u00adli ha\u00ad\u015fam\u00adla\u00adnan su\u00adrat\u00adlar we kar\u00adta\u00adlar sak\u00adla\u00adnyl\u00ad\u00fdar. IV asy\u00adry\u0148 or\u00adta\u00adla\u00adry\u00adna de\u00adgi\u015f\u00adli el\u00ad\u00fdaz\u00adma g\u00f6r\u00adn\u00fc\u015f\u00adli In\u00adjil ki\u00adtap\u00adha\u00adna\u00adny\u0148 i\u0148 gym\u00admat\u00adly nus\u00adga\u00adla\u00adry\u0148 bi\u00adri bo\u00adlup dur\u00ad\u00fdar.<\/p>\n","protected":false},"excerpt":{"rendered":"<p>Rim \u2013 ka\u00adto\u00adlik but\u00adha\u00adna\u00adsy\u00adny\u0148 bar\u00addy\u00adgy ba\u00adra\u00adda\u00adky il\u00adkin\u00adji maglumatlar bi\u00adzi\u0148 e\u00fd\u00ad\u00fda\u00admy\u00admy\u00adzy\u0148 IV asy\u00adry\u00adna de\u00adgi\u015f\u00adli bo\u00adlup, ki\u00adtap\u00adha\u00adna\u00ad\u00e7y\u00adny\u0148 we\u00adzi\u00adpe\u00adsi ba\u00adra\u00adda il\u00adkin\u00adji ge\u00adzek VIII asyr\u00adda \u00fdat\u00adla\u00adnyp ge\u00ad\u00e7il\u00ad\u00fd\u00e4r. XIII asy\u00adry\u0148 bi\u00adrin\u00adji \u00fda\u00adry\u00admyn\u00adda n\u00e4\u00adbel\u00adli se\u00adb\u00e4p\u00adle\u00adre g\u00f6\u00adr\u00e4, ki\u00adtap\u00adha\u00adna\u00adny\u0148 gaz\u00adna\u00adsy\u00adny\u0148 ep-es\u00adli b\u00f6\u00adle\u00adgi \u00fdi\u00adti\u00adril\u00ad\u00fd\u00e4r. Ki\u00adtap\u00adha\u00adna Awi\u00adnon\u00adda Rim pa\u00adpa\u00adsy Ioann XXII (1316-1334) ta\u00adgal\u00adla\u00adla\u00adry bi\u00adlen t\u00e4\u00adze\u00adden di\u00adkel\u00addil\u00ad\u00fd\u00e4r. Awi\u00adnon h\u00e4\u00adzir\u00adki za\u00adman Fran\u00adsi\u00ad\u00fda\u00adsyn\u00adda \u00fder\u00adle\u00ad\u015fip, 1309-1378-nji \u00fdyl\u00adlar\u00adda ol \u00fder\u00adde [&hellip;]<\/p>\n","protected":false},"author":1,"featured_media":0,"comment_status":"open","ping_status":"closed","sticky":false,"template":"","format":"standard","meta":{"footnotes":""},"categories":[11],"tags":[],"acf":[],"_links":{"self":[{"href":"https:\/\/zamanturkmenistan.com.tm\/index.php?rest_route=\/wp\/v2\/posts\/2096"}],"collection":[{"href":"https:\/\/zamanturkmenistan.com.tm\/index.php?rest_route=\/wp\/v2\/posts"}],"about":[{"href":"https:\/\/zamanturkmenistan.com.tm\/index.php?rest_route=\/wp\/v2\/types\/post"}],"author":[{"embeddable":true,"href":"https:\/\/zamanturkmenistan.com.tm\/index.php?rest_route=\/wp\/v2\/users\/1"}],"replies":[{"embeddable":true,"href":"https:\/\/zamanturkmenistan.com.tm\/index.php?rest_route=%2Fwp%2Fv2%2Fcomments&post=2096"}],"version-history":[{"count":0,"href":"https:\/\/zamanturkmenistan.com.tm\/index.php?rest_route=\/wp\/v2\/posts\/2096\/revisions"}],"wp:attachment":[{"href":"https:\/\/zamanturkmenistan.com.tm\/index.php?rest_route=%2Fwp%2Fv2%2Fmedia&parent=2096"}],"wp:term":[{"taxonomy":"category","embeddable":true,"href":"https:\/\/zamanturkmenistan.com.tm\/index.php?rest_route=%2Fwp%2Fv2%2Fcategories&post=2096"},{"taxonomy":"post_tag","embeddable":true,"href":"https:\/\/zamanturkmenistan.com.tm\/index.php?rest_route=%2Fwp%2Fv2%2Ftags&post=2096"}],"curies":[{"name":"wp","href":"https:\/\/api.w.org\/{rel}","templated":true}]}}