{"id":21024,"date":"2019-04-07T18:08:54","date_gmt":"2019-04-07T13:08:54","guid":{"rendered":"http:\/\/zamanturkmenistan.com\/?p=21024"},"modified":"2019-04-07T18:08:57","modified_gmt":"2019-04-07T13:08:57","slug":"dowlet-departamentinin-taze-wekili","status":"publish","type":"post","link":"https:\/\/zamanturkmenistan.com.tm\/?p=21024","title":{"rendered":"D\u00f6w\u00adlet de\u00adpar\u00adta\u00admen\u00adti\u00adni\u0148 t\u00e4\u00adze we\u00adki\u00adli"},"content":{"rendered":"\n<div class=\"wp-block-image\"><figure class=\"alignleft is-resized\"><img decoding=\"async\" loading=\"lazy\" src=\"http:\/\/zamanturkmenistan.com\/wp-content\/uploads\/2019\/04\/800px-Heather_Nauert_official_photo.jpg\" alt=\"\" class=\"wp-image-21026\" width=\"178\" height=\"222\" srcset=\"https:\/\/zamanturkmenistan.com.tm\/wp-content\/uploads\/2019\/04\/800px-Heather_Nauert_official_photo.jpg 500w, https:\/\/zamanturkmenistan.com.tm\/wp-content\/uploads\/2019\/04\/800px-Heather_Nauert_official_photo-240x300.jpg 240w, https:\/\/zamanturkmenistan.com.tm\/wp-content\/uploads\/2019\/04\/800px-Heather_Nauert_official_photo-336x420.jpg 336w\" sizes=\"(max-width: 178px) 100vw, 178px\" \/><\/figure><\/div>\n\n\n\n<p>AB\u015e-ny\u0148 ha\u00adbar be\u00adri\u015f se\u00adri\u015f\u00adde\u00adle\u00adrin\u00adde AB\u015e-ny\u0148 d\u00f6w\u00adlet de\u00adpar\u00adta\u00admen\u00adti\u00adni\u0148 t\u00e4\u00adze res\u00admi we\u00adki\u00adlini\u0148 \u00fde\u00adne-de \u201cFox News\u201d te\u00adle\u00ad\u00fda\u00fd\u00adly\u00admy\u00adny\u0148 i\u015fg\u00e4rlerinden biri Mor\u00adgan Or\u00adta\u00adgusy\u0148 bol\u00adjak\u00addy\u00adgy m\u00e4\u00adlim edil\u00ad\u00fd\u00e4r. Mor\u00adgan Or\u00adta\u00adgus \u201cFox News\u201d-dan \u00f6\u0148, AB\u015e-ny\u0148 hal\u00adka\u00adra hyz\u00admat\u00adda\u015f\u00adly\u00adgy agent\u00adli\u00adgi\u00adni\u0148 met\u00adbu\u00adgat gul\u00adlu\u00adgyn\u00adda (USAID) hem-de AB\u015e-ny\u0148 Sa\u00adud Ara\u00adbys\u00adta\u00adnyn\u00adda\u00adky il\u00ad\u00e7i\u00adha\u00adna\u00adsyn\u00adda i\u015f\u00adledi.   <br>\nAB\u015e-ny\u0148 D\u00f6w\u00adlet de\u00adpar\u00adta\u00admen\u00adti\u00adni\u0148 h\u00e4\u00adzir\u00adki resmi wekili He\u00adzer Nauert we\u00adzi\u00adpe\u00adsin\u00adden gi\u00addip, \u201cFulb\u00adra\u00fdt\u201d bi\u00adlim mak\u00adsat\u00adna\u00adma\u00adsyn\u00adda i\u015fe dur\u00addy. Bu bi\u00adlim mak\u00adsat\u00adna\u00adma\u00adsy 1946-njy \u00fdyl\u00adda se\u00adna\u00adtor Je\u00fdms Wil\u00ad\u00fdam Fulb\u00adra\u00fdt ta\u00adra\u00adpyn\u00addan esas\u00adlan\u00addy\u00adryl\u00addy. D\u00f6w\u00adlet sek\u00adre\u00adta\u00adry Ma\u00fdkl Pom\u00adpeo He\u00adzer Nauer\u00adte bitiren uly i\u015fleri \u00fc\u00e7in min\u00adnet\u00addar\u00adlyk bil\u00addi\u00adrip, onu\u0148 \u201cFulb\u00adra\u00fdt\u201d mak\u00adsat\u00adna\u00adma\u00adsyn\u00adda Ame\u00adri\u00adka\u00adny bilim babatda has-da \u00f6sd\u00fcrjekdigine ynam bil\u00addir\u00addi. Ma\u00fdkl Pom\u00adpeo bu ba\u00adra\u00adda \u00f6z\u00fc\u00adni\u0148 \u201cTwit\u00adter\u201d ak\u00adka\u00adun\u00addyn\u00adda ha\u00adbar ber\u00addi. <br>\nHe\u00adzer Nauert 2017-nji \u00fdy\u00adly\u0148 24-nji ap\u00adre\u00adlin\u00adden b\u00e4\u00adri AB\u015e-ny\u0148 D\u00f6w\u00adlet de\u00adpar\u00adta\u00admen\u00adti\u00adni\u0148 resmi wekili bolup i\u015fle\u00fd\u00e4rdi. <br>\n\u00d6\u0148\u00ad He\u00adzer Nauert \u201cFox News\u201d te\u00adle\u00ad\u00fda\u00fd\u00adly\u00admyn\u00adda i\u015f\u00adle\u00addi. 2018-nji \u00fdy\u00adly\u0148 7-nji de\u00adkab\u00adryn\u00adda AB\u015e-ny\u0148 Pre\u00adzi\u00adden\u00adti Do\u00adnald Tramp Nauer\u00adti BMG-de AB\u015e-ny\u0148 he\u00admi\u00ad\u015fe\u00adlik wekili we\u00adzi\u00adpe\u00adsi\u00adne h\u00f6\u00add\u00fcr\u00adle\u00adme\u00adgi ni\u00ad\u00fdet edin\u00ad\u00fd\u00e4n\u00addi\u00adgi\u00adni m\u00e4\u00adlim edip\u00addi. Few\u00adral a\u00fdyn\u00adda Nauert AB\u015e-ny\u0148 BMG-d\u00e4\u00adki he\u00admi\u00ad\u015fe\u00adlik wekili we\u00adzi\u00adpe\u00adsi\u00adne da\u00adla\u015f\u00adg\u00e4r\u00adlik\u00adden el \u00e7ek\u00addi.<\/p>\n","protected":false},"excerpt":{"rendered":"<p>AB\u015e-ny\u0148 ha\u00adbar be\u00adri\u015f se\u00adri\u015f\u00adde\u00adle\u00adrin\u00adde AB\u015e-ny\u0148 d\u00f6w\u00adlet de\u00adpar\u00adta\u00admen\u00adti\u00adni\u0148 t\u00e4\u00adze res\u00admi we\u00adki\u00adlini\u0148 \u00fde\u00adne-de \u201cFox News\u201d te\u00adle\u00ad\u00fda\u00fd\u00adly\u00admy\u00adny\u0148 i\u015fg\u00e4rlerinden biri Mor\u00adgan Or\u00adta\u00adgusy\u0148 bol\u00adjak\u00addy\u00adgy m\u00e4\u00adlim edil\u00ad\u00fd\u00e4r. Mor\u00adgan Or\u00adta\u00adgus \u201cFox News\u201d-dan \u00f6\u0148, AB\u015e-ny\u0148 hal\u00adka\u00adra hyz\u00admat\u00adda\u015f\u00adly\u00adgy agent\u00adli\u00adgi\u00adni\u0148 met\u00adbu\u00adgat gul\u00adlu\u00adgyn\u00adda (USAID) hem-de AB\u015e-ny\u0148 Sa\u00adud Ara\u00adbys\u00adta\u00adnyn\u00adda\u00adky il\u00ad\u00e7i\u00adha\u00adna\u00adsyn\u00adda i\u015f\u00adledi. AB\u015e-ny\u0148 D\u00f6w\u00adlet de\u00adpar\u00adta\u00admen\u00adti\u00adni\u0148 h\u00e4\u00adzir\u00adki resmi wekili He\u00adzer Nauert we\u00adzi\u00adpe\u00adsin\u00adden gi\u00addip, \u201cFulb\u00adra\u00fdt\u201d bi\u00adlim mak\u00adsat\u00adna\u00adma\u00adsyn\u00adda i\u015fe dur\u00addy. Bu [&hellip;]<\/p>\n","protected":false},"author":1,"featured_media":21025,"comment_status":"open","ping_status":"closed","sticky":false,"template":"","format":"standard","meta":{"footnotes":""},"categories":[5],"tags":[],"acf":[],"_links":{"self":[{"href":"https:\/\/zamanturkmenistan.com.tm\/index.php?rest_route=\/wp\/v2\/posts\/21024"}],"collection":[{"href":"https:\/\/zamanturkmenistan.com.tm\/index.php?rest_route=\/wp\/v2\/posts"}],"about":[{"href":"https:\/\/zamanturkmenistan.com.tm\/index.php?rest_route=\/wp\/v2\/types\/post"}],"author":[{"embeddable":true,"href":"https:\/\/zamanturkmenistan.com.tm\/index.php?rest_route=\/wp\/v2\/users\/1"}],"replies":[{"embeddable":true,"href":"https:\/\/zamanturkmenistan.com.tm\/index.php?rest_route=%2Fwp%2Fv2%2Fcomments&post=21024"}],"version-history":[{"count":0,"href":"https:\/\/zamanturkmenistan.com.tm\/index.php?rest_route=\/wp\/v2\/posts\/21024\/revisions"}],"wp:featuredmedia":[{"embeddable":true,"href":"https:\/\/zamanturkmenistan.com.tm\/index.php?rest_route=\/wp\/v2\/media\/21025"}],"wp:attachment":[{"href":"https:\/\/zamanturkmenistan.com.tm\/index.php?rest_route=%2Fwp%2Fv2%2Fmedia&parent=21024"}],"wp:term":[{"taxonomy":"category","embeddable":true,"href":"https:\/\/zamanturkmenistan.com.tm\/index.php?rest_route=%2Fwp%2Fv2%2Fcategories&post=21024"},{"taxonomy":"post_tag","embeddable":true,"href":"https:\/\/zamanturkmenistan.com.tm\/index.php?rest_route=%2Fwp%2Fv2%2Ftags&post=21024"}],"curies":[{"name":"wp","href":"https:\/\/api.w.org\/{rel}","templated":true}]}}