{"id":21174,"date":"2019-04-14T15:45:25","date_gmt":"2019-04-14T10:45:25","guid":{"rendered":"http:\/\/zamanturkmenistan.com\/?p=21174"},"modified":"2019-04-14T15:45:33","modified_gmt":"2019-04-14T10:45:33","slug":"ewerestin-beyikligi-tazeden-hasaplanar","status":"publish","type":"post","link":"https:\/\/zamanturkmenistan.com.tm\/?p=21174","title":{"rendered":"Ewe\u00adres\u00adti\u0148 be\u00ad\u00fdik\u00adli\u00adgi  t\u00e4\u00adze\u00adden ha\u00adsap\u00adla\u00adnar"},"content":{"rendered":"<p>D\u00fcn\u00ad\u00fd\u00e4\u00adni\u0148 i\u0148 be\u00ad\u00fdik da\u00adgy ha\u00adsap\u00adlan\u00ad\u00fdan Ewe\u00adres\u00adti\u0148 be\u00ad\u00fdik\u00adli\u00adgi\u00adni t\u00e4\u00adze\u00adden ha\u00adsa\u00adba al\u00admak \u00fc\u00e7in de\u00adgi\u015f\u00adli i\u015f\u00adler ge\u00ad\u00e7i\u00adril\u00adm\u00e4\u00adge ba\u015f\u00adlan\u00addy. Ne\u00adpa\u00adly\u0148 h\u00f6\u00adk\u00fc\u00adme\u00adti da\u00adgy\u0148 be\u00adlent\u00adli\u00adgi\u00adni \u00f6l\u00ad\u00e7e\u00admek \u00fc\u00e7in \u00fd\u00f6\u00adri\u00adte to\u00adpar d\u00f6\u00adret\u00addi, \u015fol to\u00adpar i\u015fe gi\u00adri\u015f\u00addi. 2015-nji \u00fdyl\u00adda eme\u00adle ge\u00adlen \u00fder\u00adtit\u00adre\u00adme\u00ad\u00adde da\u00adgy\u0148 be\u00ad\u00fdik\u00adli\u00adgi\u00adni\u0148 \u00fc\u00fdt\u00adg\u00e4n\u00addi\u00adgi m\u00e4\u00adlim edil\u00ad\u00fd\u00e4r.<br \/>\nGi\u00adma\u00adla\u00ad\u00fd dag\u00adla\u00adry\u00adny\u0148 bir \u015fa\u00adha\u00adsy bo\u00adlan we Ne\u00adpal bi\u00adlen Hy\u00adta\u00ad\u00fdy\u0148 ser\u00adhe\u00addin\u00adde \u00fder\u00adle\u015f\u00ad\u00fd\u00e4n Ewe\u00adrest da\u00adgy\u00adna \u00e7yk\u00adjak to\u00adpa\u00adry\u0148 d\u00fc\u00adz\u00fc\u00admin\u00adde 4 sa\u00adny bi\u00adler\u00admen bar. Da\u00adgy\u0148 be\u00ad\u00fdik\u00adli\u00adgi il\u00adkin\u00adji ge\u00adzek 1954-nji \u00fdyl\u00adda \u00f6l\u00ad\u00e7e\u00adnip\u00addi. \u015eon\u00addan so\u0148 hem bu ugur\u00adda bir\u00adn\u00e4\u00ad\u00e7e ge\u00adzek de\u00adgi\u015f\u00adli ha\u00adsa\u00adbat i\u015f\u00adle\u00adri ama\u00adla a\u015fy\u00adryl\u00addy. Da\u00adgy\u0148 i\u0148 be\u00ad\u00fdik ger\u00ad\u015fi\u00adni\u0148 be\u00ad\u00fdik\u00adli\u00adgi 8 m\u00fc\u0148 848 metr\u00adli\u00adgin\u00adde gal\u00addy. 1999-njy \u00fdyl\u00adda GPS en\u00adja\u00admy bi\u00adlen da\u00adgy \u00f6l\u00ad\u00e7\u00e4n to\u00adpar onu\u0148 be\u00ad\u00fdik\u00adli\u00adgi\u00adne 2 metr go\u00ad\u015fup\u00addy. Em\u00adma bu ha\u00adsa\u00adbat d\u00fcn\u00ad\u00fd\u00e4 jem\u00adgy\u00ad\u00fdet\u00ad\u00e7i\u00adli\u00adgi\u00adni\u0148 ag\u00adram\u00adly b\u00f6\u00adle\u00adgi\u00adni\u0148 yk\u00adrar\u00adna\u00adma\u00adsy\u00adna e\u00fde bol\u00adma\u00addy.<br \/>\n2015-nji \u00fdyl\u00adda Ne\u00adpal\u00adda\u00adky \u00fder\u00adtit\u00adre\u00adme ze\u00adrar\u00adly da\u00adgy\u0148 be\u00ad\u00fdik\u00adli\u00adgi\u00adni\u0148 \u00fc\u00fdt\u00adg\u00e4n\u00addi\u00adgi bel\u00adle\u00adnip ge\u00ad\u00e7il\u00ad\u00fd\u00e4r. \u00ddur\u00addu\u0148 h\u00f6\u00adk\u00fc\u00adme\u00adti bu ba\u00adra\u00adda\u00adky d\u00fcr\u00adli ga\u00adra\u00ad\u00fdy\u015f\u00adla\u00adry ara\u00addan a\u00fdyr\u00admak \u00fc\u00e7in onu\u0148 be\u00ad\u00fdik\u00adli\u00adgi\u00adni t\u00e4\u00adze\u00adden ha\u00adsa\u00adba al\u00admak ka\u00adra\u00adry\u00adna gel\u00addi. 2017-nji \u00fdyl\u00adda bu ugur\u00adda \u00fd\u00f6\u00adri\u00adte to\u00adpar d\u00f6\u00adre\u00addil\u00addi. To\u00adpar 2 \u00fdyl\u00addan b\u00e4\u00adri, bu ugur\u00adda ta\u00fd\u00ad\u00fdar\u00adlyk i\u015f\u00adle\u00adri\u00adni ama\u00adla a\u015fyr\u00ad\u00fdar. To\u00adpa\u00adry\u0148 \u00fdol\u00adba\u015f\u00ad\u00e7y\u00adsy Khim Lal Gau\u00adtam bu ha\u00adsa\u00adba\u00adty amala a\u015fyr\u00adma\u00adgy\u0148 \u00fde\u00ad\u0148il bol\u00adma\u00adjak\u00addy\u00adgy\u00adny bel\u00adl\u00e4p ge\u00e7\u00addi. Ol 2011-nji \u00fdyl\u00adda Ewe\u00adres\u00adti\u0148 \u00e7\u00fcr de\u00adpe\u00adsi\u00adne \u00e7y\u00adkyp\u00addy.<\/p>\n<p>Akg\u00fcl AMANS\u00c4HEDOWA,<br \/>\nT\u00fcrk\u00admen d\u00f6w\u00adlet yk\u00addy\u00adsa\u00addy\u00ad\u00fdet we<br \/>\ndo\u00adlan\u00addy\u00adry\u015f ins\u00adti\u00adtu\u00adty\u00adny\u0148 ta\u00adly\u00adby.<\/p>\n","protected":false},"excerpt":{"rendered":"<p>D\u00fcn\u00ad\u00fd\u00e4\u00adni\u0148 i\u0148 be\u00ad\u00fdik da\u00adgy ha\u00adsap\u00adlan\u00ad\u00fdan Ewe\u00adres\u00adti\u0148 be\u00ad\u00fdik\u00adli\u00adgi\u00adni t\u00e4\u00adze\u00adden ha\u00adsa\u00adba al\u00admak \u00fc\u00e7in de\u00adgi\u015f\u00adli i\u015f\u00adler ge\u00ad\u00e7i\u00adril\u00adm\u00e4\u00adge ba\u015f\u00adlan\u00addy. Ne\u00adpa\u00adly\u0148 h\u00f6\u00adk\u00fc\u00adme\u00adti da\u00adgy\u0148 be\u00adlent\u00adli\u00adgi\u00adni \u00f6l\u00ad\u00e7e\u00admek \u00fc\u00e7in \u00fd\u00f6\u00adri\u00adte to\u00adpar d\u00f6\u00adret\u00addi, \u015fol to\u00adpar i\u015fe gi\u00adri\u015f\u00addi. 2015-nji \u00fdyl\u00adda eme\u00adle ge\u00adlen \u00fder\u00adtit\u00adre\u00adme\u00ad\u00adde da\u00adgy\u0148 be\u00ad\u00fdik\u00adli\u00adgi\u00adni\u0148 \u00fc\u00fdt\u00adg\u00e4n\u00addi\u00adgi m\u00e4\u00adlim edil\u00ad\u00fd\u00e4r. Gi\u00adma\u00adla\u00ad\u00fd dag\u00adla\u00adry\u00adny\u0148 bir \u015fa\u00adha\u00adsy bo\u00adlan we Ne\u00adpal bi\u00adlen Hy\u00adta\u00ad\u00fdy\u0148 ser\u00adhe\u00addin\u00adde \u00fder\u00adle\u015f\u00ad\u00fd\u00e4n Ewe\u00adrest da\u00adgy\u00adna \u00e7yk\u00adjak to\u00adpa\u00adry\u0148 d\u00fc\u00adz\u00fc\u00admin\u00adde 4 [&hellip;]<\/p>\n","protected":false},"author":1,"featured_media":21175,"comment_status":"open","ping_status":"closed","sticky":false,"template":"","format":"standard","meta":{"footnotes":""},"categories":[3],"tags":[],"acf":[],"_links":{"self":[{"href":"https:\/\/zamanturkmenistan.com.tm\/index.php?rest_route=\/wp\/v2\/posts\/21174"}],"collection":[{"href":"https:\/\/zamanturkmenistan.com.tm\/index.php?rest_route=\/wp\/v2\/posts"}],"about":[{"href":"https:\/\/zamanturkmenistan.com.tm\/index.php?rest_route=\/wp\/v2\/types\/post"}],"author":[{"embeddable":true,"href":"https:\/\/zamanturkmenistan.com.tm\/index.php?rest_route=\/wp\/v2\/users\/1"}],"replies":[{"embeddable":true,"href":"https:\/\/zamanturkmenistan.com.tm\/index.php?rest_route=%2Fwp%2Fv2%2Fcomments&post=21174"}],"version-history":[{"count":0,"href":"https:\/\/zamanturkmenistan.com.tm\/index.php?rest_route=\/wp\/v2\/posts\/21174\/revisions"}],"wp:featuredmedia":[{"embeddable":true,"href":"https:\/\/zamanturkmenistan.com.tm\/index.php?rest_route=\/wp\/v2\/media\/21175"}],"wp:attachment":[{"href":"https:\/\/zamanturkmenistan.com.tm\/index.php?rest_route=%2Fwp%2Fv2%2Fmedia&parent=21174"}],"wp:term":[{"taxonomy":"category","embeddable":true,"href":"https:\/\/zamanturkmenistan.com.tm\/index.php?rest_route=%2Fwp%2Fv2%2Fcategories&post=21174"},{"taxonomy":"post_tag","embeddable":true,"href":"https:\/\/zamanturkmenistan.com.tm\/index.php?rest_route=%2Fwp%2Fv2%2Ftags&post=21174"}],"curies":[{"name":"wp","href":"https:\/\/api.w.org\/{rel}","templated":true}]}}