{"id":21238,"date":"2019-04-14T16:58:32","date_gmt":"2019-04-14T11:58:32","guid":{"rendered":"http:\/\/zamanturkmenistan.com\/?p=21238"},"modified":"2019-04-14T16:58:39","modified_gmt":"2019-04-14T11:58:39","slug":"lindgren-bayragyna-eye-boldy","status":"publish","type":"post","link":"https:\/\/zamanturkmenistan.com.tm\/?p=21238","title":{"rendered":"Lindg\u00adren ba\u00fd\u00adra\u00adgy\u00adna e\u00fde bol\u00addy"},"content":{"rendered":"<p>\u015ewe\u00adsi\u00ad\u00fda\u00adda \u00e7a\u00adga\u00adlar ede\u00adbi\u00ad\u00fda\u00adty bo\u00ad\u00fdun\u00ad\u00e7a be\u00adril\u00ad\u00fd\u00e4n Ast\u00adrid Lindg\u00adren ba\u00fd\u00adra\u00adgyny\u0148 t\u00e4\u00adze e\u00fde\u00adsi m\u00e4\u00adlim edil\u00addi. \u015eu \u00fdyl bu ba\u00fd\u00adra\u00adga bel\u00adgi\u00ad\u00fda\u00adly \u00fda\u00adzy\u00adjy Bart Mu\u00ad\u00fdart my\u00adna\u00adsyp bol\u00addy. Bart Mu\u00ad\u00fdart Bel\u00adgi\u00ad\u00fda\u00adny\u0148 me\u015f\u00adhur \u00fda\u00adzy\u00adjy\u00adla\u00adryny\u0148 bi\u00adri bo\u00adlup, 40-dan gow\u00adrak ki\u00adta\u00adby\u0148 we k\u00f6p san\u00adly ba\u00fd\u00adrak\u00adla\u00adry\u0148 e\u00fde\u00adsi\u00addir. Ol \u201cGalp no\u00adta\u00adly du\u00adet\u201d at\u00adly il\u00adkin\u00adji ro\u00adma\u00adny\u00adny \u00fda\u00ad\u0148y 16 \u00fda\u00ad\u015fyn\u00adda\u00adka 1980-nji \u00fdyl\u00adda \u00fda\u00adzyp\u00addyr. Ro\u00adman \u00fc\u00e7 \u00fdyl\u00addan so\u0148 ne\u00ad\u015fir edi\u00adlip, ki\u00adta\u00adby\u0148 \u015fowly \u00e7ykmagy onu\u0148 so\u0148\u00adky yk\u00adba\u00adly\u00adny kes\u00adgit\u00adle\u00fd\u00e4r. Mu\u00ad\u00fdart \u00fda\u00adzy\u00adjy\u00adlyk kar\u00ad\u00fde\u00adra\u00adsy\u00adny sa\u00fd\u00adlap al\u00fdar. Mu\u00ad\u00fdart k\u00e4\u00adbir ki\u00adtap\u00adla\u00adryn\u00adda tekst bi\u00adlen sa\u00adzy sep\u00adl\u00e4p\u00addir. \u015ee\u00fd\u00adle\u00adlik\u00adde, onu\u0148 \u201cBe\u00adhi\u015ft\u201d (2015) we \u201c\u00dda\u00adra\u00addy\u00adly\u015f\u201d (2003) \u00fda\u00adly ro\u00adman\u00adla\u00adry ses \u00fdazgysy bi\u00adlen bir\u00adlik\u00adde sa\u00adty\u00adlyp\u00addyr. \u00c7a\u00adga\u00adlar \u00fda\u00adzy\u00adjy\u00adsy Bar\u00adt Mu\u00ad\u00fdart ba\u00fd\u00adra\u00adgy\u0148 esas\u00adlan\u00addy\u00adry\u00adlan \u00fdy\u00adly \u2013 2002-nji \u00fdyl\u00addan b\u00e4\u00adri her \u00fdyl da\u00adla\u015f\u00adg\u00e4r bo\u00adlup, ol di\u00ad\u0148e \u015fu \u00fdyl bu ba\u00fd\u00adra\u00adga my\u00adna\u00adsyp bol\u00addy.<br \/>\nGe\u00ad\u00e7en \u00fdyl Ast\u00adrid Lindg\u00adre\u00adni\u0148 ady\u00adny g\u00f6\u00adter\u00ad\u00fd\u00e4n hal\u00adka\u00adra ede\u00adbi\u00ad\u00fdat ba\u00fd\u00adra\u00adgy\u00adna ame\u00adri\u00adkan \u00fda\u00adzy\u00adjy ze\u00adna\u00adny \u017dak\u00adlin Wud\u00adson my\u00adna\u00adsyp bo\u00adlup\u00addy. Ast\u00adrid Lindg\u00adren ba\u00fd\u00adra\u00adgy \u00e7a\u00adga\u00adlar we \u00fdet\u00adgin\u00adjek\u00adler ede\u00adbi\u00ad\u00fda\u00adtyn\u00adda ga\u00adza\u00adny\u00adlan \u00fcs\u00adt\u00fcn\u00adlik\u00adler \u00fc\u00e7in be\u00adril\u00ad\u00fd\u00e4n uly pul sy\u00adla\u00adgy\u00addyr. Ol 2002-nji \u00fdy\u00adly\u0148 \u00fdan\u00adwa\u00adryn\u00adda \u015ewe\u00adsi\u00ad\u00fda\u00adny\u0148 \u00e7a\u00adga\u00adlar \u00fda\u00adzy\u00adjy\u00adsy Ast\u00adrid Lindg\u00adren (1907 \u2013 2002) ara\u00addan \u00e7y\u00adkan\u00addan so\u0148\u00adra \u015ewe\u00adsi\u00ad\u00fda h\u00f6\u00adk\u00fc\u00adme\u00adti ta\u00adra\u00adpyn\u00addan esas\u00adlan\u00addy\u00adryl\u00ad\u00fdar. Ba\u00fd\u00adraga mynasyp bolan 5 mil\u00adli\u00adon \u015fwed kro\u00adnyn\u00ady (500 m\u00fc\u0148 \u00fdew\u00adro) bilen sylaglan\u00fdar.<\/p>\n","protected":false},"excerpt":{"rendered":"<p>\u015ewe\u00adsi\u00ad\u00fda\u00adda \u00e7a\u00adga\u00adlar ede\u00adbi\u00ad\u00fda\u00adty bo\u00ad\u00fdun\u00ad\u00e7a be\u00adril\u00ad\u00fd\u00e4n Ast\u00adrid Lindg\u00adren ba\u00fd\u00adra\u00adgyny\u0148 t\u00e4\u00adze e\u00fde\u00adsi m\u00e4\u00adlim edil\u00addi. \u015eu \u00fdyl bu ba\u00fd\u00adra\u00adga bel\u00adgi\u00ad\u00fda\u00adly \u00fda\u00adzy\u00adjy Bart Mu\u00ad\u00fdart my\u00adna\u00adsyp bol\u00addy. Bart Mu\u00ad\u00fdart Bel\u00adgi\u00ad\u00fda\u00adny\u0148 me\u015f\u00adhur \u00fda\u00adzy\u00adjy\u00adla\u00adryny\u0148 bi\u00adri bo\u00adlup, 40-dan gow\u00adrak ki\u00adta\u00adby\u0148 we k\u00f6p san\u00adly ba\u00fd\u00adrak\u00adla\u00adry\u0148 e\u00fde\u00adsi\u00addir. Ol \u201cGalp no\u00adta\u00adly du\u00adet\u201d at\u00adly il\u00adkin\u00adji ro\u00adma\u00adny\u00adny \u00fda\u00ad\u0148y 16 \u00fda\u00ad\u015fyn\u00adda\u00adka 1980-nji \u00fdyl\u00adda \u00fda\u00adzyp\u00addyr. Ro\u00adman \u00fc\u00e7 \u00fdyl\u00addan so\u0148 ne\u00ad\u015fir [&hellip;]<\/p>\n","protected":false},"author":1,"featured_media":21239,"comment_status":"open","ping_status":"closed","sticky":false,"template":"","format":"standard","meta":{"footnotes":""},"categories":[11],"tags":[],"acf":[],"_links":{"self":[{"href":"https:\/\/zamanturkmenistan.com.tm\/index.php?rest_route=\/wp\/v2\/posts\/21238"}],"collection":[{"href":"https:\/\/zamanturkmenistan.com.tm\/index.php?rest_route=\/wp\/v2\/posts"}],"about":[{"href":"https:\/\/zamanturkmenistan.com.tm\/index.php?rest_route=\/wp\/v2\/types\/post"}],"author":[{"embeddable":true,"href":"https:\/\/zamanturkmenistan.com.tm\/index.php?rest_route=\/wp\/v2\/users\/1"}],"replies":[{"embeddable":true,"href":"https:\/\/zamanturkmenistan.com.tm\/index.php?rest_route=%2Fwp%2Fv2%2Fcomments&post=21238"}],"version-history":[{"count":0,"href":"https:\/\/zamanturkmenistan.com.tm\/index.php?rest_route=\/wp\/v2\/posts\/21238\/revisions"}],"wp:featuredmedia":[{"embeddable":true,"href":"https:\/\/zamanturkmenistan.com.tm\/index.php?rest_route=\/wp\/v2\/media\/21239"}],"wp:attachment":[{"href":"https:\/\/zamanturkmenistan.com.tm\/index.php?rest_route=%2Fwp%2Fv2%2Fmedia&parent=21238"}],"wp:term":[{"taxonomy":"category","embeddable":true,"href":"https:\/\/zamanturkmenistan.com.tm\/index.php?rest_route=%2Fwp%2Fv2%2Fcategories&post=21238"},{"taxonomy":"post_tag","embeddable":true,"href":"https:\/\/zamanturkmenistan.com.tm\/index.php?rest_route=%2Fwp%2Fv2%2Ftags&post=21238"}],"curies":[{"name":"wp","href":"https:\/\/api.w.org\/{rel}","templated":true}]}}