{"id":21241,"date":"2019-04-14T16:59:53","date_gmt":"2019-04-14T11:59:53","guid":{"rendered":"http:\/\/zamanturkmenistan.com\/?p=21241"},"modified":"2019-04-14T16:59:56","modified_gmt":"2019-04-14T11:59:56","slug":"uc-gezek-hodurlenipdir","status":"publish","type":"post","link":"https:\/\/zamanturkmenistan.com.tm\/?p=21241","title":{"rendered":"\u00dc\u00e7 ge\u00adzek h\u00f6\u00add\u00fcr\u00adle\u00adnip\u00addir"},"content":{"rendered":"<p>\u015ewed aka\u00adde\u00admi\u00ad\u00fda\u00adsy\u00adny\u0148 ar\u00adhiw ma\u00adte\u00adri\u00adal\u00adla\u00adryn\u00addan bel\u00adli bol\u00ad\u015fu\u00adna g\u00f6\u00adr\u00e4, me\u015f\u00adhur so\u00adwet \u00fda\u00adzy\u00adjy\u00adsy Kons\u00adtan\u00adtin Pa\u00adus\u00adtows\u00adki\u00fd 3 ge\u00adzek No\u00adbe\u00adli\u0148 ede\u00adbi\u00ad\u00fdat bo\u00ad\u00fdun\u00ad\u00e7a ba\u00fd\u00adra\u00adgy\u00adna da\u00adla\u015f\u00adg\u00e4r h\u00f6k\u00adm\u00fcn\u00adde bel\u00adli\u00adge al\u00adnan eken. M\u00e4\u00adlim bol\u00ad\u015fy \u00fda\u00adly, aka\u00adde\u00admi\u00ad\u00fda\u00adny\u0148 No\u00adbel ba\u00fd\u00adra\u00adgy\u00ad\u00adna h\u00f6\u00add\u00fcr\u00adle\u00adnen da\u00adla\u015f\u00adg\u00e4r\u00adle\u00adr ba\u00adra\u00adda\u00adky mag\u00adlu\u00admat\u00adlar 50 \u00fdyl giz\u00adlin sak\u00adla\u00adnyp, so\u0148\u00adra m\u00e4\u00adlim edil\u00ad\u00fd\u00e4r.<br \/>\nMag\u00adlu\u00admat\u00adlara g\u00f6r\u00e4, me\u015f\u00adhur \u00fda\u00adzy\u00adjy\u00adny\u0148 ady 1965-nji, 1967-nji we 1968-nji \u00fdyl\u00adlar\u00adda\u00adky esa\u00adsy da\u00adla\u015f\u00adg\u00e4r\u00adle\u00adri\u0148 sa\u00adna\u00adwyn\u00adda g\u00f6rkezil\u00fd\u00e4r. Aka\u00adde\u00admi\u00ad\u00fda\u00adny\u0148 \u015fol d\u00f6\u00adw\u00fcr\u00add\u00e4\u00adki ba\u00fd\u00adrak ber\u00admek bo\u00ad\u00fdun\u00ad\u00e7a ko\u00admi\u00adte\u00adti\u00adni\u0148 we\u00adki\u00adli  An\u00adders Es\u00adter\u00adlin\u00adgi\u0148 a\u00fdt\u00adma\u00adgy\u00adna g\u00f6\u00adr\u00e4, \u201c1968-nji \u00fdy\u00adly\u0148 14-nji i\u00fdu\u00adlyn\u00adda Kons\u00adtan\u00adtin Pa\u00adus\u00adtows\u00adki\u00adni\u0148 ara\u00addan \u00e7yk\u00adma\u00adgy ze\u00adrar\u00adly i\u0148 o\u0148at tek\u00adlip sa\u00adnaw\u00addan \u00f6\u00e7\u00fc\u00adril\u00addi. Bu gy\u00adnan\u00addy\u00adry\u00adjy \u00fdag\u00adda\u00fd, \u00e7\u00fcn\u00adki o\u0148a \u00fda\u00adkyn ge\u00adl\u00adjek\u00adde o\u0148at m\u00fcm\u00adkin\u00ad\u00e7i\u00adlik d\u00f6\u00adr\u00e4p\u00addi\u201d.<\/p>\n","protected":false},"excerpt":{"rendered":"<p>\u015ewed aka\u00adde\u00admi\u00ad\u00fda\u00adsy\u00adny\u0148 ar\u00adhiw ma\u00adte\u00adri\u00adal\u00adla\u00adryn\u00addan bel\u00adli bol\u00ad\u015fu\u00adna g\u00f6\u00adr\u00e4, me\u015f\u00adhur so\u00adwet \u00fda\u00adzy\u00adjy\u00adsy Kons\u00adtan\u00adtin Pa\u00adus\u00adtows\u00adki\u00fd 3 ge\u00adzek No\u00adbe\u00adli\u0148 ede\u00adbi\u00ad\u00fdat bo\u00ad\u00fdun\u00ad\u00e7a ba\u00fd\u00adra\u00adgy\u00adna da\u00adla\u015f\u00adg\u00e4r h\u00f6k\u00adm\u00fcn\u00adde bel\u00adli\u00adge al\u00adnan eken. M\u00e4\u00adlim bol\u00ad\u015fy \u00fda\u00adly, aka\u00adde\u00admi\u00ad\u00fda\u00adny\u0148 No\u00adbel ba\u00fd\u00adra\u00adgy\u00ad\u00adna h\u00f6\u00add\u00fcr\u00adle\u00adnen da\u00adla\u015f\u00adg\u00e4r\u00adle\u00adr ba\u00adra\u00adda\u00adky mag\u00adlu\u00admat\u00adlar 50 \u00fdyl giz\u00adlin sak\u00adla\u00adnyp, so\u0148\u00adra m\u00e4\u00adlim edil\u00ad\u00fd\u00e4r. Mag\u00adlu\u00admat\u00adlara g\u00f6r\u00e4, me\u015f\u00adhur \u00fda\u00adzy\u00adjy\u00adny\u0148 ady 1965-nji, 1967-nji we 1968-nji \u00fdyl\u00adlar\u00adda\u00adky esa\u00adsy da\u00adla\u015f\u00adg\u00e4r\u00adle\u00adri\u0148 sa\u00adna\u00adwyn\u00adda g\u00f6rkezil\u00fd\u00e4r. Aka\u00adde\u00admi\u00ad\u00fda\u00adny\u0148 [&hellip;]<\/p>\n","protected":false},"author":1,"featured_media":21242,"comment_status":"open","ping_status":"closed","sticky":false,"template":"","format":"standard","meta":{"footnotes":""},"categories":[11],"tags":[],"acf":[],"_links":{"self":[{"href":"https:\/\/zamanturkmenistan.com.tm\/index.php?rest_route=\/wp\/v2\/posts\/21241"}],"collection":[{"href":"https:\/\/zamanturkmenistan.com.tm\/index.php?rest_route=\/wp\/v2\/posts"}],"about":[{"href":"https:\/\/zamanturkmenistan.com.tm\/index.php?rest_route=\/wp\/v2\/types\/post"}],"author":[{"embeddable":true,"href":"https:\/\/zamanturkmenistan.com.tm\/index.php?rest_route=\/wp\/v2\/users\/1"}],"replies":[{"embeddable":true,"href":"https:\/\/zamanturkmenistan.com.tm\/index.php?rest_route=%2Fwp%2Fv2%2Fcomments&post=21241"}],"version-history":[{"count":0,"href":"https:\/\/zamanturkmenistan.com.tm\/index.php?rest_route=\/wp\/v2\/posts\/21241\/revisions"}],"wp:featuredmedia":[{"embeddable":true,"href":"https:\/\/zamanturkmenistan.com.tm\/index.php?rest_route=\/wp\/v2\/media\/21242"}],"wp:attachment":[{"href":"https:\/\/zamanturkmenistan.com.tm\/index.php?rest_route=%2Fwp%2Fv2%2Fmedia&parent=21241"}],"wp:term":[{"taxonomy":"category","embeddable":true,"href":"https:\/\/zamanturkmenistan.com.tm\/index.php?rest_route=%2Fwp%2Fv2%2Fcategories&post=21241"},{"taxonomy":"post_tag","embeddable":true,"href":"https:\/\/zamanturkmenistan.com.tm\/index.php?rest_route=%2Fwp%2Fv2%2Ftags&post=21241"}],"curies":[{"name":"wp","href":"https:\/\/api.w.org\/{rel}","templated":true}]}}