{"id":21386,"date":"2019-04-20T19:00:12","date_gmt":"2019-04-20T14:00:12","guid":{"rendered":"http:\/\/zamanturkmenistan.com\/?p=21386"},"modified":"2019-04-20T19:00:16","modified_gmt":"2019-04-20T14:00:16","slug":"prezident-we-parlament-saylawlary-gecirildi","status":"publish","type":"post","link":"https:\/\/zamanturkmenistan.com.tm\/?p=21386","title":{"rendered":"Pre\u00adzi\u00addent we Par\u00adla\u00adment sa\u00fd\u00adlaw\u00adla\u00adry ge\u00ad\u00e7i\u00adril\u00addi"},"content":{"rendered":"<p>In\u00addo\u00adne\u00adzi\u00ad\u00fda\u00adda 17-nji ap\u00adrel\u00adde Pre\u00adzi\u00addent sa\u00fd\u00adlaw\u00adla\u00adry, Par\u00adla\u00admen\u00adti\u0148 we \u00fder\u00adli mejlisleri\u0148 we\u00adkil\u00adle\u00adri\u00adni\u0148 sa\u00fd\u00adlaw\u00adla\u00adry ge\u00ad\u00e7i\u00adril\u00addi. \u00ddo\u00adka\u00adry d\u00f6w\u00adlet we\u00adzi\u00adpe\u00adsi\u00adne h\u00e4\u00adzir\u00adki Pre\u00adzi\u00addent Jo\u00adko Wi\u00addo\u00addo hem-de \u00e4ti\u00ad\u00fda\u00e7\u00adlyk\u00adda\u00adky ge\u00adne\u00adral Pra\u00adbo\u00adwo Su\u00adbi\u00adan\u00adto da\u00adla\u015f\u00adg\u00e4r\u00adlik et\u00addi\u00ad.<br \/>\nSo\u0148\u00adky mag\u00adlu\u00admat\u00adla\u00adra g\u00f6\u00adr\u00e4, 57 \u00fda\u015f\u00adly Jo\u00adko Wi\u00addo\u00addo sa\u00fd\u00adlaw\u00ad\u00e7y\u00adla\u00adry\u0148 56,7% se\u00adsi\u00adne e\u00fde bo\u00adlup, \u00f6\u0148\u00adde\u00adli\u00adgi e\u00fde\u00adle\u00addi. Onu\u0148 gar\u00ad\u015fy\u00adda\u00ad\u015fy Pra\u00adbo\u00adwo Su\u00adbi\u00adan\u00adto bol\u00adsa, ses\u00adle\u00adri\u0148 43,3%-ine e\u00fde bol\u00addy. Kons\u00adti\u00adtu\u00adsi\u00ad\u00fda la\u00ad\u00fdyk\u00adlyk\u00adda, olar bi\u00adlen bir\u00adlik\u00adde wi\u00adse-pre\u00adzi\u00addent\u00adler hem sa\u00fd\u00adlan\u00ad\u00fdar. Mer\u00adke\u00adzi sa\u00fd\u00adlaw ko\u00admis\u00adsi\u00ad\u00fda\u00adsy\u00adny\u0148 mag\u00adlu\u00admat\u00adla\u00adry\u00adna g\u00f6\u00adr\u00e4, Pre\u00adzi\u00addent Jo\u00adko Wi\u00addo\u00addo wi\u00adse-pre\u00adzi\u00adden\u00adti\u0148 we\u00adzi\u00adpe\u00adsi\u00adne In\u00addo\u00adnez ula\u00adma\u00adlar ge\u00ad\u0148e\u00ad\u015fi\u00adni\u0148 ba\u015f\u00adly\u00adgy Ma\u00adruf Ami\u00adni tek\u00adlip edip\u00addir.<br \/>\n263 mil\u00adli\u00adon ilat\u00adly \u00fdurt\u00adda 800 m\u00fc\u0148 sa\u00fd\u00adlaw u\u00e7as\u00adto\u00adgy a\u00e7y\u00adlyp, olar\u00adda 6 mil\u00adli\u00adon t\u00f6\u00adwe\u00adre\u00adgi adam i\u015f\u00adle\u00addi.<br \/>\nPar\u00adla\u00admen\u00adti\u0148 we \u00fder\u00adli eda\u00adra\u00adla\u00adry\u00ad\u0148 we\u00adkil\u00adle\u00adri\u00adni\u0148 sa\u00fd\u00adlaw\u00adla\u00adry\u00adna 20 m\u00fc\u0148\u00adden gow\u00adrak \u00fde\u00adre bel\u00adle\u00adnil\u00adme\u00adli 16 sa\u00adny sy\u00ad\u00fda\u00adsy par\u00adti\u00ad\u00fda we\u00adkil\u00ad\u00e7i\u00adlik ed\u00ad\u00fd\u00e4n 245 m\u00fc\u0148 da\u00adla\u015f\u00adg\u00e4r gat\u00adna\u015f\u00addy. Sa\u00fd\u00adla\u00adwy\u0148 anyk ne\u00adti\u00adje\u00adle\u00adri 22-nji ma\u00fd\u00adda m\u00e4\u00adlim edi\u00adler.<\/p>\n","protected":false},"excerpt":{"rendered":"<p>In\u00addo\u00adne\u00adzi\u00ad\u00fda\u00adda 17-nji ap\u00adrel\u00adde Pre\u00adzi\u00addent sa\u00fd\u00adlaw\u00adla\u00adry, Par\u00adla\u00admen\u00adti\u0148 we \u00fder\u00adli mejlisleri\u0148 we\u00adkil\u00adle\u00adri\u00adni\u0148 sa\u00fd\u00adlaw\u00adla\u00adry ge\u00ad\u00e7i\u00adril\u00addi. \u00ddo\u00adka\u00adry d\u00f6w\u00adlet we\u00adzi\u00adpe\u00adsi\u00adne h\u00e4\u00adzir\u00adki Pre\u00adzi\u00addent Jo\u00adko Wi\u00addo\u00addo hem-de \u00e4ti\u00ad\u00fda\u00e7\u00adlyk\u00adda\u00adky ge\u00adne\u00adral Pra\u00adbo\u00adwo Su\u00adbi\u00adan\u00adto da\u00adla\u015f\u00adg\u00e4r\u00adlik et\u00addi\u00ad. So\u0148\u00adky mag\u00adlu\u00admat\u00adla\u00adra g\u00f6\u00adr\u00e4, 57 \u00fda\u015f\u00adly Jo\u00adko Wi\u00addo\u00addo sa\u00fd\u00adlaw\u00ad\u00e7y\u00adla\u00adry\u0148 56,7% se\u00adsi\u00adne e\u00fde bo\u00adlup, \u00f6\u0148\u00adde\u00adli\u00adgi e\u00fde\u00adle\u00addi. Onu\u0148 gar\u00ad\u015fy\u00adda\u00ad\u015fy Pra\u00adbo\u00adwo Su\u00adbi\u00adan\u00adto bol\u00adsa, ses\u00adle\u00adri\u0148 43,3%-ine e\u00fde bol\u00addy. Kons\u00adti\u00adtu\u00adsi\u00ad\u00fda la\u00ad\u00fdyk\u00adlyk\u00adda, olar bi\u00adlen bir\u00adlik\u00adde wi\u00adse-pre\u00adzi\u00addent\u00adler [&hellip;]<\/p>\n","protected":false},"author":1,"featured_media":21387,"comment_status":"open","ping_status":"closed","sticky":false,"template":"","format":"standard","meta":{"footnotes":""},"categories":[5],"tags":[],"acf":[],"_links":{"self":[{"href":"https:\/\/zamanturkmenistan.com.tm\/index.php?rest_route=\/wp\/v2\/posts\/21386"}],"collection":[{"href":"https:\/\/zamanturkmenistan.com.tm\/index.php?rest_route=\/wp\/v2\/posts"}],"about":[{"href":"https:\/\/zamanturkmenistan.com.tm\/index.php?rest_route=\/wp\/v2\/types\/post"}],"author":[{"embeddable":true,"href":"https:\/\/zamanturkmenistan.com.tm\/index.php?rest_route=\/wp\/v2\/users\/1"}],"replies":[{"embeddable":true,"href":"https:\/\/zamanturkmenistan.com.tm\/index.php?rest_route=%2Fwp%2Fv2%2Fcomments&post=21386"}],"version-history":[{"count":0,"href":"https:\/\/zamanturkmenistan.com.tm\/index.php?rest_route=\/wp\/v2\/posts\/21386\/revisions"}],"wp:featuredmedia":[{"embeddable":true,"href":"https:\/\/zamanturkmenistan.com.tm\/index.php?rest_route=\/wp\/v2\/media\/21387"}],"wp:attachment":[{"href":"https:\/\/zamanturkmenistan.com.tm\/index.php?rest_route=%2Fwp%2Fv2%2Fmedia&parent=21386"}],"wp:term":[{"taxonomy":"category","embeddable":true,"href":"https:\/\/zamanturkmenistan.com.tm\/index.php?rest_route=%2Fwp%2Fv2%2Fcategories&post=21386"},{"taxonomy":"post_tag","embeddable":true,"href":"https:\/\/zamanturkmenistan.com.tm\/index.php?rest_route=%2Fwp%2Fv2%2Ftags&post=21386"}],"curies":[{"name":"wp","href":"https:\/\/api.w.org\/{rel}","templated":true}]}}