{"id":21418,"date":"2019-04-21T14:30:27","date_gmt":"2019-04-21T09:30:27","guid":{"rendered":"http:\/\/zamanturkmenistan.com\/?p=21418"},"modified":"2019-04-21T14:30:30","modified_gmt":"2019-04-21T09:30:30","slug":"dunya-habarlary-gysga-setirlerde","status":"publish","type":"post","link":"https:\/\/zamanturkmenistan.com.tm\/?p=21418","title":{"rendered":"D\u00fcn\u00ad\u00fd\u00e4 ha\u00adbar\u00adla\u00adry gys\u00adga se\u00adtir\u00adler\u00adde"},"content":{"rendered":"<p>Is\u00adpa\u00adni\u00ad\u00fda\u00adda 28-nji ap\u00adrel\u00adde wag\u00adtyn\u00addan \u00f6\u0148 Par\u00adla\u00adment sa\u00fd\u00adlaw\u00adla\u00adry ge\u00ad\u00e7i\u00adri\u00adler. Bu ba\u00adra\u00adda \u00fdur\u00addu\u0148 Prem\u00ad\u00fder-mi\u00adnist\u00adri Ped\u00adro San\u00ad\u00e7es m\u00e4\u00adlim et\u00addi. Is\u00adpa\u00adni\u00ad\u00fda\u00adda me\u00ad\u00fdil\u00adle\u015f\u00addi\u00adri\u00adlen Par\u00adla\u00adment sa\u00fd\u00adlaw\u00adla\u00adry 2020-nji \u00fdyl\u00adda ge\u00e7\u00adme\u00adli\u00addi.<\/p>\n<p>Pa\u00adles\u00adti\u00adna\u00adny\u0148 t\u00e4\u00adze h\u00f6\u00adk\u00fc\u00adme\u00adtini\u0148 agzlary ka\u00adsam ka\u00adbul et\u00addi. Pa\u00adles\u00adti\u00adna\u00adny\u0148 Mi\u00adnistr\u00adler Ka\u00adbi\u00adne\u00adti\u00adne \u00fdurdu\u0148 Pre\u00adzi\u00adden\u00adti Mah\u00admud Ab\u00adba\u00adsy\u0148 egin\u00adde\u015f\u00adle\u00adri\u00adni\u0148 bi\u00adri Mu\u00adham\u00admed \u015eta\u00fd\u00ad\u00fda \u00fdol\u00adba\u015f\u00ad\u00e7y\u00adlyk et\u00addi. Ka\u00adbi\u00adnet h\u00e4\u00adzir\u00adlik\u00ad\u00e7e 22 adam\u00addan yba\u00adrat.<\/p>\n<p>Is\u00adpa\u00adni\u00ad\u00fda\u00adny\u0148 ila\u00adty 2018-nji \u00fdyl\u00adda 284 m\u00fc\u0148 387 adam ar\u00adtyp, ne\u00adti\u00adje\u00adde ila\u00adty\u0148 umu\u00admy sa\u00adny 47 mil\u00adli\u00adon ada\u00adma \u00fdet\u00addi. Bu ba\u00adra\u00adda \u00fdur\u00addu\u0148 Mil\u00adli sta\u00adtis\u00adti\u00adka ins\u00adti\u00adtu\u00adty ha\u00adbar ber\u00ad\u00fd\u00e4r.<\/p>\n<p>Nor\u00adwe\u00adgi\u00ad\u00fda\u00adny\u0148 ne\u00adbiti\u0148 we ga\u00adzy\u0148 sa\u00adtu\u00adwyn\u00addan jem\u00adlen\u00ad\u00fd\u00e4n D\u00f6w\u00adlet pensi\u00fda gaz\u00adna\u00adsy \u00fdel we g\u00fcn ener\u00adgi\u00ad\u00fda\u00adsy bo\u00ad\u00fdun\u00ad\u00e7a tas\u00adla\u00adma\u00adla\u00adra mil\u00adliard\u00adlar\u00ad\u00e7a dol\u00adlar ma\u00ad\u00fda go\u00fd\u00ad\u00fdar. Bu ba\u00adra\u00adda Be\u00ad\u00fdik Bri\u00adta\u00adni\u00ad\u00fda\u00adny\u0148 \u201cThe Gu\u00adar\u00addi\u00adan\u201d ga\u00adze\u00adti ha\u00adbar berdi.<\/p>\n<p>G\u00fc\u00adnor\u00adta Ko\u00adre\u00ad\u00fda\u00adda \u201cSo\u00adju Live Fes\u00adtival 2019\u201d a\u00fd\u00addym-saz fes\u00adti\u00adwa\u00adly ge\u00ad\u00e7i\u00adri\u00adler. Fes\u00adti\u00adwal 11-nji ma\u00fd\u00adda K\u00fdon\u00adgi\u00addo we\u00adla\u00ad\u00fda\u00adty\u00adny\u0148 Kaph\u00ad\u00fdon u\u00fdez\u00addin\u00adde \u00fder\u00adle\u015f\u00ad\u00fd\u00e4n Ja\u00adra ada\u00adsyn\u00adda ge\u00ad\u00e7i\u00adri\u00adler. \u015ee\u00fd\u00adle fes\u00adti\u00adwa\u00adly\u0148 il\u00adkin\u00adji\u00adsi ge\u00ad\u00e7en \u00fdyl ge\u00ad\u00e7i\u00adri\u00adlip, o\u0148a 16 m\u00fc\u0148 adam gat\u00adna\u00ad\u015fyp\u00addy.<\/p>\n<p>Sa\u00adud Ara\u00adbys\u00adta\u00adnyn\u00adda bir a\u00fd\u00adlap do\u00adwam eden d\u00fc\u00ad\u00fde\u00adle\u00adri\u0148 fes\u00adti\u00adwa\u00adly e\u00fd\u00ad\u00fd\u00e4m 20 \u00fdyl b\u00e4\u00adri ge\u00ad\u00e7i\u00adril\u00ad\u00fd\u00e4r. D\u00fc\u00ad\u00fde \u00fda\u00adry\u00ad\u015fy\u00adna we ola\u00adry\u0148 g\u00f6\u00adzel\u00adlik b\u00e4s\u00adle\u00ad\u015fi\u00adgi\u00adne Sa\u00adud Ara\u00adbys\u00adta\u00adnyn\u00addan, Ka\u00adtar\u00addan, Ku\u00adwe\u00fdt\u00adden we BAE-den 50 m\u00fc\u0148 d\u00fc\u00ad\u00fde gat\u00adna\u015f\u00addyryldy. 60 mil\u00adli\u00adon dol\u00adlar m\u00f6\u00e7\u00adbe\u00adrin\u00add\u00e4\u00adki pul ba\u00fd\u00adra\u00adgy \u00fde\u00ad\u0148i\u015f ga\u00adza\u00adnan 300 d\u00fc\u00ad\u00fd\u00e4\u00adni\u0148 e\u00fde\u00adle\u00adri\u00adne pa\u00fd\u00adla\u00adnyp, ol bu b\u00e4s\u00adle\u00ad\u015fi\u00adgi\u0148 ta\u00adry\u00adhyn\u00addaky i\u0148 uly pul ba\u00fd\u00adra\u00adgy\u00addyr.<\/p>\n","protected":false},"excerpt":{"rendered":"<p>Is\u00adpa\u00adni\u00ad\u00fda\u00adda 28-nji ap\u00adrel\u00adde wag\u00adtyn\u00addan \u00f6\u0148 Par\u00adla\u00adment sa\u00fd\u00adlaw\u00adla\u00adry ge\u00ad\u00e7i\u00adri\u00adler. Bu ba\u00adra\u00adda \u00fdur\u00addu\u0148 Prem\u00ad\u00fder-mi\u00adnist\u00adri Ped\u00adro San\u00ad\u00e7es m\u00e4\u00adlim et\u00addi. Is\u00adpa\u00adni\u00ad\u00fda\u00adda me\u00ad\u00fdil\u00adle\u015f\u00addi\u00adri\u00adlen Par\u00adla\u00adment sa\u00fd\u00adlaw\u00adla\u00adry 2020-nji \u00fdyl\u00adda ge\u00e7\u00adme\u00adli\u00addi. Pa\u00adles\u00adti\u00adna\u00adny\u0148 t\u00e4\u00adze h\u00f6\u00adk\u00fc\u00adme\u00adtini\u0148 agzlary ka\u00adsam ka\u00adbul et\u00addi. Pa\u00adles\u00adti\u00adna\u00adny\u0148 Mi\u00adnistr\u00adler Ka\u00adbi\u00adne\u00adti\u00adne \u00fdurdu\u0148 Pre\u00adzi\u00adden\u00adti Mah\u00admud Ab\u00adba\u00adsy\u0148 egin\u00adde\u015f\u00adle\u00adri\u00adni\u0148 bi\u00adri Mu\u00adham\u00admed \u015eta\u00fd\u00ad\u00fda \u00fdol\u00adba\u015f\u00ad\u00e7y\u00adlyk et\u00addi. Ka\u00adbi\u00adnet h\u00e4\u00adzir\u00adlik\u00ad\u00e7e 22 adam\u00addan yba\u00adrat. Is\u00adpa\u00adni\u00ad\u00fda\u00adny\u0148 ila\u00adty 2018-nji \u00fdyl\u00adda 284 m\u00fc\u0148 387 [&hellip;]<\/p>\n","protected":false},"author":1,"featured_media":12617,"comment_status":"open","ping_status":"closed","sticky":false,"template":"","format":"standard","meta":{"footnotes":""},"categories":[5],"tags":[],"acf":[],"_links":{"self":[{"href":"https:\/\/zamanturkmenistan.com.tm\/index.php?rest_route=\/wp\/v2\/posts\/21418"}],"collection":[{"href":"https:\/\/zamanturkmenistan.com.tm\/index.php?rest_route=\/wp\/v2\/posts"}],"about":[{"href":"https:\/\/zamanturkmenistan.com.tm\/index.php?rest_route=\/wp\/v2\/types\/post"}],"author":[{"embeddable":true,"href":"https:\/\/zamanturkmenistan.com.tm\/index.php?rest_route=\/wp\/v2\/users\/1"}],"replies":[{"embeddable":true,"href":"https:\/\/zamanturkmenistan.com.tm\/index.php?rest_route=%2Fwp%2Fv2%2Fcomments&post=21418"}],"version-history":[{"count":0,"href":"https:\/\/zamanturkmenistan.com.tm\/index.php?rest_route=\/wp\/v2\/posts\/21418\/revisions"}],"wp:featuredmedia":[{"embeddable":true,"href":"https:\/\/zamanturkmenistan.com.tm\/index.php?rest_route=\/wp\/v2\/media\/12617"}],"wp:attachment":[{"href":"https:\/\/zamanturkmenistan.com.tm\/index.php?rest_route=%2Fwp%2Fv2%2Fmedia&parent=21418"}],"wp:term":[{"taxonomy":"category","embeddable":true,"href":"https:\/\/zamanturkmenistan.com.tm\/index.php?rest_route=%2Fwp%2Fv2%2Fcategories&post=21418"},{"taxonomy":"post_tag","embeddable":true,"href":"https:\/\/zamanturkmenistan.com.tm\/index.php?rest_route=%2Fwp%2Fv2%2Ftags&post=21418"}],"curies":[{"name":"wp","href":"https:\/\/api.w.org\/{rel}","templated":true}]}}