{"id":21420,"date":"2019-04-21T14:42:01","date_gmt":"2019-04-21T09:42:01","guid":{"rendered":"http:\/\/zamanturkmenistan.com\/?p=21420"},"modified":"2019-04-21T14:42:31","modified_gmt":"2019-04-21T09:42:31","slug":"meshur-korey-rezissyorynyn-taze-filmi","status":"publish","type":"post","link":"https:\/\/zamanturkmenistan.com.tm\/?p=21420","title":{"rendered":"Me\u015fhur kore\u00fd re\u017eiss\u00fdoryny\u0148 t\u00e4ze filmi"},"content":{"rendered":"<p>G\u00fc\u00adnor\u00adta Ko\u00adre\u00ad\u00fda\u00adny\u0148 bel\u00adli re\u00ad\u017eiss\u00ad\u00fdor\u00adla\u00adryn\u00addan Pon \u017dun-ho\u00adnu\u0148 \u201cPa\u00adra\u00adsi\u00adte\u201d at\u00adly t\u00e4\u00adze fil\u00admi\u00adni\u0148 \u00f6\u0148\u00fc\u00admiz\u00add\u00e4\u00adki Kann film fes\u00adti\u00adwa\u00adlyn\u00adda g\u00f6r\u00adke\u00adzil\u00adme\u00adgi\u00adne ga\u00adra\u00ad\u015fyl\u00ad\u00fdar. \u201cMe\u00admo\u00adri\u00ades of Mur\u00adder\u201d, \u201cMot\u00adher\u201d, \u201cThe Host\u201d, \u201cSnow\u00adpi\u00adercer\u201d, \u201cOk\u00adja\u201d \u00fda\u00adly mu\u015f\u00addak\u00adlar\u00addan hem-de bi\u00adler\u00admen\u00adlerd\u00aden \u00fdo\u00adka\u00adry ba\u00adha alan ki\u00adno\u00adla\u00adry su\u00adra\u00adta d\u00fc\u00ad\u015f\u00fc\u00adren re\u00ad\u017eiss\u00ad\u00fdo\u00adry\u0148 t\u00e4\u00adze ek\u00adran ese\u00adrin\u00adde Son Kan-ho, Li Son-g\u00fdun, \u00c7o \u00ddo-\u00e7on, \u00c7hwe U-\u015fik, Pak Do-sam \u00fda\u00adly \u00fdur\u00addu\u0148 bel\u00adli ar\u00adtist\u00adle\u00adri su\u00adra\u00adta d\u00fc\u015f\u00ad\u00fd\u00e4r. Dra\u00adma g\u00f6r\u00adn\u00fc\u015f\u00adli film\u00adde bir ma\u015f\u00adga\u00adla\u00adny\u0148 ba\u015f\u00addan ge\u00ad\u00e7i\u00adren \u00f6z\u00adbo\u00adlu\u015f\u00adly wa\u00adka\u00adla\u00adry dog\u00adru\u00adsyn\u00adda s\u00f6h\u00adbet a\u00e7yl\u00ad\u00fdar.<\/p>\n","protected":false},"excerpt":{"rendered":"<p>G\u00fc\u00adnor\u00adta Ko\u00adre\u00ad\u00fda\u00adny\u0148 bel\u00adli re\u00ad\u017eiss\u00ad\u00fdor\u00adla\u00adryn\u00addan Pon \u017dun-ho\u00adnu\u0148 \u201cPa\u00adra\u00adsi\u00adte\u201d at\u00adly t\u00e4\u00adze fil\u00admi\u00adni\u0148 \u00f6\u0148\u00fc\u00admiz\u00add\u00e4\u00adki Kann film fes\u00adti\u00adwa\u00adlyn\u00adda g\u00f6r\u00adke\u00adzil\u00adme\u00adgi\u00adne ga\u00adra\u00ad\u015fyl\u00ad\u00fdar. \u201cMe\u00admo\u00adri\u00ades of Mur\u00adder\u201d, \u201cMot\u00adher\u201d, \u201cThe Host\u201d, \u201cSnow\u00adpi\u00adercer\u201d, \u201cOk\u00adja\u201d \u00fda\u00adly mu\u015f\u00addak\u00adlar\u00addan hem-de bi\u00adler\u00admen\u00adlerd\u00aden \u00fdo\u00adka\u00adry ba\u00adha alan ki\u00adno\u00adla\u00adry su\u00adra\u00adta d\u00fc\u00ad\u015f\u00fc\u00adren re\u00ad\u017eiss\u00ad\u00fdo\u00adry\u0148 t\u00e4\u00adze ek\u00adran ese\u00adrin\u00adde Son Kan-ho, Li Son-g\u00fdun, \u00c7o \u00ddo-\u00e7on, \u00c7hwe U-\u015fik, Pak Do-sam \u00fda\u00adly \u00fdur\u00addu\u0148 bel\u00adli ar\u00adtist\u00adle\u00adri su\u00adra\u00adta d\u00fc\u015f\u00ad\u00fd\u00e4r. Dra\u00adma [&hellip;]<\/p>\n","protected":false},"author":1,"featured_media":21421,"comment_status":"open","ping_status":"closed","sticky":false,"template":"","format":"standard","meta":{"footnotes":""},"categories":[12],"tags":[],"acf":[],"_links":{"self":[{"href":"https:\/\/zamanturkmenistan.com.tm\/index.php?rest_route=\/wp\/v2\/posts\/21420"}],"collection":[{"href":"https:\/\/zamanturkmenistan.com.tm\/index.php?rest_route=\/wp\/v2\/posts"}],"about":[{"href":"https:\/\/zamanturkmenistan.com.tm\/index.php?rest_route=\/wp\/v2\/types\/post"}],"author":[{"embeddable":true,"href":"https:\/\/zamanturkmenistan.com.tm\/index.php?rest_route=\/wp\/v2\/users\/1"}],"replies":[{"embeddable":true,"href":"https:\/\/zamanturkmenistan.com.tm\/index.php?rest_route=%2Fwp%2Fv2%2Fcomments&post=21420"}],"version-history":[{"count":0,"href":"https:\/\/zamanturkmenistan.com.tm\/index.php?rest_route=\/wp\/v2\/posts\/21420\/revisions"}],"wp:featuredmedia":[{"embeddable":true,"href":"https:\/\/zamanturkmenistan.com.tm\/index.php?rest_route=\/wp\/v2\/media\/21421"}],"wp:attachment":[{"href":"https:\/\/zamanturkmenistan.com.tm\/index.php?rest_route=%2Fwp%2Fv2%2Fmedia&parent=21420"}],"wp:term":[{"taxonomy":"category","embeddable":true,"href":"https:\/\/zamanturkmenistan.com.tm\/index.php?rest_route=%2Fwp%2Fv2%2Fcategories&post=21420"},{"taxonomy":"post_tag","embeddable":true,"href":"https:\/\/zamanturkmenistan.com.tm\/index.php?rest_route=%2Fwp%2Fv2%2Ftags&post=21420"}],"curies":[{"name":"wp","href":"https:\/\/api.w.org\/{rel}","templated":true}]}}