{"id":21423,"date":"2019-04-21T14:47:22","date_gmt":"2019-04-21T09:47:22","guid":{"rendered":"http:\/\/zamanturkmenistan.com\/?p=21423"},"modified":"2019-04-21T14:47:27","modified_gmt":"2019-04-21T09:47:27","slug":"madonnanyn-taze-albomy","status":"publish","type":"post","link":"https:\/\/zamanturkmenistan.com.tm\/?p=21423","title":{"rendered":"Madonnany\u0148 t\u00e4ze albomy"},"content":{"rendered":"<p>D\u00fcn\u00ad\u00fd\u00e4 bel\u00adli ame\u00adri\u00adka\u00adly a\u00fd\u00addym\u00ad\u00e7y Ma\u00addon\u00adna \u201cMa\u00adda\u00adme X\u201d atly t\u00e4\u00adze al\u00adbom \u00e7y\u00adkar\u00addy. 14 a\u00fd\u00addym\u00addan yba\u00adrat bo\u00adlan albom 60 \u00fda\u015f\u00adly a\u00fd\u00addym\u00e7\u00adyny\u0148 14-nji stu\u00addi\u00ad\u00fda al\u00adbo\u00admy\u00addyr. Al\u00adbo\u00admy\u0148 i\u0148 esa\u00adsy a\u00fd\u00addy\u00admy \u201cMe\u00addel\u00adlin\u201d bo\u00adlup, Ma\u00addon\u00adna bu a\u00fd\u00addy\u00admy ko\u00adlum\u00adbi\u00ad\u00fda\u00adly a\u00fd\u00addym\u00ad\u00e7y Ma\u00adlu\u00adma bi\u00adlen bi\u00adle\u00adlik\u00adde \u00fde\u00adri\u00adne \u00fde\u00adtir\u00ad\u00fd\u00e4r. \u015ee\u00fd\u00adle-de pop a\u00fd\u00addym-sa\u00adzy\u00adny\u0148 \u015fa ze\u00adna\u00adny ha\u00adsap\u00adlan\u00ad\u00fdan Ma\u00addon\u00adna ma\u00fd a\u00fdyn\u00adda Ys\u00adra\u00ad\u00fdy\u00adly\u0148 pa\u00fd\u00adtag\u00adty Tel-Awiw\u00adde ge\u00ad\u00e7i\u00adril\u00adjek \u00ddew\u00adro\u00adwi\u00adde\u00adni\u00ad\u00fde\u00adde 2 a\u00fd\u00addym \u00fde\u00adri\u00adne \u00fde\u00adti\u00adrer. B\u00e4s\u00adle\u00ad\u015fik\u00adden da\u015f\u00adga\u00adry gat\u00adna\u015f\u00ad\u00fdan \u00fdyl\u00addyz a\u00fd\u00addym\u00ad\u00e7y \u00f6z\u00fc\u00adni\u0148 me\u015f\u00adhur hem-de t\u00e4\u00adze a\u00fd\u00addy\u00admy bi\u00adlen \u00e7y\u00adky\u015f eder. Ma\u00addon\u00adna bu \u00e7y\u00adky\u00ad\u015fy \u00fc\u00e7in 1,5 mil\u00adli\u00adon \u00fdew\u00adro hak alar.<\/p>\n","protected":false},"excerpt":{"rendered":"<p>D\u00fcn\u00ad\u00fd\u00e4 bel\u00adli ame\u00adri\u00adka\u00adly a\u00fd\u00addym\u00ad\u00e7y Ma\u00addon\u00adna \u201cMa\u00adda\u00adme X\u201d atly t\u00e4\u00adze al\u00adbom \u00e7y\u00adkar\u00addy. 14 a\u00fd\u00addym\u00addan yba\u00adrat bo\u00adlan albom 60 \u00fda\u015f\u00adly a\u00fd\u00addym\u00e7\u00adyny\u0148 14-nji stu\u00addi\u00ad\u00fda al\u00adbo\u00admy\u00addyr. Al\u00adbo\u00admy\u0148 i\u0148 esa\u00adsy a\u00fd\u00addy\u00admy \u201cMe\u00addel\u00adlin\u201d bo\u00adlup, Ma\u00addon\u00adna bu a\u00fd\u00addy\u00admy ko\u00adlum\u00adbi\u00ad\u00fda\u00adly a\u00fd\u00addym\u00ad\u00e7y Ma\u00adlu\u00adma bi\u00adlen bi\u00adle\u00adlik\u00adde \u00fde\u00adri\u00adne \u00fde\u00adtir\u00ad\u00fd\u00e4r. \u015ee\u00fd\u00adle-de pop a\u00fd\u00addym-sa\u00adzy\u00adny\u0148 \u015fa ze\u00adna\u00adny ha\u00adsap\u00adlan\u00ad\u00fdan Ma\u00addon\u00adna ma\u00fd a\u00fdyn\u00adda Ys\u00adra\u00ad\u00fdy\u00adly\u0148 pa\u00fd\u00adtag\u00adty Tel-Awiw\u00adde ge\u00ad\u00e7i\u00adril\u00adjek \u00ddew\u00adro\u00adwi\u00adde\u00adni\u00ad\u00fde\u00adde 2 a\u00fd\u00addym \u00fde\u00adri\u00adne [&hellip;]<\/p>\n","protected":false},"author":1,"featured_media":21424,"comment_status":"open","ping_status":"closed","sticky":false,"template":"","format":"standard","meta":{"footnotes":""},"categories":[12],"tags":[],"acf":[],"_links":{"self":[{"href":"https:\/\/zamanturkmenistan.com.tm\/index.php?rest_route=\/wp\/v2\/posts\/21423"}],"collection":[{"href":"https:\/\/zamanturkmenistan.com.tm\/index.php?rest_route=\/wp\/v2\/posts"}],"about":[{"href":"https:\/\/zamanturkmenistan.com.tm\/index.php?rest_route=\/wp\/v2\/types\/post"}],"author":[{"embeddable":true,"href":"https:\/\/zamanturkmenistan.com.tm\/index.php?rest_route=\/wp\/v2\/users\/1"}],"replies":[{"embeddable":true,"href":"https:\/\/zamanturkmenistan.com.tm\/index.php?rest_route=%2Fwp%2Fv2%2Fcomments&post=21423"}],"version-history":[{"count":0,"href":"https:\/\/zamanturkmenistan.com.tm\/index.php?rest_route=\/wp\/v2\/posts\/21423\/revisions"}],"wp:featuredmedia":[{"embeddable":true,"href":"https:\/\/zamanturkmenistan.com.tm\/index.php?rest_route=\/wp\/v2\/media\/21424"}],"wp:attachment":[{"href":"https:\/\/zamanturkmenistan.com.tm\/index.php?rest_route=%2Fwp%2Fv2%2Fmedia&parent=21423"}],"wp:term":[{"taxonomy":"category","embeddable":true,"href":"https:\/\/zamanturkmenistan.com.tm\/index.php?rest_route=%2Fwp%2Fv2%2Fcategories&post=21423"},{"taxonomy":"post_tag","embeddable":true,"href":"https:\/\/zamanturkmenistan.com.tm\/index.php?rest_route=%2Fwp%2Fv2%2Ftags&post=21423"}],"curies":[{"name":"wp","href":"https:\/\/api.w.org\/{rel}","templated":true}]}}