{"id":21428,"date":"2019-04-21T14:50:26","date_gmt":"2019-04-21T09:50:26","guid":{"rendered":"http:\/\/zamanturkmenistan.com\/?p=21428"},"modified":"2019-04-21T14:50:33","modified_gmt":"2019-04-21T09:50:33","slug":"tomb-raider-2-surata-dusuriler","status":"publish","type":"post","link":"https:\/\/zamanturkmenistan.com.tm\/?p=21428","title":{"rendered":"&#8220;Tomb Raider \u2013 2&#8221; surata d\u00fc\u015f\u00fcriler"},"content":{"rendered":"<p>Os\u00adkar\u00adly akt\u00adri\u00adsa Ali\u00adsi\u00ad\u00fda Wi\u00adkan\u00adder \u201cTomb Rai\u00adder\u201d fil\u00admi\u00adni\u0148 2-nji ki\u00adno\u00adsy\u00adny\u0148 su\u00adra\u00adta d\u00fc\u00ad\u015f\u00fc\u00adri\u00adlip ba\u015f\u00adlan\u00adjak\u00addy\u00adgy\u00adny ha\u00adbar ber\u00addi. \u201cThe Hol\u00adly\u00adwo\u00adod Re\u00adpor\u00adter\u201d-i\u0148 ha\u00adbar ber\u00adme\u00adgi\u00adne g\u00f6\u00adr\u00e4, h\u00e4\u00adzir\u00adki wagt\u00adda fil\u00admi\u0148 sse\u00adna\u00adri\u00adsi\u00adni\u0148 \u00fcs\u00adt\u00fcn\u00adde i\u015f\u00adle\u00adnil\u00ad\u00fd\u00e4r. Fil\u00admi\u0148 sse\u00adna\u00adri\u00adsi\u00adni Emi Jamp \u00fda\u00adzar. Re\u00ad\u017eiss\u00ad\u00fdo\u00adry bel\u00adli edil\u00adme\u00addik ki\u00adno\u00adda ba\u015f ke\u015f\u00adbi Ali\u00adsi\u00ad\u00fda Wi\u00adkan\u00adder jan\u00adlan\u00addy\u00adrar. Ge\u00ad\u00e7en \u00fdyl pro\u00adka\u00adta \u00e7y\u00adkan \u201cTomb Rai\u00adder\u201d fil\u00admi\u00adni\u0148 il\u00adkin\u00adji\u00adsi pro\u00adkat\u00adlardan 270 mil\u00adli\u00adon dol\u00adlar gir\u00adde\u00adji alyp\u00addy.<\/p>\n","protected":false},"excerpt":{"rendered":"<p>Os\u00adkar\u00adly akt\u00adri\u00adsa Ali\u00adsi\u00ad\u00fda Wi\u00adkan\u00adder \u201cTomb Rai\u00adder\u201d fil\u00admi\u00adni\u0148 2-nji ki\u00adno\u00adsy\u00adny\u0148 su\u00adra\u00adta d\u00fc\u00ad\u015f\u00fc\u00adri\u00adlip ba\u015f\u00adlan\u00adjak\u00addy\u00adgy\u00adny ha\u00adbar ber\u00addi. \u201cThe Hol\u00adly\u00adwo\u00adod Re\u00adpor\u00adter\u201d-i\u0148 ha\u00adbar ber\u00adme\u00adgi\u00adne g\u00f6\u00adr\u00e4, h\u00e4\u00adzir\u00adki wagt\u00adda fil\u00admi\u0148 sse\u00adna\u00adri\u00adsi\u00adni\u0148 \u00fcs\u00adt\u00fcn\u00adde i\u015f\u00adle\u00adnil\u00ad\u00fd\u00e4r. Fil\u00admi\u0148 sse\u00adna\u00adri\u00adsi\u00adni Emi Jamp \u00fda\u00adzar. Re\u00ad\u017eiss\u00ad\u00fdo\u00adry bel\u00adli edil\u00adme\u00addik ki\u00adno\u00adda ba\u015f ke\u015f\u00adbi Ali\u00adsi\u00ad\u00fda Wi\u00adkan\u00adder jan\u00adlan\u00addy\u00adrar. Ge\u00ad\u00e7en \u00fdyl pro\u00adka\u00adta \u00e7y\u00adkan \u201cTomb Rai\u00adder\u201d fil\u00admi\u00adni\u0148 il\u00adkin\u00adji\u00adsi pro\u00adkat\u00adlardan 270 mil\u00adli\u00adon dol\u00adlar gir\u00adde\u00adji alyp\u00addy.<\/p>\n","protected":false},"author":1,"featured_media":21429,"comment_status":"open","ping_status":"closed","sticky":false,"template":"","format":"standard","meta":{"footnotes":""},"categories":[12],"tags":[],"acf":[],"_links":{"self":[{"href":"https:\/\/zamanturkmenistan.com.tm\/index.php?rest_route=\/wp\/v2\/posts\/21428"}],"collection":[{"href":"https:\/\/zamanturkmenistan.com.tm\/index.php?rest_route=\/wp\/v2\/posts"}],"about":[{"href":"https:\/\/zamanturkmenistan.com.tm\/index.php?rest_route=\/wp\/v2\/types\/post"}],"author":[{"embeddable":true,"href":"https:\/\/zamanturkmenistan.com.tm\/index.php?rest_route=\/wp\/v2\/users\/1"}],"replies":[{"embeddable":true,"href":"https:\/\/zamanturkmenistan.com.tm\/index.php?rest_route=%2Fwp%2Fv2%2Fcomments&post=21428"}],"version-history":[{"count":0,"href":"https:\/\/zamanturkmenistan.com.tm\/index.php?rest_route=\/wp\/v2\/posts\/21428\/revisions"}],"wp:featuredmedia":[{"embeddable":true,"href":"https:\/\/zamanturkmenistan.com.tm\/index.php?rest_route=\/wp\/v2\/media\/21429"}],"wp:attachment":[{"href":"https:\/\/zamanturkmenistan.com.tm\/index.php?rest_route=%2Fwp%2Fv2%2Fmedia&parent=21428"}],"wp:term":[{"taxonomy":"category","embeddable":true,"href":"https:\/\/zamanturkmenistan.com.tm\/index.php?rest_route=%2Fwp%2Fv2%2Fcategories&post=21428"},{"taxonomy":"post_tag","embeddable":true,"href":"https:\/\/zamanturkmenistan.com.tm\/index.php?rest_route=%2Fwp%2Fv2%2Ftags&post=21428"}],"curies":[{"name":"wp","href":"https:\/\/api.w.org\/{rel}","templated":true}]}}