{"id":21587,"date":"2019-04-28T17:22:35","date_gmt":"2019-04-28T12:22:35","guid":{"rendered":"http:\/\/zamanturkmenistan.com\/?p=21587"},"modified":"2019-04-28T17:22:39","modified_gmt":"2019-04-28T12:22:39","slug":"os-turki-dunyasinin-medeni-merkezi","status":"publish","type":"post","link":"https:\/\/zamanturkmenistan.com.tm\/?p=21587","title":{"rendered":"O\u015f \u2013 t\u00fcrki d\u00fcn\u00fd\u00e4sini\u0148 medeni merkezi"},"content":{"rendered":"<p>Gyr\u00adgyz Res\u00adpub\u00adli\u00adka\u00adsy\u00adny\u0148 O\u015f \u015f\u00e4\u00adhe\u00adrin\u00adde \u00ddew\u00adra\u00adzi\u00ad\u00fda \u00fdurt\u00adla\u00adry\u00adny\u0148 k\u00f6p san\u00adly we\u00adkil\u00adle\u00adri\u00adni\u0148 gat\u00adna\u015f\u00adma\u00adgyn\u00adda hal\u00adka\u00adra \u00e7\u00e4\u00adre\u00adsi ba\u015f\u00adlan\u00addy. \u00ddur\u00addu\u0148 g\u00fc\u00adnor\u00adta\u00adda\u00adky pa\u00fd\u00adtag\u00adty bo\u00adlan O\u015f T\u00fcr\u00adki dil\u00adli halk\u00adla\u00adry\u0148 me\u00adde\u00adni\u00ad\u00fdet we sun\u00adgat gu\u00adra\u00adma\u00adsy\u00adny\u0148 (T\u00dcRK\u00adSO\u00dd) ka\u00adra\u00adry bi\u00adlen, t\u00fcrki d\u00fcn\u00ad\u00fd\u00e4\u00adsi\u00adni\u0148 me\u00adde\u00adni mer\u00adke\u00adzi de\u00adre\u00adje\u00adsi\u00adne e\u00fde bol\u00addy.<br \/>\n21-nji ap\u00adrel\u00adde O\u015f\u00adda b\u00fc\u00adtin \u00fdy\u00adly\u0148 do\u00adwa\u00admyn\u00adda d\u00fcr\u00adli g\u00f6r\u00adn\u00fc\u015f\u00adler\u00adde do\u00adwam et\u00adjek ba\u00fd\u00adram\u00ad\u00e7y\u00adlyk \u00e7\u00e4\u00adre\u00adsi\u00adni\u0148 sah\u00adna\u00adla\u015f\u00addy\u00adry\u00adlan a\u00e7y\u00adly\u015f da\u00adba\u00adra\u00adsy bol\u00addy. Azer\u00adba\u00fd\u00adjan, Bos\u00adni\u00ad\u00fda, Ga\u00adza\u00adgys\u00adtan, De\u00admir\u00adga\u00adzyk Ma\u00adke\u00addo\u00adni\u00ad\u00fda, T\u00fcrk\u00adme\u00adnis\u00adtan, T\u00fcr\u00adki\u00ad\u00fde we \u00d6z\u00adbe\u00adgis\u00adtan \u00fda\u00adly \u00fdurt\u00adlar\u00addan ge\u00adlen ar\u00adtist\u00adler sah\u00adna\u00adda \u00f6z ba\u00ad\u015far\u00adnyk\u00adla\u00adry\u00adny g\u00f6r\u00adkez\u00addi\u00adler. \u015eol bir wag\u00adty\u0148 \u00f6z\u00fcn\u00adde bu \u00fder\u00adde me\u00adde\u00adni \u015f\u00fc\u00adwe\u00adle\u0148, h\u00fc\u00adn\u00e4r\u00admen\u00adle\u00adri\u0148 ser\u00adgi-\u00fdar\u00admar\u00adka\u00adsy, a\u00fd\u00addym-saz me\u00fd\u00addan\u00ad\u00e7a\u00adsy we i\u015fe\u00adw\u00fcr\u00adle\u00adri\u0148 fo\u00adru\u00admy a\u00e7yl\u00addy. O\u015fu\u0148 myhmanlaryna d\u00fcr\u00adli halk\u00adla\u00adry\u0148 ta\u00adgam\u00adla\u00adry\u00adny da\u00addyp g\u00f6r\u00admek tek\u00adlip edi\u00adlip, egin-e\u015fik\u00adler, \u00fda\u00addy\u00adg\u00e4r\u00adlik sow\u00adgat\u00adla\u00adry sa\u00adtyn al\u00adma\u00adga m\u00fcm\u00adkin\u00ad\u00e7i\u00adlik d\u00f6\u00adre\u00addil\u00addi. Myhmanlar \u00f6z \u00fcl\u00adke\u00adle\u00adri\u00adni\u0148 m\u00fcm\u00adkin\u00ad\u00e7i\u00adlik\u00adle\u00adri bi\u00adlen ta\u00adny\u015f\u00addyr\u00addy\u00adlar.<br \/>\nDa\u00adba\u00adra\u00adny\u0148 \u00f6\u0148 \u00fda\u00adnyn\u00adda T\u00dcRK\u00adSO\u00dd-y\u0148 ba\u015f sek\u00adre\u00adta\u00adry D\u00fdu\u00adsen Ka\u00adsei\u00adnow Gyr\u00adgyz Res\u00adpub\u00adli\u00adka\u00adsy\u00adny\u0148 Pre\u00adzi\u00adden\u00adti Soo\u00adron\u00adba\u00fd \u017de\u00aden\u00adbe\u00adko\u00adwy t\u00fcr\u00adki halk\u00adla\u00adry\u0148 \u00f6\u0148\u00fcn\u00adde bi\u00adti\u00adren hyz\u00admat\u00adla\u00adry \u00fc\u00e7in gu\u00adra\u00adma\u00adny\u0148 me\u00adda\u00adly bi\u00adlen sy\u00adlag\u00adla\u00addy.<br \/>\nO\u015f t\u00fcrki d\u00fcn\u00ad\u00fd\u00e4\u00adsi\u00adni\u0148 me\u00adde\u00adni mer\u00adke\u00adzi de\u00adre\u00adje\u00adsi\u00adne e\u00fde bo\u00adlan Gyr\u00adgyz Res\u00adpub\u00adli\u00adka\u00adsy\u00adny\u0148 il\u00adkin\u00adji \u015f\u00e4\u00adhe\u00adri\u00addir. Mun\u00addan ozal As\u00adta\u00adna we Tur\u00adkes\u00adtan (Ga\u00adza\u00adgys\u00adtan), Es\u00adki\u00ad\u015fehir (T\u00fcr\u00adki\u00ad\u00fde), Ka\u00adzan (Rus\u00adsi\u00ad\u00fda), Ma\u00adry (T\u00fcrk\u00adme\u00adnis\u00adtan), \u015ee\u00adki (Azer\u00adba\u00fd\u00adjan) \u00fda\u00adly \u015f\u00e4\u00adher\u00adler \u015fe\u00fd\u00adle de\u00adre\u00adj\u00e4 e\u00fde bo\u00adlup\u00addy\u00adlar.<\/p>\n","protected":false},"excerpt":{"rendered":"<p>Gyr\u00adgyz Res\u00adpub\u00adli\u00adka\u00adsy\u00adny\u0148 O\u015f \u015f\u00e4\u00adhe\u00adrin\u00adde \u00ddew\u00adra\u00adzi\u00ad\u00fda \u00fdurt\u00adla\u00adry\u00adny\u0148 k\u00f6p san\u00adly we\u00adkil\u00adle\u00adri\u00adni\u0148 gat\u00adna\u015f\u00adma\u00adgyn\u00adda hal\u00adka\u00adra \u00e7\u00e4\u00adre\u00adsi ba\u015f\u00adlan\u00addy. \u00ddur\u00addu\u0148 g\u00fc\u00adnor\u00adta\u00adda\u00adky pa\u00fd\u00adtag\u00adty bo\u00adlan O\u015f T\u00fcr\u00adki dil\u00adli halk\u00adla\u00adry\u0148 me\u00adde\u00adni\u00ad\u00fdet we sun\u00adgat gu\u00adra\u00adma\u00adsy\u00adny\u0148 (T\u00dcRK\u00adSO\u00dd) ka\u00adra\u00adry bi\u00adlen, t\u00fcrki d\u00fcn\u00ad\u00fd\u00e4\u00adsi\u00adni\u0148 me\u00adde\u00adni mer\u00adke\u00adzi de\u00adre\u00adje\u00adsi\u00adne e\u00fde bol\u00addy. 21-nji ap\u00adrel\u00adde O\u015f\u00adda b\u00fc\u00adtin \u00fdy\u00adly\u0148 do\u00adwa\u00admyn\u00adda d\u00fcr\u00adli g\u00f6r\u00adn\u00fc\u015f\u00adler\u00adde do\u00adwam et\u00adjek ba\u00fd\u00adram\u00ad\u00e7y\u00adlyk \u00e7\u00e4\u00adre\u00adsi\u00adni\u0148 sah\u00adna\u00adla\u015f\u00addy\u00adry\u00adlan a\u00e7y\u00adly\u015f da\u00adba\u00adra\u00adsy bol\u00addy. Azer\u00adba\u00fd\u00adjan, Bos\u00adni\u00ad\u00fda, Ga\u00adza\u00adgys\u00adtan, De\u00admir\u00adga\u00adzyk [&hellip;]<\/p>\n","protected":false},"author":1,"featured_media":21588,"comment_status":"open","ping_status":"closed","sticky":false,"template":"","format":"standard","meta":{"footnotes":""},"categories":[5],"tags":[],"acf":[],"_links":{"self":[{"href":"https:\/\/zamanturkmenistan.com.tm\/index.php?rest_route=\/wp\/v2\/posts\/21587"}],"collection":[{"href":"https:\/\/zamanturkmenistan.com.tm\/index.php?rest_route=\/wp\/v2\/posts"}],"about":[{"href":"https:\/\/zamanturkmenistan.com.tm\/index.php?rest_route=\/wp\/v2\/types\/post"}],"author":[{"embeddable":true,"href":"https:\/\/zamanturkmenistan.com.tm\/index.php?rest_route=\/wp\/v2\/users\/1"}],"replies":[{"embeddable":true,"href":"https:\/\/zamanturkmenistan.com.tm\/index.php?rest_route=%2Fwp%2Fv2%2Fcomments&post=21587"}],"version-history":[{"count":0,"href":"https:\/\/zamanturkmenistan.com.tm\/index.php?rest_route=\/wp\/v2\/posts\/21587\/revisions"}],"wp:featuredmedia":[{"embeddable":true,"href":"https:\/\/zamanturkmenistan.com.tm\/index.php?rest_route=\/wp\/v2\/media\/21588"}],"wp:attachment":[{"href":"https:\/\/zamanturkmenistan.com.tm\/index.php?rest_route=%2Fwp%2Fv2%2Fmedia&parent=21587"}],"wp:term":[{"taxonomy":"category","embeddable":true,"href":"https:\/\/zamanturkmenistan.com.tm\/index.php?rest_route=%2Fwp%2Fv2%2Fcategories&post=21587"},{"taxonomy":"post_tag","embeddable":true,"href":"https:\/\/zamanturkmenistan.com.tm\/index.php?rest_route=%2Fwp%2Fv2%2Ftags&post=21587"}],"curies":[{"name":"wp","href":"https:\/\/api.w.org\/{rel}","templated":true}]}}