{"id":21593,"date":"2019-04-28T18:05:48","date_gmt":"2019-04-28T13:05:48","guid":{"rendered":"http:\/\/zamanturkmenistan.com\/?p=21593"},"modified":"2019-04-28T18:05:52","modified_gmt":"2019-04-28T13:05:52","slug":"emeli-an-boyunca-sammit-geciriler","status":"publish","type":"post","link":"https:\/\/zamanturkmenistan.com.tm\/?p=21593","title":{"rendered":"Eme\u00adli a\u0148 bo\u00ad\u00fdun\u00ad\u00e7a sam\u00admit ge\u00ad\u00e7i\u00adri\u00adler"},"content":{"rendered":"<p>Bir\u00adle\u00ad\u015fen Arap Emir\u00adlik\u00adle\u00adri 30-njy ap\u00adrel 1-nji ma\u00fd ara\u00adly\u00adgyn\u00adda biz\u00adnes we jem\u00adgy\u00ad\u00fdet me\u00adse\u00adle\u00adle\u00adri bo\u00ad\u00fdun\u00ad\u00e7a glo\u00adbal dia\u00adlo\u00adgy gi\u00ad\u0148elt\u00admek mak\u00adsa\u00addy bi\u00adlen \u201cAi Everyt\u00adhing\u201d at\u00adly eme\u00adli a\u0148a ba\u00adgy\u015f\u00adla\u00adnan B\u00fc\u00adtin\u00add\u00fcn\u00ad\u00fd\u00e4 sam\u00admi\u00adti\u00adni ge\u00ad\u00e7ir\u00adme\u00adgi me\u00ad\u00fdil\u00adle\u015f\u00addir\u00ad\u00fd\u00e4r. Bu ba\u00adra\u00adda emir\u00adlik\u00adle\u00adri\u0148 \u201cWAM\u201d ha\u00adbar\u00adlar agent\u00adli\u00adgi m\u00e4\u00adlim ed\u00ad\u00fd\u00e4r. \u201cAi Everyt\u00adhing\u201d-i\u0148 il\u00adkin\u00adji fo\u00adru\u00admy Du\u00adba\u00ad\u00fdy\u0148 B\u00fc\u00adtin\u00add\u00fcn\u00ad\u00fd\u00e4 s\u00f6w\u00adda mer\u00adke\u00adzin\u00adde ge\u00ad\u00e7i\u00adri\u00adler. Bir\u00adle\u00ad\u015fen Arap Emir\u00adlik\u00adle\u00adri\u00adni\u0148 wi\u00adse-pre\u00adzi\u00adden\u00adti, prem\u00ad\u00fder-mi\u00adnist\u00adri, Du\u00adba\u00fd Emir\u00adli\u00adgi\u00adni\u0148 h\u00e4\u00adki\u00admi Mo\u00adham\u00admed bin Ra\u00ad\u015fid Al Mak\u00adtu\u00admy\u0148 ho\u00adwan\u00addar\u00adly\u00adgyn\u00adda ge\u00ad\u00e7i\u00adril\u00adjek iki g\u00fcn\u00adl\u00fck \u00e7\u00e4\u00adre k\u00f6p san\u00adly bi\u00adler\u00admen\u00adle\u00adri we i\u015fe\u00adw\u00fcr\u00adle\u00adri bir \u00fde\u00adre jem\u00adl\u00e4r. Bu fo\u00adrum Te\u00adle\u00adkom\u00admi\u00adni\u00adka\u00adsi\u00ad\u00fda hal\u00adka\u00adra bi\u00adle\u00adle\u00ad\u015fi\u00adgi\u00adni\u0148, In\u00adtel\u00adlek\u00adtu\u00adal e\u00fde\u00ad\u00e7i\u00adlik bo\u00ad\u00fdun\u00ad\u00e7a hal\u00adka\u00adra gu\u00adra\u00adma\u00adsy\u00adny\u0148 \u00fdar\u00adda\u00admy, \u015fe\u00fd\u00adle hem \u201cSmart \u00adDu\u00adbai\u201d kom\u00adpa\u00adni\u00ad\u00fda\u00adsy bi\u00adlen stra\u00adte\u00adgik hyz\u00admat\u00adda\u015f\u00adlyk\u00adda BAE-de eme\u00adli a\u0148 bo\u00ad\u00fdun\u00ad\u00e7a Mil\u00adli mak\u00adsat\u00adna\u00adma\u00adny\u0148 \u00e7\u00e4k\u00adle\u00adrin\u00adde gu\u00adra\u00adlar.<\/p>\n","protected":false},"excerpt":{"rendered":"<p>Bir\u00adle\u00ad\u015fen Arap Emir\u00adlik\u00adle\u00adri 30-njy ap\u00adrel 1-nji ma\u00fd ara\u00adly\u00adgyn\u00adda biz\u00adnes we jem\u00adgy\u00ad\u00fdet me\u00adse\u00adle\u00adle\u00adri bo\u00ad\u00fdun\u00ad\u00e7a glo\u00adbal dia\u00adlo\u00adgy gi\u00ad\u0148elt\u00admek mak\u00adsa\u00addy bi\u00adlen \u201cAi Everyt\u00adhing\u201d at\u00adly eme\u00adli a\u0148a ba\u00adgy\u015f\u00adla\u00adnan B\u00fc\u00adtin\u00add\u00fcn\u00ad\u00fd\u00e4 sam\u00admi\u00adti\u00adni ge\u00ad\u00e7ir\u00adme\u00adgi me\u00ad\u00fdil\u00adle\u015f\u00addir\u00ad\u00fd\u00e4r. Bu ba\u00adra\u00adda emir\u00adlik\u00adle\u00adri\u0148 \u201cWAM\u201d ha\u00adbar\u00adlar agent\u00adli\u00adgi m\u00e4\u00adlim ed\u00ad\u00fd\u00e4r. \u201cAi Everyt\u00adhing\u201d-i\u0148 il\u00adkin\u00adji fo\u00adru\u00admy Du\u00adba\u00ad\u00fdy\u0148 B\u00fc\u00adtin\u00add\u00fcn\u00ad\u00fd\u00e4 s\u00f6w\u00adda mer\u00adke\u00adzin\u00adde ge\u00ad\u00e7i\u00adri\u00adler. Bir\u00adle\u00ad\u015fen Arap Emir\u00adlik\u00adle\u00adri\u00adni\u0148 wi\u00adse-pre\u00adzi\u00adden\u00adti, prem\u00ad\u00fder-mi\u00adnist\u00adri, Du\u00adba\u00fd Emir\u00adli\u00adgi\u00adni\u0148 h\u00e4\u00adki\u00admi Mo\u00adham\u00admed bin [&hellip;]<\/p>\n","protected":false},"author":1,"featured_media":21594,"comment_status":"open","ping_status":"closed","sticky":false,"template":"","format":"standard","meta":{"footnotes":""},"categories":[5],"tags":[],"acf":[],"_links":{"self":[{"href":"https:\/\/zamanturkmenistan.com.tm\/index.php?rest_route=\/wp\/v2\/posts\/21593"}],"collection":[{"href":"https:\/\/zamanturkmenistan.com.tm\/index.php?rest_route=\/wp\/v2\/posts"}],"about":[{"href":"https:\/\/zamanturkmenistan.com.tm\/index.php?rest_route=\/wp\/v2\/types\/post"}],"author":[{"embeddable":true,"href":"https:\/\/zamanturkmenistan.com.tm\/index.php?rest_route=\/wp\/v2\/users\/1"}],"replies":[{"embeddable":true,"href":"https:\/\/zamanturkmenistan.com.tm\/index.php?rest_route=%2Fwp%2Fv2%2Fcomments&post=21593"}],"version-history":[{"count":0,"href":"https:\/\/zamanturkmenistan.com.tm\/index.php?rest_route=\/wp\/v2\/posts\/21593\/revisions"}],"wp:featuredmedia":[{"embeddable":true,"href":"https:\/\/zamanturkmenistan.com.tm\/index.php?rest_route=\/wp\/v2\/media\/21594"}],"wp:attachment":[{"href":"https:\/\/zamanturkmenistan.com.tm\/index.php?rest_route=%2Fwp%2Fv2%2Fmedia&parent=21593"}],"wp:term":[{"taxonomy":"category","embeddable":true,"href":"https:\/\/zamanturkmenistan.com.tm\/index.php?rest_route=%2Fwp%2Fv2%2Fcategories&post=21593"},{"taxonomy":"post_tag","embeddable":true,"href":"https:\/\/zamanturkmenistan.com.tm\/index.php?rest_route=%2Fwp%2Fv2%2Ftags&post=21593"}],"curies":[{"name":"wp","href":"https:\/\/api.w.org\/{rel}","templated":true}]}}