{"id":21703,"date":"2019-05-05T16:25:16","date_gmt":"2019-05-05T11:25:16","guid":{"rendered":"http:\/\/zamanturkmenistan.com\/?p=21703"},"modified":"2019-05-05T18:03:37","modified_gmt":"2019-05-05T13:03:37","slug":"alyslara-uzayan-dostluk-yollary","status":"publish","type":"post","link":"https:\/\/zamanturkmenistan.com.tm\/?p=21703","title":{"rendered":"Alys\u00adla\u00adra uza\u00ad\u00fdan dost\u00adluk \u00fdol\u00adla\u00adry"},"content":{"rendered":"<p>Milli Liderimizi\u0148 ba\u015ftutanlygynda \u00fdur\u00addu\u00admyz\u00adda ulag ul\u00adga\u00admy\u00ad d\u00f6w\u00adre\u00adbap de\u00adre\u00adje\u00adde \u00f6s\u00add\u00fc\u00adril\u00ad\u00fd\u00e4r. Mil\u00adli Li\u00adde\u00adri\u00admi\u00adzi\u0148 bu ugur\u00adda \u00f6\u0148e s\u00fcr\u00ad\u00fd\u00e4n hal\u00adka\u00adra ba\u015f\u00adlan\u00adgy\u00e7\u00adla\u00adry esa\u00adsyn\u00adda k\u00f6p \u015fa\u00adha\u00adly mul\u00adti\u00admo\u00addal ulag ge\u00ad\u00e7el\u00adge\u00adle\u00adri\u00adni d\u00f6\u00adret\u00admek ba\u00adbat\u00adda de\u00adgi\u015f\u00adli i\u015f\u00adler dur\u00admu\u00ad\u015fa ge\u00ad\u00e7i\u00adril\u00ad\u00fd\u00e4r. Ge\u00ad\u00e7en \u00fdyl i\u015f \u00fd\u00fc\u00adz\u00fcn\u00adde dur\u00admu\u00ad\u015fa ge\u00ad\u00e7i\u00adri\u00adlip ba\u015f\u00adla\u00adnan Ow\u00adga\u00adnys\u00adtan-T\u00fcrk\u00adme\u00adnis\u00adtan-Azer\u00adba\u00fd\u00adjan-Gru\u00adzi\u00ad\u00fda-T\u00fcr\u00adki\u00ad\u00fde ugry bo\u00ad\u00fdun\u00ad\u00e7a \u201cLa\u00adpis La\u00adzu\u00adli\u201d tas\u00adla\u00adma\u00adsy uly me\u015f\u00adhur\u00adly\u00adga e\u00fde bol\u00addy. Bu ugur ar\u00adka\u00adly il\u00adkin\u00adji \u00fd\u00fck ker\u00adwen\u00adle\u00adri ge\u00e7\u00addi.<\/p>\n<p>H\u00e4\u00adzir bol\u00adsa, bu dost\u00adluk\u00adly \u00fdol\u00addan we\u00adlo\u00adsi\u00adped\u00adli \u00fd\u00f6\u00adri\u015f al\u00adnyp ba\u00adryl\u00ad\u00fdar. Ow\u00adga\u00adnys\u00adtan Ys\u00adlam Res\u00adpub\u00adli\u00adka\u00adsy\u00adny\u0148 we\u00adlo\u00adsi\u00adped fe\u00adde\u00adra\u00adsi\u00ad\u00fda\u00adsy\u00adny\u0148 gur\u00adna\u00ad\u00fdan \u00fd\u00f6\u00adri\u00ad\u015fi \u201cAg\u00adzy\u00adbir\u00adlik we aba\u00addan\u00ad\u00e7y\u00adlyk\u201d \u015fy\u00adga\u00adry as\u00adtyn\u00adda ge\u00e7\u00ad\u00fd\u00e4r. \u015eu \u00fdy\u00adly\u0148 19-njy ap\u00adre\u00adlin\u00adde ow\u00adgan top\u00adra\u00adgyn\u00adda\u00adky Hy\u00adrat \u015f\u00e4\u00adhe\u00adrin\u00adden ba\u00addal\u00adga alan we\u00adlo\u00adsi\u00adped \u00fd\u00f6\u00adri\u00ad\u015fi bi\u00adzi\u0148 d\u00f6w\u00adle\u00adti\u00admi\u00adzi\u0148 \u00e7\u00e4\u00adgin\u00adden hem ge\u00e7\u00addi. Bu we\u00adlo\u00adsi\u00adped ma\u00adra\u00adfo\u00adny\u00adna gat\u00adna\u015f\u00ad\u00fdan ow\u00adgan we\u00adlo\u00adsi\u00adped\u00ad\u00e7i\u00adler to\u00adpa\u00adry il\u00adki bi\u00adlen Ma\u00adry, so\u0148\u00adra Ahal we\u00adla\u00ad\u00fdat\u00adla\u00adry\u00adny\u0148 \u00e7\u00e4\u00adgin\u00adden ge\u00ad\u00e7ip, Bal\u00adkan we\u00adla\u00ad\u00fda\u00adtyn\u00ada bar\u00addy\u00adlar. T\u00fcrk\u00admen we ow\u00adgan d\u00f6w\u00adlet\u00adle\u00adri\u00adni\u0148 ba\u00fd\u00addak\u00adla\u00adry\u00adny par\u00adla\u00addyp gel\u00ad\u00fd\u00e4n we\u00adlo\u00adsi\u00adped\u00ad\u00e7i\u00adler \u00fdo\u00adlu\u0148 ugrun\u00adda\u00adky \u00fdur\u00addu\u00admy\u00adzy\u0148 g\u00f6\u00adzel k\u00fcn\u00adjek\u00adle\u00adri, \u015fol san\u00adda sport mak\u00adsat\u00adly bi\u00adna\u00adlar bi\u00adlen ta\u00adny\u015f\u00addy\u00adlar.<br \/>\n\u201cLa\u00adzu\u00adrit \u00fdo\u00adly\u201d di\u00fd\u00adlip at\u00adlan\u00addy\u00adry\u00adlan to\u00adpa\u00adry\u0148 umu\u00admy ge\u00e7\u00adme\u00adli \u00fdo\u00adly 4147 ki\u00adlo\u00admet\u00adre ba\u00adra\u00adbar. Olar bi\u00adzi\u0148 \u00fdur\u00addu\u00admyzd\u00adna so\u0148\u00adra Azer\u00adba\u00fd\u00adja\u00adny\u0148 pa\u00fd\u00adtag\u00adty Ba\u00adku \u015f\u00e4\u00adhe\u00adri\u00adne \u015fol \u00fder\u00adde\u00adnem Gru\u00adzi\u00ad\u00fda\u00adny\u0148 \u00fcs\u00adti bi\u00adlen ma\u00adra\u00adfo\u00adny\u0148 ahyr\u00adky no\u00adka\u00addy bo\u00adlan T\u00fcr\u00adki\u00ad\u00fde Res\u00adpub\u00adli\u00adka\u00adsy\u00adna ba\u00adrar\u00adlar.<br \/>\nOw\u00adga\u00adnys\u00adtan-T\u00fcrk\u00adme\u00adnis\u00adtan-Azer\u00adba\u00fd\u00adjan- Gru\u00adzi\u00ad\u00fda-T\u00fcr\u00adki\u00ad\u00fde ulag ge\u00ad\u00e7el\u00adge\u00adsi ugur\u00adda\u015f bi\u00adler\u00admen\u00adle\u00adri\u0148 pi\u00adki\u00adri\u00adne g\u00f6\u00adr\u00e4, Azi\u00ad\u00fda yk\u00adly\u00admy \u00fc\u00e7in yk\u00addy\u00adsa\u00addy ta\u00fd\u00addan has wa\u00adjyp ge\u00ad\u00e7el\u00adge\u00adle\u00adri\u0148 bi\u00adri\u00addir. H\u00e4\u00adzir\u00adki za\u00adman ulag d\u00fc\u00adz\u00fc\u00admi\u00adni\u0148 gur\u00adlu\u00ad\u015fy\u00adgy we \u201cLa\u00adzu\u00adrit\u201d ge\u00ad\u00e7el\u00adge\u00adsi\u00adni\u0148 do\u00adly g\u00fc\u00fd\u00adj\u00fcn\u00adde he\u00adre\u00adket et\u00adme\u00adgi ha\u00adryt \u00f6n\u00add\u00fc\u00adri\u00adji\u00adle\u00adri\u0148 i\u015fi\u00adni\u0148 ne\u00adti\u00adje\u00adli h\u00e4\u00adsi\u00ad\u00fde\u00adte e\u00fde bol\u00adma\u00adgy\u00adny \u00fcp\u00adj\u00fcn eder.<\/p>\n<p>Hak\u00adber\u00addi NU\u00adRY\u00ad\u00ddEW,<br \/>\nS. A. Ny\u00ad\u00fda\u00adzow adyn\u00adda\u00adky<br \/>\nTO\u00adHU-ny\u0148 mu\u00adgal\u00adly\u00admy.<\/p>\n","protected":false},"excerpt":{"rendered":"<p>Milli Liderimizi\u0148 ba\u015ftutanlygynda \u00fdur\u00addu\u00admyz\u00adda ulag ul\u00adga\u00admy\u00ad d\u00f6w\u00adre\u00adbap de\u00adre\u00adje\u00adde \u00f6s\u00add\u00fc\u00adril\u00ad\u00fd\u00e4r. Mil\u00adli Li\u00adde\u00adri\u00admi\u00adzi\u0148 bu ugur\u00adda \u00f6\u0148e s\u00fcr\u00ad\u00fd\u00e4n hal\u00adka\u00adra ba\u015f\u00adlan\u00adgy\u00e7\u00adla\u00adry esa\u00adsyn\u00adda k\u00f6p \u015fa\u00adha\u00adly mul\u00adti\u00admo\u00addal ulag ge\u00ad\u00e7el\u00adge\u00adle\u00adri\u00adni d\u00f6\u00adret\u00admek ba\u00adbat\u00adda de\u00adgi\u015f\u00adli i\u015f\u00adler dur\u00admu\u00ad\u015fa ge\u00ad\u00e7i\u00adril\u00ad\u00fd\u00e4r. Ge\u00ad\u00e7en \u00fdyl i\u015f \u00fd\u00fc\u00adz\u00fcn\u00adde dur\u00admu\u00ad\u015fa ge\u00ad\u00e7i\u00adri\u00adlip ba\u015f\u00adla\u00adnan Ow\u00adga\u00adnys\u00adtan-T\u00fcrk\u00adme\u00adnis\u00adtan-Azer\u00adba\u00fd\u00adjan-Gru\u00adzi\u00ad\u00fda-T\u00fcr\u00adki\u00ad\u00fde ugry bo\u00ad\u00fdun\u00ad\u00e7a \u201cLa\u00adpis La\u00adzu\u00adli\u201d tas\u00adla\u00adma\u00adsy uly me\u015f\u00adhur\u00adly\u00adga e\u00fde bol\u00addy. Bu ugur ar\u00adka\u00adly il\u00adkin\u00adji \u00fd\u00fck ker\u00adwen\u00adle\u00adri ge\u00e7\u00addi. H\u00e4\u00adzir bol\u00adsa, [&hellip;]<\/p>\n","protected":false},"author":1,"featured_media":21704,"comment_status":"open","ping_status":"closed","sticky":false,"template":"","format":"standard","meta":{"footnotes":""},"categories":[3],"tags":[],"acf":[],"_links":{"self":[{"href":"https:\/\/zamanturkmenistan.com.tm\/index.php?rest_route=\/wp\/v2\/posts\/21703"}],"collection":[{"href":"https:\/\/zamanturkmenistan.com.tm\/index.php?rest_route=\/wp\/v2\/posts"}],"about":[{"href":"https:\/\/zamanturkmenistan.com.tm\/index.php?rest_route=\/wp\/v2\/types\/post"}],"author":[{"embeddable":true,"href":"https:\/\/zamanturkmenistan.com.tm\/index.php?rest_route=\/wp\/v2\/users\/1"}],"replies":[{"embeddable":true,"href":"https:\/\/zamanturkmenistan.com.tm\/index.php?rest_route=%2Fwp%2Fv2%2Fcomments&post=21703"}],"version-history":[{"count":0,"href":"https:\/\/zamanturkmenistan.com.tm\/index.php?rest_route=\/wp\/v2\/posts\/21703\/revisions"}],"wp:featuredmedia":[{"embeddable":true,"href":"https:\/\/zamanturkmenistan.com.tm\/index.php?rest_route=\/wp\/v2\/media\/21704"}],"wp:attachment":[{"href":"https:\/\/zamanturkmenistan.com.tm\/index.php?rest_route=%2Fwp%2Fv2%2Fmedia&parent=21703"}],"wp:term":[{"taxonomy":"category","embeddable":true,"href":"https:\/\/zamanturkmenistan.com.tm\/index.php?rest_route=%2Fwp%2Fv2%2Fcategories&post=21703"},{"taxonomy":"post_tag","embeddable":true,"href":"https:\/\/zamanturkmenistan.com.tm\/index.php?rest_route=%2Fwp%2Fv2%2Ftags&post=21703"}],"curies":[{"name":"wp","href":"https:\/\/api.w.org\/{rel}","templated":true}]}}