{"id":21715,"date":"2019-05-05T15:59:07","date_gmt":"2019-05-05T10:59:07","guid":{"rendered":"http:\/\/zamanturkmenistan.com\/?p=21715"},"modified":"2019-05-05T15:59:09","modified_gmt":"2019-05-05T10:59:09","slug":"dunyanin-in-kici-restorany","status":"publish","type":"post","link":"https:\/\/zamanturkmenistan.com.tm\/?p=21715","title":{"rendered":"D\u00fcn\u00ad\u00fd\u00e4\u00adni\u0148 i\u0148 ki\u00ad\u00e7i res\u00adto\u00adra\u00adny"},"content":{"rendered":"<p>Iki \u00fdyl mun\u00addan ozal, d\u00fcn\u00ad\u00fd\u00e4\u00adni\u0148 iki ki\u00ad\u00e7i res\u00adto\u00adra\u00adny\u00adny\u0148  Da\u00adni\u00ad\u00fda\u00adny\u0148 pa\u00fd\u00adtag\u00adty Ko\u00adpen\u00adga\u00adgen\u00adde \u00fder\u00adle\u015f\u00ad\u00fd\u00e4n\u00addi\u00adgi m\u00e4\u00adlim edi\u00adlip\u00addi. \u015e\u00e4\u00adhe\u00adri\u0148 Wes\u00adterb\u00adro et\u00adra\u00adbyn\u00adda 2,3&#215;3 metr ulu\u00adly\u00adgyn\u00adda bir orunlyk res\u00adto\u00adran he\u00adre\u00adket ed\u00ad\u00fd\u00e4r\u00addi. In\u00addi bol\u00adsa, bu \u015f\u00e4\u00adher\u00adde ba\u015f\u00adga bir has ki\u00ad\u00e7i res\u00adto\u00adran pe\u00fd\u00adda bo\u00adlar.<br \/>\nDa\u00adni\u00ad\u00fda\u00adny\u0148 met\u00adbu\u00adgat ha\u00adbar\u00adla\u00adry\u00adna g\u00f6\u00adr\u00e4, \u201cRes\u00adtau\u00adran\u00adten 1:1\u201d at\u00adly res\u00adto\u00adran m\u00fc\u015f\u00adde\u00adri\u00adle\u00adri\u00adne hyz\u00admat etm\u00e4ge gi\u00adri\u015f\u00ad\u00fd\u00e4r. D\u00fcn\u00ad\u00fd\u00e4\u00adni\u0148 i\u0148 ki\u00ad\u00e7i res\u00adto\u00adra\u00adny\u00adny d\u00f6\u00adret\u00admek pi\u00adki\u00adri ba\u015f a\u015f\u00adpez Uil\u00ad\u00fdam Mils\u00adte\u00adde de\u00adgi\u015f\u00adli\u00addir. Ol bu pi\u00adki\u00adri\u00adni \u201cIr\u00adma\u201d s\u00f6w\u00adda mer\u00adke\u00adzi bi\u00adlen hyz\u00admat\u00adda\u015f\u00adlyk\u00adda ama\u00adla a\u015fyr\u00ad\u00fdar. Res\u00adto\u00adran bir adam\u00adlyk bo\u00adlup, on\u00adda di\u00ad\u0148e wag\u00adty\u00ad\u0148y na\u00adhar i\u00fd\u00adm\u00e4\u00adge sarp et\u00adme\u00adli bo\u00adl\u00ad\u00fdar. Bu \u00fde\u00adr\u00adde m\u00fc\u015f\u00adde\u00adr\u00e4, ofi\u00adsi\u00adan\u00adta we ba\u015f a\u015f\u00adpe\u00adze \u00fder bar.<\/p>\n<p>Rahmanmyrat Akmammedow,<br \/>\nS. A. Ny\u00ad\u00fda\u00adzow adyn\u00adda\u00adky TO\u00adHU-ny\u0148 talyby.<\/p>\n","protected":false},"excerpt":{"rendered":"<p>Iki \u00fdyl mun\u00addan ozal, d\u00fcn\u00ad\u00fd\u00e4\u00adni\u0148 iki ki\u00ad\u00e7i res\u00adto\u00adra\u00adny\u00adny\u0148 Da\u00adni\u00ad\u00fda\u00adny\u0148 pa\u00fd\u00adtag\u00adty Ko\u00adpen\u00adga\u00adgen\u00adde \u00fder\u00adle\u015f\u00ad\u00fd\u00e4n\u00addi\u00adgi m\u00e4\u00adlim edi\u00adlip\u00addi. \u015e\u00e4\u00adhe\u00adri\u0148 Wes\u00adterb\u00adro et\u00adra\u00adbyn\u00adda 2,3&#215;3 metr ulu\u00adly\u00adgyn\u00adda bir orunlyk res\u00adto\u00adran he\u00adre\u00adket ed\u00ad\u00fd\u00e4r\u00addi. In\u00addi bol\u00adsa, bu \u015f\u00e4\u00adher\u00adde ba\u015f\u00adga bir has ki\u00ad\u00e7i res\u00adto\u00adran pe\u00fd\u00adda bo\u00adlar. Da\u00adni\u00ad\u00fda\u00adny\u0148 met\u00adbu\u00adgat ha\u00adbar\u00adla\u00adry\u00adna g\u00f6\u00adr\u00e4, \u201cRes\u00adtau\u00adran\u00adten 1:1\u201d at\u00adly res\u00adto\u00adran m\u00fc\u015f\u00adde\u00adri\u00adle\u00adri\u00adne hyz\u00admat etm\u00e4ge gi\u00adri\u015f\u00ad\u00fd\u00e4r. D\u00fcn\u00ad\u00fd\u00e4\u00adni\u0148 i\u0148 ki\u00ad\u00e7i res\u00adto\u00adra\u00adny\u00adny d\u00f6\u00adret\u00admek pi\u00adki\u00adri ba\u015f [&hellip;]<\/p>\n","protected":false},"author":1,"featured_media":21716,"comment_status":"open","ping_status":"closed","sticky":false,"template":"","format":"standard","meta":{"footnotes":""},"categories":[3],"tags":[],"acf":[],"_links":{"self":[{"href":"https:\/\/zamanturkmenistan.com.tm\/index.php?rest_route=\/wp\/v2\/posts\/21715"}],"collection":[{"href":"https:\/\/zamanturkmenistan.com.tm\/index.php?rest_route=\/wp\/v2\/posts"}],"about":[{"href":"https:\/\/zamanturkmenistan.com.tm\/index.php?rest_route=\/wp\/v2\/types\/post"}],"author":[{"embeddable":true,"href":"https:\/\/zamanturkmenistan.com.tm\/index.php?rest_route=\/wp\/v2\/users\/1"}],"replies":[{"embeddable":true,"href":"https:\/\/zamanturkmenistan.com.tm\/index.php?rest_route=%2Fwp%2Fv2%2Fcomments&post=21715"}],"version-history":[{"count":0,"href":"https:\/\/zamanturkmenistan.com.tm\/index.php?rest_route=\/wp\/v2\/posts\/21715\/revisions"}],"wp:featuredmedia":[{"embeddable":true,"href":"https:\/\/zamanturkmenistan.com.tm\/index.php?rest_route=\/wp\/v2\/media\/21716"}],"wp:attachment":[{"href":"https:\/\/zamanturkmenistan.com.tm\/index.php?rest_route=%2Fwp%2Fv2%2Fmedia&parent=21715"}],"wp:term":[{"taxonomy":"category","embeddable":true,"href":"https:\/\/zamanturkmenistan.com.tm\/index.php?rest_route=%2Fwp%2Fv2%2Fcategories&post=21715"},{"taxonomy":"post_tag","embeddable":true,"href":"https:\/\/zamanturkmenistan.com.tm\/index.php?rest_route=%2Fwp%2Fv2%2Ftags&post=21715"}],"curies":[{"name":"wp","href":"https:\/\/api.w.org\/{rel}","templated":true}]}}