{"id":21733,"date":"2019-05-05T16:20:10","date_gmt":"2019-05-05T11:20:10","guid":{"rendered":"http:\/\/zamanturkmenistan.com\/?p=21733"},"modified":"2019-05-05T16:20:14","modified_gmt":"2019-05-05T11:20:14","slug":"bagbancylyk-sergisi-acyldy","status":"publish","type":"post","link":"https:\/\/zamanturkmenistan.com.tm\/?p=21733","title":{"rendered":"Bag\u00adban\u00ad\u00e7y\u00adlyk ser\u00adgi\u00adsi a\u00e7yl\u00addy"},"content":{"rendered":"<p>28-nji ap\u00adrel\u00adde Hy\u00adta\u00ad\u00fdy\u0148 pa\u00fd\u00adtag\u00adty Pe\u00adkin\u00adde Hal\u00adka\u00adra bag\u00adban\u00ad\u00e7y\u00adlyk ser\u00adgi\u00adsi EXPO \u2013 2019 \u00f6z i\u015fi\u00adne ba\u015f\u00adla\u00addy. Ser\u00adgi \u201cG\u00f6k \u00f6s\u00fcm\u00adlik\u00adler bi\u00adlen o\u0148at \u00fda\u00ad\u015fa\u201d at\u00adly \u015fy\u00adgar as\u00adtyn\u00adda 7-nji okt\u00ad\u00fdab\u00adra \u00e7en\u00adli do\u00adwam eder. Bu ba\u00adra\u00adda \u00e7\u00e4\u00adr\u00e4\u00adni\u0148 gu\u00adra\u00adma\u00ad\u00e7y\u00adla\u00adry\u00adna sal\u00adgy\u00adla\u00adnyp, ha\u00adbar be\u00adri\u015f se\u00adri\u015f\u00adde\u00adle\u00adri ha\u00adbar ber\u00ad\u00fd\u00e4r\u00adler. Ser\u00adgi\u00adni\u0148 gu\u00adra\u00adma\u00ad\u00e7y\u00adlyk ko\u00admi\u00adte\u00adti\u00adni\u0148 mag\u00adlu\u00admat\u00adla\u00adry\u00adna g\u00f6\u00adr\u00e4, ser\u00adgi\u00adni\u0148 eks\u00adpo\u00adzi\u00adsi\u00ad\u00fda\u00adsy 960 gek\u00adtar me\u00fd\u00adda\u00adny e\u00fde\u00adle\u00ad\u00fd\u00e4r.<br \/>\nBu \u00e7\u00e4\u00adr\u00e4 86 \u00fdurt we 24 hal\u00adka\u00adra gu\u00adra\u00adma\u00adsy gat\u00adna\u00ad\u015fyp, bag\u00ad\u00e7y\u00adlyk we se\u00ad\u00fdil\u00adg\u00e4h ug\u00adrun\u00addan \u00f6z bi\u00adlim\u00adle\u00adri\u00adni, d\u00e4p\u00adle\u00adri\u00adni, in\u00adno\u00adwa\u00adsi\u00adon teh\u00adno\u00adlo\u00adgi\u00ad\u00fda\u00adla\u00adry\u00adny h\u00f6\u00add\u00fcr\u00adle\u00ad\u00fd\u00e4r\u00adler. Ser\u00adgi\u00adni\u0148 \u00e7\u00e4k\u00adle\u00adrin\u00adde 220 m\u00fc\u0148\u00adden gow\u00adrak gy\u00adrym\u00adsy aga\u00e7\u00adlar we k\u00f6p san\u00adly g\u00fcl\u00adler \u00f6s\u00ad\u00fd\u00e4r.<br \/>\nSer\u00adgi gu\u00adra\u00admak bo\u00ad\u00fdun\u00ad\u00e7a hal\u00adka\u00adra eda\u00adra\u00adsy\u00adny\u0148 ba\u015f sek\u00adre\u00adta\u00adry Win\u00adsen\u00adte Los\u00adser\u00adta\u00adle\u00adsi\u0148 bel\u00adle\u00adme\u00adgi\u00adne g\u00f6\u00adr\u00e4, bu ser\u00adgi se\u00adbi\u00adti\u0148 inf\u00adrast\u00adruk\u00adtu\u00adra\u00adsy\u00adny\u0148 so\u00adsi\u00adal-yk\u00addy\u00adsa\u00addy \u00f6s\u00fc\u00ad\u015fi\u00adne we k\u00e4\u00admil\u00adle\u015f\u00adme\u00adgi\u00adne \u00fdar\u00addam be\u00adrip, t\u00e4\u00adze teh\u00adno\u00adlo\u00adgi\u00ad\u00fda\u00adla\u00adry we in\u00adno\u00adwa\u00adsi\u00ad\u00fda\u00adla\u00adry or\u00adna\u015f\u00addyr\u00admak ar\u00adka\u00adly adam\u00adza\u00addy\u0148 dur\u00admu\u00ad\u015fy\u00adny\u0148 de\u00adre\u00adje\u00adsi\u00adni \u00fdo\u00adkar\u00adlan\u00addy\u00adrar. Bu \u00fder\u00add\u00e4\u00adki 100 sa\u00adny ser\u00adgi me\u00fd\u00addan\u00ad\u00e7a\u00adsyn\u00adda d\u00fcn\u00ad\u00fd\u00e4 bag\u00adban\u00ad\u00e7y\u00adly\u00adgy\u00adny\u0148 i\u0148 go\u00adwy nus\u00adga\u00adla\u00adry g\u00f6r\u00adke\u00adzil\u00ad\u00fd\u00e4r. Ser\u00adgi\u00adni\u0148 \u00e7\u00e4k\u00adle\u00adrin\u00adde mas\u00adla\u00adhat\u00adlar, hal\u00adka\u00adra b\u00e4s\u00adle\u00ad\u015fik\u00adle\u00adri ge\u00ad\u00e7i\u00adri\u00adler. Ser\u00adg\u00e4 gat\u00adna\u015f\u00ad\u00fdan \u00fdurt\u00adlar bu \u00fde\u00adre gel\u00ad\u00fd\u00e4n\u00adle\u00adri mil\u00adli bag\u00adban\u00ad\u00e7y\u00adlyk a\u00fd\u00adra\u00adtyn\u00adlyk\u00adla\u00adry bi\u00adlen ta\u00adny\u015f\u00addy\u00adrar\u00adlar.<\/p>\n","protected":false},"excerpt":{"rendered":"<p>28-nji ap\u00adrel\u00adde Hy\u00adta\u00ad\u00fdy\u0148 pa\u00fd\u00adtag\u00adty Pe\u00adkin\u00adde Hal\u00adka\u00adra bag\u00adban\u00ad\u00e7y\u00adlyk ser\u00adgi\u00adsi EXPO \u2013 2019 \u00f6z i\u015fi\u00adne ba\u015f\u00adla\u00addy. Ser\u00adgi \u201cG\u00f6k \u00f6s\u00fcm\u00adlik\u00adler bi\u00adlen o\u0148at \u00fda\u00ad\u015fa\u201d at\u00adly \u015fy\u00adgar as\u00adtyn\u00adda 7-nji okt\u00ad\u00fdab\u00adra \u00e7en\u00adli do\u00adwam eder. Bu ba\u00adra\u00adda \u00e7\u00e4\u00adr\u00e4\u00adni\u0148 gu\u00adra\u00adma\u00ad\u00e7y\u00adla\u00adry\u00adna sal\u00adgy\u00adla\u00adnyp, ha\u00adbar be\u00adri\u015f se\u00adri\u015f\u00adde\u00adle\u00adri ha\u00adbar ber\u00ad\u00fd\u00e4r\u00adler. Ser\u00adgi\u00adni\u0148 gu\u00adra\u00adma\u00ad\u00e7y\u00adlyk ko\u00admi\u00adte\u00adti\u00adni\u0148 mag\u00adlu\u00admat\u00adla\u00adry\u00adna g\u00f6\u00adr\u00e4, ser\u00adgi\u00adni\u0148 eks\u00adpo\u00adzi\u00adsi\u00ad\u00fda\u00adsy 960 gek\u00adtar me\u00fd\u00adda\u00adny e\u00fde\u00adle\u00ad\u00fd\u00e4r. Bu \u00e7\u00e4\u00adr\u00e4 86 \u00fdurt we 24 [&hellip;]<\/p>\n","protected":false},"author":1,"featured_media":21734,"comment_status":"open","ping_status":"closed","sticky":false,"template":"","format":"standard","meta":{"footnotes":""},"categories":[5],"tags":[],"acf":[],"_links":{"self":[{"href":"https:\/\/zamanturkmenistan.com.tm\/index.php?rest_route=\/wp\/v2\/posts\/21733"}],"collection":[{"href":"https:\/\/zamanturkmenistan.com.tm\/index.php?rest_route=\/wp\/v2\/posts"}],"about":[{"href":"https:\/\/zamanturkmenistan.com.tm\/index.php?rest_route=\/wp\/v2\/types\/post"}],"author":[{"embeddable":true,"href":"https:\/\/zamanturkmenistan.com.tm\/index.php?rest_route=\/wp\/v2\/users\/1"}],"replies":[{"embeddable":true,"href":"https:\/\/zamanturkmenistan.com.tm\/index.php?rest_route=%2Fwp%2Fv2%2Fcomments&post=21733"}],"version-history":[{"count":0,"href":"https:\/\/zamanturkmenistan.com.tm\/index.php?rest_route=\/wp\/v2\/posts\/21733\/revisions"}],"wp:featuredmedia":[{"embeddable":true,"href":"https:\/\/zamanturkmenistan.com.tm\/index.php?rest_route=\/wp\/v2\/media\/21734"}],"wp:attachment":[{"href":"https:\/\/zamanturkmenistan.com.tm\/index.php?rest_route=%2Fwp%2Fv2%2Fmedia&parent=21733"}],"wp:term":[{"taxonomy":"category","embeddable":true,"href":"https:\/\/zamanturkmenistan.com.tm\/index.php?rest_route=%2Fwp%2Fv2%2Fcategories&post=21733"},{"taxonomy":"post_tag","embeddable":true,"href":"https:\/\/zamanturkmenistan.com.tm\/index.php?rest_route=%2Fwp%2Fv2%2Ftags&post=21733"}],"curies":[{"name":"wp","href":"https:\/\/api.w.org\/{rel}","templated":true}]}}