{"id":22500,"date":"2019-06-10T13:07:53","date_gmt":"2019-06-10T08:07:53","guid":{"rendered":"http:\/\/zamanturkmenistan.com\/?p=22500"},"modified":"2019-06-10T13:08:03","modified_gmt":"2019-06-10T08:08:03","slug":"elektrokara-isleg-yokary","status":"publish","type":"post","link":"https:\/\/zamanturkmenistan.com.tm\/?p=22500","title":{"rendered":"Elekt\u00adro\u00adka\u00adra is\u00adleg \u00fdo\u00adka\u00adry"},"content":{"rendered":"<p>er\u00adma\u00adni\u00ad\u00fda\u00adny\u0148 \u201cVolks\u00adwa\u00adgen\u201d kom\u00adpa\u00adni\u00ad\u00fda\u00adsy\u00adny\u0148 i\u015f\u00adl\u00e4p d\u00fc\u00adzen il\u00adkin\u00adji elekt\u00adro\u00adka\u00adry \u201cID 3\u201d-den sar\u00adgyt eden\u00adle\u00adri\u0148 sa\u00adny 20 m\u00fc\u0148\u00adden ge\u00e7\u00addi. Bir a\u00fd \u00f6\u0148 sar\u00adgyt ka\u00adbul edip ba\u015f\u00adlan kom\u00adpa\u00adni\u00ad\u00fda, il\u00adkin\u00adji no\u00adbat\u00adda, \u00ddew\u00adro\u00adpa \u00fc\u00e7in 4 ga\u00adpy\u00adly he\u00e7\u00adbek ula\u00adgy\u00adny h\u00f6\u00add\u00fcr\u00adl\u00e4r. Kom\u00adpa\u00adni\u00ad\u00fda\u00adny\u0148 \u00fdol\u00adba\u015f\u00ad\u00e7y\u00adla\u00adry sar\u00adgyt edi\u00adlen ulag\u00adla\u00adry\u0148 sa\u00adny\u00adny\u0148 sent\u00ad\u00fdab\u00adrda ge\u00ad\u00e7i\u00adril\u00adjek Frank\u00adfurt aw\u00adtou\u00adlag ser\u00adgi\u00adsi\u00adne \u00e7en\u00adli 30 m\u00fc\u00ad\u0148e \u00fdet\u00adme\u00adgi\u00adne ga\u00adra\u015f\u00ad\u00fdan\u00addyk\u00adla\u00adry\u00adny a\u00fd\u00addyp\u00addy\u00adlar. Em\u00adma h\u00e4\u00adzir\u00adki g\u00f6r\u00adke\u00adzi\u00adji\u00adle\u00adr bu mak\u00adsa\u00adda wag\u00adtyn\u00addan \u00f6\u0148 \u00fde\u00adtil\u00adjek\u00addi\u00adgi\u00adni g\u00f6r\u00adkez\u00ad\u00fd\u00e4r. Mu\u00ad\u0148a ga\u00adra\u00admaz\u00addan, elekt\u00adro\u00adkar \u00f6n\u00fcm\u00ad\u00e7i\u00adli\u00adgin\u00adde d\u00fcn\u00ad\u00fd\u00e4\u00adni\u0148 \u00f6\u0148\u00adde\u00adba\u00adry\u00adjy kom\u00adpa\u00adni\u00ad\u00fda\u00adsy \u201cTes\u00adla\u201d-ny\u0148 \u201cMo\u00addel 3\u201d mo\u00adde\u00adli\u00adni\u0148 sar\u00adgy\u00addy\u00adny\u0148 400 m\u00fc\u00ad\u0148e \u00fde\u00adten\u00addi\u00adgi\u00adni na\u00adzar\u00adda tu\u00adta\u00adny\u0148\u00adda, bu g\u00f6r\u00adke\u00adzi\u00adji \u00f6r\u00e4n az. \u201cID 3\u201d mo\u00adde\u00adli ne\u00admes kom\u00adpa\u00adni\u00ad\u00fda\u00adsy\u00adny\u0148 d\u00fcn\u00ad\u00fd\u00e4 m\u00f6\u00e7\u00adbe\u00adrin\u00adde sa\u00adtu\u00adwa \u00e7y\u00adkar\u00adma\u00adgy mak\u00adsat edin\u00ad\u00fd\u00e4n il\u00adkin\u00adji elekt\u00adro\u00adka\u00adry ha\u00adsap\u00adlan\u00ad\u00fdar. En\u00adtek t\u00e4\u00adze ula\u00adgy\u0148 ba\u00adha\u00adsy we teh\u00adni\u00adki a\u00fd\u00adra\u00adtyn\u00adlyk\u00adla\u00adry m\u00e4\u00adlim edil\u00adme\u00addi. 2017-nji \u00fdyl\u00adda bu ula\u00adgy\u0148 ba\u00adha\u00adsy\u00adny\u0148 8 m\u00fc\u0148 dol\u00adlar t\u00f6\u00adwe\u00adre\u00adgi bol\u00adjak\u00addy\u00adgy a\u00fd\u00addy\u00adlyp\u00addy. Eger \u015fu ba\u00adha\u00addan sa\u00adtyl\u00adsa, \u201cID 3\u201d \u00ddew\u00adro\u00adpa\u00adny\u0148 i\u0148 ar\u00adzan elekt\u00adro\u00adka\u00adry bo\u00adlar. Sar\u00adgyt edi\u00adlen ulag\u00adlar in\u00addi\u00adki \u00fdyl m\u00fc\u015f\u00adde\u00adri\u00adle\u00adre \u00fde\u00adti\u00adri\u00adlip ba\u015f\u00adla\u00adnar.<\/p>\n","protected":false},"excerpt":{"rendered":"<p>er\u00adma\u00adni\u00ad\u00fda\u00adny\u0148 \u201cVolks\u00adwa\u00adgen\u201d kom\u00adpa\u00adni\u00ad\u00fda\u00adsy\u00adny\u0148 i\u015f\u00adl\u00e4p d\u00fc\u00adzen il\u00adkin\u00adji elekt\u00adro\u00adka\u00adry \u201cID 3\u201d-den sar\u00adgyt eden\u00adle\u00adri\u0148 sa\u00adny 20 m\u00fc\u0148\u00adden ge\u00e7\u00addi. Bir a\u00fd \u00f6\u0148 sar\u00adgyt ka\u00adbul edip ba\u015f\u00adlan kom\u00adpa\u00adni\u00ad\u00fda, il\u00adkin\u00adji no\u00adbat\u00adda, \u00ddew\u00adro\u00adpa \u00fc\u00e7in 4 ga\u00adpy\u00adly he\u00e7\u00adbek ula\u00adgy\u00adny h\u00f6\u00add\u00fcr\u00adl\u00e4r. Kom\u00adpa\u00adni\u00ad\u00fda\u00adny\u0148 \u00fdol\u00adba\u015f\u00ad\u00e7y\u00adla\u00adry sar\u00adgyt edi\u00adlen ulag\u00adla\u00adry\u0148 sa\u00adny\u00adny\u0148 sent\u00ad\u00fdab\u00adrda ge\u00ad\u00e7i\u00adril\u00adjek Frank\u00adfurt aw\u00adtou\u00adlag ser\u00adgi\u00adsi\u00adne \u00e7en\u00adli 30 m\u00fc\u00ad\u0148e \u00fdet\u00adme\u00adgi\u00adne ga\u00adra\u015f\u00ad\u00fdan\u00addyk\u00adla\u00adry\u00adny a\u00fd\u00addyp\u00addy\u00adlar. Em\u00adma h\u00e4\u00adzir\u00adki g\u00f6r\u00adke\u00adzi\u00adji\u00adle\u00adr bu mak\u00adsa\u00adda wag\u00adtyn\u00addan [&hellip;]<\/p>\n","protected":false},"author":1,"featured_media":22508,"comment_status":"open","ping_status":"closed","sticky":false,"template":"","format":"standard","meta":{"footnotes":""},"categories":[8],"tags":[],"acf":[],"_links":{"self":[{"href":"https:\/\/zamanturkmenistan.com.tm\/index.php?rest_route=\/wp\/v2\/posts\/22500"}],"collection":[{"href":"https:\/\/zamanturkmenistan.com.tm\/index.php?rest_route=\/wp\/v2\/posts"}],"about":[{"href":"https:\/\/zamanturkmenistan.com.tm\/index.php?rest_route=\/wp\/v2\/types\/post"}],"author":[{"embeddable":true,"href":"https:\/\/zamanturkmenistan.com.tm\/index.php?rest_route=\/wp\/v2\/users\/1"}],"replies":[{"embeddable":true,"href":"https:\/\/zamanturkmenistan.com.tm\/index.php?rest_route=%2Fwp%2Fv2%2Fcomments&post=22500"}],"version-history":[{"count":0,"href":"https:\/\/zamanturkmenistan.com.tm\/index.php?rest_route=\/wp\/v2\/posts\/22500\/revisions"}],"wp:featuredmedia":[{"embeddable":true,"href":"https:\/\/zamanturkmenistan.com.tm\/index.php?rest_route=\/wp\/v2\/media\/22508"}],"wp:attachment":[{"href":"https:\/\/zamanturkmenistan.com.tm\/index.php?rest_route=%2Fwp%2Fv2%2Fmedia&parent=22500"}],"wp:term":[{"taxonomy":"category","embeddable":true,"href":"https:\/\/zamanturkmenistan.com.tm\/index.php?rest_route=%2Fwp%2Fv2%2Fcategories&post=22500"},{"taxonomy":"post_tag","embeddable":true,"href":"https:\/\/zamanturkmenistan.com.tm\/index.php?rest_route=%2Fwp%2Fv2%2Ftags&post=22500"}],"curies":[{"name":"wp","href":"https:\/\/api.w.org\/{rel}","templated":true}]}}