{"id":23345,"date":"2019-07-20T13:54:34","date_gmt":"2019-07-20T08:54:34","guid":{"rendered":"http:\/\/zamanturkmenistan.com\/?p=23345"},"modified":"2019-07-20T13:54:44","modified_gmt":"2019-07-20T08:54:44","slug":"yunesko-nyn-sanawyna-girizildi","status":"publish","type":"post","link":"https:\/\/zamanturkmenistan.com.tm\/?p=23345","title":{"rendered":"\u00ddU\u00adNES\u00adKO-ny\u0148 sa\u00adna\u00adwy\u00adna gi\u00adri\u00adzil\u00addi"},"content":{"rendered":"<p>Bir\u00adle\u00ad\u015fen Mil\u00adlet\u00adler Gu\u00adra\u00adma\u00adsy\u00adny\u0148 bi\u00adlim, ylym we me\u00adde\u00adni\u00ad\u00fdet me\u00adse\u00adle\u00adle\u00adri bo\u00ad\u00fdun\u00ad\u00e7a \u00fd\u00f6\u00adri\u00adte\u00adle\u015f\u00addi\u00adri\u00adlen eda\u00adra\u00adsy bo\u00adlan \u00ddU\u00adNES\u00adKO-ny\u0148 B\u00fc\u00adtin\u00add\u00fcn\u00ad\u00fd\u00e4 mi\u00adra\u00adsy\u00adny\u0148 ut\u00adga\u015f\u00addy\u00adry\u00adjy ko\u00admi\u00adte\u00adti\u00adni\u0148 43-nji mas\u00adla\u00adha\u00adtyn\u00adda 45 ka\u00adrar ka\u00adbul edi\u00adlip, b\u00fc\u00adtin\u00add\u00fcn\u00ad\u00fd\u00e4 mi\u00adra\u00adsy\u00adny\u0148 sa\u00adna\u00adwy\u00adna 29 des\u00adga gi\u00adri\u00adzil\u00addi. Esa\u00adsan hem, Hy\u00adta\u00ad\u00fdy\u0148 ga\u00addy\u00admy \u015f\u00e4\u00adhe\u00adri L\u00fdan\u00e7\u00ad\u017eu\u00adny\u0148 ga\u00adlyn\u00addy\u00adla\u00adry me\u00adde\u00adni des\u00adga h\u00f6k\u00adm\u00fcn\u00adde bu sa\u00adna\u00adwa gi\u00adri\u00adzil\u00addi. Hy\u00adta\u00fd\u00adda \u015fe\u00fd\u00adle sa\u00adna\u00adwa go\u015fulan  des\u00adga\u00adla\u00adry\u00ad\u0148 sa\u00adny 55-e \u00fde\u00adtip, bu \u00fdurt sa\u00adna\u00adwa gi\u00adri\u00adzi\u00adlen des\u00adga\u00adla\u00adry\u00adny\u0148 sa\u00adny bo\u00ad\u00fdun\u00ad\u00e7a bi\u00adrin\u00adji or\u00adny e\u00fde\u00adle\u00ad\u00fd\u00e4r.<br \/>\n\u015ee\u00fd\u00adle hem, Sa\u00adry de\u0148\u00adzi\u0148 ke\u00adnar \u00fda\u00adka\u00adla\u00adryn\u00adda\u00adky u\u00e7up-go\u00adnup \u00fd\u00f6\u00adren gu\u015f\u00adla\u00adry\u0148 \u00fda\u00ad\u015fa\u00ad\u00fdan \u00fder\u00adle\u00adri we Hy\u00adta\u00fd\u00adda\u00adky Bo\u00adha\u00fd a\u00fd\u00adla\u00adgy b\u00fc\u00adtin\u00add\u00fcn\u00ad\u00fd\u00e4 mi\u00adra\u00adsy\u00adny\u0148 sa\u00adna\u00adwy\u00adna gi\u00adri\u00adzil\u00addi. Gu\u015f\u00adla\u00adry\u0148 \u00fda\u00ad\u015fa\u00ad\u00fdan \u00fder\u00adle\u00adri bio\u00add\u00fcr\u00adl\u00fc\u00adli\u00adgi\u00adni\u0148 \u00fdo\u00adka\u00adry de\u00adre\u00adje\u00adsi bi\u00adlen ta\u00adpa\u00adwut\u00adla\u00adnyp, ol \u00fder\u00adler\u00adde ba\u00adlyk\u00adla\u00adry\u0148 280 t\u00f6\u00adwe\u00adre\u00adgi, o\u0148ur\u00adga\u00adsyz jan\u00addar\u00adla\u00adry\u0148 500-den gow\u00adrak g\u00f6r\u00adn\u00fc\u00ad\u015fi \u00fda\u00ad\u015fap, gu\u015f\u00adla\u00adry\u0148 mil\u00adli\u00adon\u00adlar\u00ad\u00e7a\u00adsy \u00fc\u00e7in i\u00fd\u00admit bo\u00adlup hyz\u00admat ed\u00ad\u00fd\u00e4r.<br \/>\n\u00ddU\u00adNES\u00adKO-ny\u0148 B\u00fc\u00adtin\u00add\u00fcn\u00ad\u00fd\u00e4 mi\u00adra\u00adsy\u00adny\u0148 ut\u00adga\u015f\u00addy\u00adry\u00adjy ko\u00admi\u00adte\u00adti\u00adni\u0148 44-nji mas\u00adla\u00adha\u00adty\u00adny 2020-nji \u00fdyl\u00adda Hy\u00adta\u00ad\u00fdy\u0148 Fusz\u00ad\u00fdan we\u00adla\u00ad\u00fda\u00adty\u00adny\u0148 Fu\u00e7\u00ad\u017eou \u015f\u00e4\u00adhe\u00adrin\u00adde ge\u00ad\u00e7ir\u00admek ha\u00adkyn\u00adda ka\u00adrar ka\u00adbul edil\u00addi. \u015ee\u00fd\u00adle hem mas\u00adla\u00adha\u00adty\u0148 ahy\u00adryn\u00adda Hy\u00adta\u00fd Halk Res\u00adpub\u00adli\u00adka\u00adsy\u00adny\u0148 bi\u00adlim mi\u00adnist\u00adri\u00adni\u0148 orun\u00adba\u00adsa\u00adry T\u00fdan S\u00fduesz\u00ad\u00fdun B\u00fc\u00adtin\u00add\u00fcn\u00ad\u00fd\u00e4 mi\u00adra\u00adsy\u00adny\u0148 ut\u00adga\u015f\u00addy\u00adry\u00adjy ko\u00admi\u00adte\u00adti\u00adni\u0148 44-nji mej\u00adli\u00adsi\u00adni\u0148 ba\u015f\u00adlyk\u00adly\u00adgy\u00adna sa\u00fd\u00adlan\u00addy.<\/p>\n","protected":false},"excerpt":{"rendered":"<p>Bir\u00adle\u00ad\u015fen Mil\u00adlet\u00adler Gu\u00adra\u00adma\u00adsy\u00adny\u0148 bi\u00adlim, ylym we me\u00adde\u00adni\u00ad\u00fdet me\u00adse\u00adle\u00adle\u00adri bo\u00ad\u00fdun\u00ad\u00e7a \u00fd\u00f6\u00adri\u00adte\u00adle\u015f\u00addi\u00adri\u00adlen eda\u00adra\u00adsy bo\u00adlan \u00ddU\u00adNES\u00adKO-ny\u0148 B\u00fc\u00adtin\u00add\u00fcn\u00ad\u00fd\u00e4 mi\u00adra\u00adsy\u00adny\u0148 ut\u00adga\u015f\u00addy\u00adry\u00adjy ko\u00admi\u00adte\u00adti\u00adni\u0148 43-nji mas\u00adla\u00adha\u00adtyn\u00adda 45 ka\u00adrar ka\u00adbul edi\u00adlip, b\u00fc\u00adtin\u00add\u00fcn\u00ad\u00fd\u00e4 mi\u00adra\u00adsy\u00adny\u0148 sa\u00adna\u00adwy\u00adna 29 des\u00adga gi\u00adri\u00adzil\u00addi. Esa\u00adsan hem, Hy\u00adta\u00ad\u00fdy\u0148 ga\u00addy\u00admy \u015f\u00e4\u00adhe\u00adri L\u00fdan\u00e7\u00ad\u017eu\u00adny\u0148 ga\u00adlyn\u00addy\u00adla\u00adry me\u00adde\u00adni des\u00adga h\u00f6k\u00adm\u00fcn\u00adde bu sa\u00adna\u00adwa gi\u00adri\u00adzil\u00addi. Hy\u00adta\u00fd\u00adda \u015fe\u00fd\u00adle sa\u00adna\u00adwa go\u015fulan des\u00adga\u00adla\u00adry\u00ad\u0148 sa\u00adny 55-e \u00fde\u00adtip, bu \u00fdurt sa\u00adna\u00adwa gi\u00adri\u00adzi\u00adlen des\u00adga\u00adla\u00adry\u00adny\u0148 [&hellip;]<\/p>\n","protected":false},"author":1,"featured_media":23348,"comment_status":"open","ping_status":"closed","sticky":false,"template":"","format":"standard","meta":{"footnotes":""},"categories":[5],"tags":[],"acf":[],"_links":{"self":[{"href":"https:\/\/zamanturkmenistan.com.tm\/index.php?rest_route=\/wp\/v2\/posts\/23345"}],"collection":[{"href":"https:\/\/zamanturkmenistan.com.tm\/index.php?rest_route=\/wp\/v2\/posts"}],"about":[{"href":"https:\/\/zamanturkmenistan.com.tm\/index.php?rest_route=\/wp\/v2\/types\/post"}],"author":[{"embeddable":true,"href":"https:\/\/zamanturkmenistan.com.tm\/index.php?rest_route=\/wp\/v2\/users\/1"}],"replies":[{"embeddable":true,"href":"https:\/\/zamanturkmenistan.com.tm\/index.php?rest_route=%2Fwp%2Fv2%2Fcomments&post=23345"}],"version-history":[{"count":0,"href":"https:\/\/zamanturkmenistan.com.tm\/index.php?rest_route=\/wp\/v2\/posts\/23345\/revisions"}],"wp:featuredmedia":[{"embeddable":true,"href":"https:\/\/zamanturkmenistan.com.tm\/index.php?rest_route=\/wp\/v2\/media\/23348"}],"wp:attachment":[{"href":"https:\/\/zamanturkmenistan.com.tm\/index.php?rest_route=%2Fwp%2Fv2%2Fmedia&parent=23345"}],"wp:term":[{"taxonomy":"category","embeddable":true,"href":"https:\/\/zamanturkmenistan.com.tm\/index.php?rest_route=%2Fwp%2Fv2%2Fcategories&post=23345"},{"taxonomy":"post_tag","embeddable":true,"href":"https:\/\/zamanturkmenistan.com.tm\/index.php?rest_route=%2Fwp%2Fv2%2Ftags&post=23345"}],"curies":[{"name":"wp","href":"https:\/\/api.w.org\/{rel}","templated":true}]}}