{"id":23890,"date":"2019-08-17T13:44:13","date_gmt":"2019-08-17T08:44:13","guid":{"rendered":"http:\/\/zamanturkmenistan.com\/?p=23890"},"modified":"2019-08-17T13:44:21","modified_gmt":"2019-08-17T08:44:21","slug":"4-milliardlyk-meyilnama","status":"publish","type":"post","link":"https:\/\/zamanturkmenistan.com.tm\/?p=23890","title":{"rendered":"4 mil\u00adliard\u00adlyk me\u00ad\u00fdil\u00adna\u00adma"},"content":{"rendered":"<p>Efio\u00adpi\u00ad\u00fda\u00adny\u0148 h\u00f6\u00adk\u00fc\u00adme\u00adti\u00ad \u201c\u00dda\u00ad\u015fyl mi\u00adras\u201d mil\u00adli me\u00ad\u00fdil\u00adna\u00adma\u00adsy esa\u00adsyn\u00adda 2019-njy \u00fdylda \u00fdur\u00addu\u0148 \u00e7\u00e4k\u00adle\u00adrin\u00adde 4 mil\u00adliard bag ek\u00admegi g\u00f6z \u00f6\u0148\u00fcn\u00adde tu\u00adt\u00addy. H\u00e4\u00adzir\u00adki wagt\u00adda bu me\u00ad\u00fdil\u00adna\u00adma\u00adny\u0148 uly b\u00f6\u00adle\u00adgi\u00adni\u0148 dur\u00admu\u00ad\u015fa ge\u00ad\u00e7i\u00adri\u00adlen\u00addi\u00adgi m\u00e4\u00adlim edil\u00addi. Efio\u00adpi\u00ad\u00fda\u00adny\u0148 Rus\u00adsi\u00ad\u00fda Fe\u00adde\u00adra\u00adsi\u00ad\u00fda\u00adsyn\u00adda\u00adky Adat\u00addan da\u00ad\u015fa\u00adry we Do\u00adly yg\u00adty\u00ad\u00fdar\u00adly il\u00ad\u00e7i\u00adsi Ale\u00adma\u00ad\u00fdeh Te\u00adgen Ar\u00adgau met\u00adbu\u00adga\u00adta be\u00adren be\u00ad\u00fda\u00adna\u00adtyn\u00adda \u015fu \u00fdy\u00adly\u0148 do\u00adwa\u00admyn\u00adda 3,5 mil\u00adliard aga\u00e7 na\u00adhal\u00adla\u00adry\u00adny\u0148 otur\u00addy\u00adlan\u00addy\u00adgy\u00adny bel\u00adle\u00addi. Me\u00ad\u00fdil\u00adna\u00adma\u00adny\u0148 gys\u00adga wagt\u00adda ama\u00adla a\u015fy\u00adryl\u00adjak\u00addy\u00adgy\u00adny hem bel\u00adl\u00e4p ge\u00e7\u00addi.<br \/>\n\u201c\u00dda\u00ad\u015fyl mi\u00adras\u201d &#8211; \u00fdur\u00addu\u0148 mil\u00adli eko\u00adlo\u00adgi\u00ad\u00fda ba\u015f\u00adlan\u00adgy\u00adjy. Bu ba\u015f\u00adlan\u00adgy\u00e7 ila\u00adty da\u015f\u00adky gur\u00ad\u015fa\u00adwa a\u00fdaw\u00adly \u00e7e\u00adme\u00adle\u015f\u00adm\u00e4\u00adge iter\u00admek\u00adden yba\u00adrat\u00addyr. \u015ee\u00fd\u00adle hem \u201c\u00fda\u00ad\u015fyl\u201d dur\u00admu\u015f ka\u00adda\u00adla\u00adry\u00adna ge\u00e7\u00adm\u00e4\u00adge ta\u00adrap \u00e4di\u00adlen il\u00adkin\u00adji \u00e4dim\u00addir. Bir\u00adle\u00ad\u015fen Mil\u00adlet\u00adler Gu\u00adra\u00adma\u00adsy\u00adny\u0148 ba\u00adha ber\u00adme\u00adgi\u00adne g\u00f6\u00adr\u00e4, 100 \u00fdy\u00adly\u0148 do\u00adwa\u00admyn\u00adda Efio\u00adpi\u00ad\u00fda\u00adny\u0148 to\u00adka\u00fd zo\u00adla\u00adgy 35 g\u00f6\u00adte\u00adrim\u00adden 4 g\u00f6\u00adte\u00adri\u00adme \u00e7en\u00adli azal\u00addy.<br \/>\n\u015eo\u00adnu\u0148 \u00fc\u00e7in \u00fdurt\u00adda bu to\u00adka\u00fd zo\u00adlak\u00adla\u00adry\u00adny t\u00e4\u00adze\u00adden di\u00adkelt\u00admek ba\u00adbat\u00adda de\u00adgi\u015f\u00adli i\u015f\u00adler ge\u00ad\u00e7i\u00adri\u00adlip ba\u015f\u00adlan\u00addy. \u00ddur\u00addu\u0148 ila\u00adty\u00adny\u0148 \u00e4h\u00adli gat\u00adlak\u00adla\u00adry bu ba\u015f\u00adlan\u00adgy\u00adja gol\u00addaw be\u00adrip, onu\u0148 dur\u00admu\u00ad\u015fa ge\u00ad\u00e7i\u00adril\u00adme\u00adgi\u00adne i\u015f\u00adje\u0148 gat\u00adna\u015f\u00ad\u00fdar. \u00ddur\u00addu\u0148 Prem\u00ad\u00fder-mi\u00adnist\u00adri Abi\u00fd Ah\u00admed hem tas\u00adla\u00adma\u00adny\u0148 i\u015f\u00adje\u0148 ag\u00adza\u00adsy bo\u00adlup, her g\u00fcn bir aga\u00e7 na\u00adha\u00adly\u00adny oturd\u00ad\u00fdar.<\/p>\n","protected":false},"excerpt":{"rendered":"<p>Efio\u00adpi\u00ad\u00fda\u00adny\u0148 h\u00f6\u00adk\u00fc\u00adme\u00adti\u00ad \u201c\u00dda\u00ad\u015fyl mi\u00adras\u201d mil\u00adli me\u00ad\u00fdil\u00adna\u00adma\u00adsy esa\u00adsyn\u00adda 2019-njy \u00fdylda \u00fdur\u00addu\u0148 \u00e7\u00e4k\u00adle\u00adrin\u00adde 4 mil\u00adliard bag ek\u00admegi g\u00f6z \u00f6\u0148\u00fcn\u00adde tu\u00adt\u00addy. H\u00e4\u00adzir\u00adki wagt\u00adda bu me\u00ad\u00fdil\u00adna\u00adma\u00adny\u0148 uly b\u00f6\u00adle\u00adgi\u00adni\u0148 dur\u00admu\u00ad\u015fa ge\u00ad\u00e7i\u00adri\u00adlen\u00addi\u00adgi m\u00e4\u00adlim edil\u00addi. Efio\u00adpi\u00ad\u00fda\u00adny\u0148 Rus\u00adsi\u00ad\u00fda Fe\u00adde\u00adra\u00adsi\u00ad\u00fda\u00adsyn\u00adda\u00adky Adat\u00addan da\u00ad\u015fa\u00adry we Do\u00adly yg\u00adty\u00ad\u00fdar\u00adly il\u00ad\u00e7i\u00adsi Ale\u00adma\u00ad\u00fdeh Te\u00adgen Ar\u00adgau met\u00adbu\u00adga\u00adta be\u00adren be\u00ad\u00fda\u00adna\u00adtyn\u00adda \u015fu \u00fdy\u00adly\u0148 do\u00adwa\u00admyn\u00adda 3,5 mil\u00adliard aga\u00e7 na\u00adhal\u00adla\u00adry\u00adny\u0148 otur\u00addy\u00adlan\u00addy\u00adgy\u00adny bel\u00adle\u00addi. Me\u00ad\u00fdil\u00adna\u00adma\u00adny\u0148 gys\u00adga wagt\u00adda [&hellip;]<\/p>\n","protected":false},"author":1,"featured_media":23895,"comment_status":"open","ping_status":"closed","sticky":false,"template":"","format":"standard","meta":{"footnotes":""},"categories":[3],"tags":[],"acf":[],"_links":{"self":[{"href":"https:\/\/zamanturkmenistan.com.tm\/index.php?rest_route=\/wp\/v2\/posts\/23890"}],"collection":[{"href":"https:\/\/zamanturkmenistan.com.tm\/index.php?rest_route=\/wp\/v2\/posts"}],"about":[{"href":"https:\/\/zamanturkmenistan.com.tm\/index.php?rest_route=\/wp\/v2\/types\/post"}],"author":[{"embeddable":true,"href":"https:\/\/zamanturkmenistan.com.tm\/index.php?rest_route=\/wp\/v2\/users\/1"}],"replies":[{"embeddable":true,"href":"https:\/\/zamanturkmenistan.com.tm\/index.php?rest_route=%2Fwp%2Fv2%2Fcomments&post=23890"}],"version-history":[{"count":0,"href":"https:\/\/zamanturkmenistan.com.tm\/index.php?rest_route=\/wp\/v2\/posts\/23890\/revisions"}],"wp:featuredmedia":[{"embeddable":true,"href":"https:\/\/zamanturkmenistan.com.tm\/index.php?rest_route=\/wp\/v2\/media\/23895"}],"wp:attachment":[{"href":"https:\/\/zamanturkmenistan.com.tm\/index.php?rest_route=%2Fwp%2Fv2%2Fmedia&parent=23890"}],"wp:term":[{"taxonomy":"category","embeddable":true,"href":"https:\/\/zamanturkmenistan.com.tm\/index.php?rest_route=%2Fwp%2Fv2%2Fcategories&post=23890"},{"taxonomy":"post_tag","embeddable":true,"href":"https:\/\/zamanturkmenistan.com.tm\/index.php?rest_route=%2Fwp%2Fv2%2Ftags&post=23890"}],"curies":[{"name":"wp","href":"https:\/\/api.w.org\/{rel}","templated":true}]}}