{"id":23935,"date":"2019-08-17T13:53:23","date_gmt":"2019-08-17T08:53:23","guid":{"rendered":"http:\/\/zamanturkmenistan.com\/?p=23935"},"modified":"2019-08-17T13:53:33","modified_gmt":"2019-08-17T08:53:33","slug":"parlament-saylawlary-geciriler","status":"publish","type":"post","link":"https:\/\/zamanturkmenistan.com.tm\/?p=23935","title":{"rendered":"Par\u00adla\u00adment sa\u00fd\u00adlaw\u00adla\u00adry ge\u00ad\u00e7i\u00adri\u00adler"},"content":{"rendered":"<p>Be\u00adla\u00adrus Res\u00adpub\u00adli\u00adka\u00adsy\u00adny\u0148 Pre\u00adzi\u00adden\u00adti Alek\u00adsandr Lu\u00adka\u00ad\u015fen\u00adko 5-nji aw\u00adgust\u00adda Res\u00adpub\u00adli\u00adka\u00adny\u0148 Ge\u00ad\u0148e\u00ad\u015fi\u00adne we Be\u00adla\u00adrus Res\u00adpub\u00adli\u00adka\u00adsy\u00adny\u0148 Mil\u00adli \u00fdyg\u00adna\u00adgy\u00adny\u0148 we\u00adkil\u00adler Pa\u00adla\u00adta\u00adsy\u00adny\u0148 \u00fde\u00addin\u00adji \u00e7a\u00adgy\u00adry\u00adly\u00ad\u015fy\u00adny\u0148 sa\u00fd\u00adlaw\u00adla\u00adry\u00adny ge\u00ad\u00e7ir\u00admek ba\u00adra\u00adda\u00adky ka\u00adrar\u00adla\u00adra gol \u00e7ek\u00addi. Olar de\u00adgi\u015f\u00adli\u00adlik\u00adde, 2019-njy \u00fdy\u00adly\u0148 7-nji we 17-nji no\u00ad\u00fdab\u00adryn\u00adda ge\u00ad\u00e7i\u00adri\u00adler. Bu ba\u00adra\u00adda Be\u00adla\u00adrus li\u00adde\u00adri\u00adni\u0148 sa\u00fd\u00adtyn\u00adda ha\u00adbar be\u00adril\u00ad\u00fd\u00e4r. \u00ddur\u00addu\u0148 sa\u00fd\u00adlaw\u00adla\u00adry we sa\u00adla sal\u00ad\u015fyk\u00adla\u00adry\u00adny ge\u00ad\u00e7ir\u00admek bo\u00ad\u00fdun\u00ad\u00e7a Mer\u00adke\u00adzi sa\u00fd\u00adlaw ko\u00admis\u00adsi\u00ad\u00fda\u00adsy \u00f6z\u00fc\u00adni\u0148 yg\u00adty\u00ad\u00fdar\u00adly\u00adgy\u00adna la\u00ad\u00fdyk\u00adlyk\u00adda, sa\u00fd\u00adlaw\u00adla\u00adry gu\u00adrar we de\u00adgi\u015f\u00adli ka\u00adda-ka\u00adnun\u00adla\u00adry\u0148 \u00fde\u00adri\u00adne \u00fde\u00adti\u00adri\u00adli\u00ad\u015fi\u00adne g\u00f6\u00adzeg\u00ad\u00e7i\u00adlik eder di\u00fd\u00adlip, res\u00admi\u00adna\u00adma\u00adda bel\u00adle\u00adnil\u00ad\u00fd\u00e4r. De\u00adpu\u00adtat\u00adla\u00adry\u0148 \u00fder\u00adli ge\u00ad\u0148e\u015f\u00adlik\u00adle\u00adri, ka\u00adnun \u00e7y\u00adka\u00adry\u00adjy we \u00fde\u00adri\u00adne \u00fde\u00adti\u00adri\u00adji eda\u00adra\u00adlar 8-nji okt\u00ad\u00fdabr\u00addan gi\u00adj\u00e4 gal\u00adman Mil\u00adli \u00fdyg\u00adna\u00adgy\u0148 Res\u00adpub\u00adli\u00adkan Ge\u00ad\u0148e\u00ad\u015fi\u00adni\u0148 ag\u00adza\u00adly\u00adgy\u00adna da\u00adla\u015f\u00adg\u00e4r\u00adle\u00adri\u00adni h\u00f6\u00add\u00fcr\u00adle\u00adme\u00adli\u00addir\u00adler. H\u00f6\u00adk\u00fc\u00adme\u00adt ag\u00adza\u00adla\u00adry\u00adna sa\u00fd\u00adlaw\u00adla\u00adra ta\u00fd\u00ad\u00fdar\u00adlyk g\u00f6r\u00admek  we ola\u00adry ge\u00ad\u00e7ir\u00admek bo\u00ad\u00fdun\u00ad\u00e7a \u00e7yk\u00adda\u00adjy\u00adla\u00adry ma\u00adli\u00ad\u00fde\u00adle\u015f\u00addir\u00adme\u00adgi d\u00f6w\u00adle\u00adti\u0148 b\u00fdu\u00adje\u00adti\u00adni\u0148 se\u00adri\u015f\u00adde\u00adle\u00adri\u00adni\u0148 ha\u00adsa\u00adby\u00adna \u00fcp\u00adj\u00fcn et\u00admek tab\u00ad\u015fy\u00adryl\u00addy.<\/p>\n","protected":false},"excerpt":{"rendered":"<p>Be\u00adla\u00adrus Res\u00adpub\u00adli\u00adka\u00adsy\u00adny\u0148 Pre\u00adzi\u00adden\u00adti Alek\u00adsandr Lu\u00adka\u00ad\u015fen\u00adko 5-nji aw\u00adgust\u00adda Res\u00adpub\u00adli\u00adka\u00adny\u0148 Ge\u00ad\u0148e\u00ad\u015fi\u00adne we Be\u00adla\u00adrus Res\u00adpub\u00adli\u00adka\u00adsy\u00adny\u0148 Mil\u00adli \u00fdyg\u00adna\u00adgy\u00adny\u0148 we\u00adkil\u00adler Pa\u00adla\u00adta\u00adsy\u00adny\u0148 \u00fde\u00addin\u00adji \u00e7a\u00adgy\u00adry\u00adly\u00ad\u015fy\u00adny\u0148 sa\u00fd\u00adlaw\u00adla\u00adry\u00adny ge\u00ad\u00e7ir\u00admek ba\u00adra\u00adda\u00adky ka\u00adrar\u00adla\u00adra gol \u00e7ek\u00addi. Olar de\u00adgi\u015f\u00adli\u00adlik\u00adde, 2019-njy \u00fdy\u00adly\u0148 7-nji we 17-nji no\u00ad\u00fdab\u00adryn\u00adda ge\u00ad\u00e7i\u00adri\u00adler. Bu ba\u00adra\u00adda Be\u00adla\u00adrus li\u00adde\u00adri\u00adni\u0148 sa\u00fd\u00adtyn\u00adda ha\u00adbar be\u00adril\u00ad\u00fd\u00e4r. \u00ddur\u00addu\u0148 sa\u00fd\u00adlaw\u00adla\u00adry we sa\u00adla sal\u00ad\u015fyk\u00adla\u00adry\u00adny ge\u00ad\u00e7ir\u00admek bo\u00ad\u00fdun\u00ad\u00e7a Mer\u00adke\u00adzi sa\u00fd\u00adlaw ko\u00admis\u00adsi\u00ad\u00fda\u00adsy \u00f6z\u00fc\u00adni\u0148 yg\u00adty\u00ad\u00fdar\u00adly\u00adgy\u00adna la\u00ad\u00fdyk\u00adlyk\u00adda, sa\u00fd\u00adlaw\u00adla\u00adry gu\u00adrar [&hellip;]<\/p>\n","protected":false},"author":1,"featured_media":23938,"comment_status":"open","ping_status":"closed","sticky":false,"template":"","format":"standard","meta":{"footnotes":""},"categories":[5],"tags":[],"acf":[],"_links":{"self":[{"href":"https:\/\/zamanturkmenistan.com.tm\/index.php?rest_route=\/wp\/v2\/posts\/23935"}],"collection":[{"href":"https:\/\/zamanturkmenistan.com.tm\/index.php?rest_route=\/wp\/v2\/posts"}],"about":[{"href":"https:\/\/zamanturkmenistan.com.tm\/index.php?rest_route=\/wp\/v2\/types\/post"}],"author":[{"embeddable":true,"href":"https:\/\/zamanturkmenistan.com.tm\/index.php?rest_route=\/wp\/v2\/users\/1"}],"replies":[{"embeddable":true,"href":"https:\/\/zamanturkmenistan.com.tm\/index.php?rest_route=%2Fwp%2Fv2%2Fcomments&post=23935"}],"version-history":[{"count":0,"href":"https:\/\/zamanturkmenistan.com.tm\/index.php?rest_route=\/wp\/v2\/posts\/23935\/revisions"}],"wp:featuredmedia":[{"embeddable":true,"href":"https:\/\/zamanturkmenistan.com.tm\/index.php?rest_route=\/wp\/v2\/media\/23938"}],"wp:attachment":[{"href":"https:\/\/zamanturkmenistan.com.tm\/index.php?rest_route=%2Fwp%2Fv2%2Fmedia&parent=23935"}],"wp:term":[{"taxonomy":"category","embeddable":true,"href":"https:\/\/zamanturkmenistan.com.tm\/index.php?rest_route=%2Fwp%2Fv2%2Fcategories&post=23935"},{"taxonomy":"post_tag","embeddable":true,"href":"https:\/\/zamanturkmenistan.com.tm\/index.php?rest_route=%2Fwp%2Fv2%2Ftags&post=23935"}],"curies":[{"name":"wp","href":"https:\/\/api.w.org\/{rel}","templated":true}]}}