{"id":23965,"date":"2019-08-17T14:04:18","date_gmt":"2019-08-17T09:04:18","guid":{"rendered":"http:\/\/zamanturkmenistan.com\/?p=23965"},"modified":"2019-08-17T14:04:28","modified_gmt":"2019-08-17T09:04:28","slug":"osumlikler-nadip-dem-alyar","status":"publish","type":"post","link":"https:\/\/zamanturkmenistan.com.tm\/?p=23965","title":{"rendered":"\u00d6s\u00fcm\u00adlik\u00adler n\u00e4\u00addip dem al\u00ad\u00fdar?"},"content":{"rendered":"<p>\u00c4h\u00adli jan\u00adly-jan\u00addar\u00adlar dem al\u00ad\u00fdarlar. \u00ddag\u00adny, kis\u00adlo\u00adro\u00addy alyp, k\u00f6\u00adm\u00fcr\u00adtur\u00ad\u015fy ga\u00adzy\u00adny \u00e7y\u00adkar\u00ad\u00fdarlar. \u00d6s\u00fcm\u00adlik\u00adler bol\u00adsa, ter\u00adsi\u00adne. Em\u00adma, biz ola\u00adry g\u00f6\u00adz\u00fc\u00admiz bi\u00adlen g\u00f6\u00adr\u00fcp bil\u00adme\u00ad\u00fd\u00e4\u00adris. E\u00fd\u00adsem, \u00f6s\u00fcm\u00adlik\u00adle\u00adri\u0148 dem al\u00ad\u00fdan\u00addy\u00adgy\u00adny n\u00e4\u00adhi\u00adli g\u00f6\u00adr\u00fcp bo\u00adlar?! Mu\u00adnu\u0148 \u00fc\u00e7in ki\u00ad\u00e7i\u00adjik tej\u00adri\u00adbe ge\u00ad\u00e7i\u00adrmeli. Il\u00adki bi\u00adlen gi\u00ad\u0148r\u00e4k a\u00fd\u00adna ga\u00adba \u00fdyly suw gu\u00ad\u00fdu\u0148! Aga\u00adjy\u0148 ter \u00fdap\u00adra\u00adgy\u00adny onu\u0148 i\u00e7i\u00adne aty\u0148! \u00ddap\u00adra\u00adgy\u0148 su\u00adwa \u00e7\u00fc\u00adm\u00fcp dur\u00adma\u00adgy \u00fc\u00e7in \u00fcs\u00adt\u00fc\u00adne ki\u00ad\u00e7i\u00adr\u00e4k zat go\u00ad\u00fdup bi\u00adler\u00adsi\u00ad\u0148iz. So\u0148\u00adra bu ga\u00adby G\u00fcn \u015f\u00f6h\u00adle\u00adsi d\u00fc\u015f\u00ad\u00fd\u00e4n \u00fder\u00adde go\u00ad\u00fdu\u0148! Bir\u00adn\u00e4\u00ad\u00e7e sa\u00adgat ge\u00ad\u00e7en\u00adso\u0148 \u00fdap\u00adra\u00adgy\u0148 \u00fd\u00fc\u00adz\u00fcn\u00adde ki\u00ad\u00e7i\u00adjik k\u00f6\u00adp\u00fcr\u00adjik\u00adle\u00adri\u0148 eme\u00adle ge\u00adlen\u00addi\u00adgi\u00adni g\u00f6\u00adrer\u00adsi\u00ad\u0148iz. Bu \u00fdag\u00adda\u00fd fo\u00adto\u00adsin\u00adtez we der\u00adle\u00adme ha\u00addy\u00adsa\u00adsy se\u00adb\u00e4p\u00adli bol\u00ad\u00fdar. \u015ee\u00fd\u00adle hem bu \u00fdag\u00adda\u00fd de\u00admi\u00admi\u00adzi sak\u00adlap, su\u00adwa \u00e7\u00fc\u00adme\u00adni\u00admiz\u00adde hem bol\u00ad\u00fdar.<\/p>\n","protected":false},"excerpt":{"rendered":"<p>\u00c4h\u00adli jan\u00adly-jan\u00addar\u00adlar dem al\u00ad\u00fdarlar. \u00ddag\u00adny, kis\u00adlo\u00adro\u00addy alyp, k\u00f6\u00adm\u00fcr\u00adtur\u00ad\u015fy ga\u00adzy\u00adny \u00e7y\u00adkar\u00ad\u00fdarlar. \u00d6s\u00fcm\u00adlik\u00adler bol\u00adsa, ter\u00adsi\u00adne. Em\u00adma, biz ola\u00adry g\u00f6\u00adz\u00fc\u00admiz bi\u00adlen g\u00f6\u00adr\u00fcp bil\u00adme\u00ad\u00fd\u00e4\u00adris. E\u00fd\u00adsem, \u00f6s\u00fcm\u00adlik\u00adle\u00adri\u0148 dem al\u00ad\u00fdan\u00addy\u00adgy\u00adny n\u00e4\u00adhi\u00adli g\u00f6\u00adr\u00fcp bo\u00adlar?! Mu\u00adnu\u0148 \u00fc\u00e7in ki\u00ad\u00e7i\u00adjik tej\u00adri\u00adbe ge\u00ad\u00e7i\u00adrmeli. Il\u00adki bi\u00adlen gi\u00ad\u0148r\u00e4k a\u00fd\u00adna ga\u00adba \u00fdyly suw gu\u00ad\u00fdu\u0148! Aga\u00adjy\u0148 ter \u00fdap\u00adra\u00adgy\u00adny onu\u0148 i\u00e7i\u00adne aty\u0148! \u00ddap\u00adra\u00adgy\u0148 su\u00adwa \u00e7\u00fc\u00adm\u00fcp dur\u00adma\u00adgy \u00fc\u00e7in \u00fcs\u00adt\u00fc\u00adne ki\u00ad\u00e7i\u00adr\u00e4k zat go\u00ad\u00fdup [&hellip;]<\/p>\n","protected":false},"author":1,"featured_media":23969,"comment_status":"open","ping_status":"closed","sticky":false,"template":"","format":"standard","meta":{"footnotes":""},"categories":[9],"tags":[],"acf":[],"_links":{"self":[{"href":"https:\/\/zamanturkmenistan.com.tm\/index.php?rest_route=\/wp\/v2\/posts\/23965"}],"collection":[{"href":"https:\/\/zamanturkmenistan.com.tm\/index.php?rest_route=\/wp\/v2\/posts"}],"about":[{"href":"https:\/\/zamanturkmenistan.com.tm\/index.php?rest_route=\/wp\/v2\/types\/post"}],"author":[{"embeddable":true,"href":"https:\/\/zamanturkmenistan.com.tm\/index.php?rest_route=\/wp\/v2\/users\/1"}],"replies":[{"embeddable":true,"href":"https:\/\/zamanturkmenistan.com.tm\/index.php?rest_route=%2Fwp%2Fv2%2Fcomments&post=23965"}],"version-history":[{"count":0,"href":"https:\/\/zamanturkmenistan.com.tm\/index.php?rest_route=\/wp\/v2\/posts\/23965\/revisions"}],"wp:featuredmedia":[{"embeddable":true,"href":"https:\/\/zamanturkmenistan.com.tm\/index.php?rest_route=\/wp\/v2\/media\/23969"}],"wp:attachment":[{"href":"https:\/\/zamanturkmenistan.com.tm\/index.php?rest_route=%2Fwp%2Fv2%2Fmedia&parent=23965"}],"wp:term":[{"taxonomy":"category","embeddable":true,"href":"https:\/\/zamanturkmenistan.com.tm\/index.php?rest_route=%2Fwp%2Fv2%2Fcategories&post=23965"},{"taxonomy":"post_tag","embeddable":true,"href":"https:\/\/zamanturkmenistan.com.tm\/index.php?rest_route=%2Fwp%2Fv2%2Ftags&post=23965"}],"curies":[{"name":"wp","href":"https:\/\/api.w.org\/{rel}","templated":true}]}}