{"id":2399,"date":"2016-07-16T05:57:11","date_gmt":"2016-07-16T05:57:11","guid":{"rendered":"http:\/\/zamanturkmenistan.com\/?p=2399"},"modified":"2016-07-16T05:57:11","modified_gmt":"2016-07-16T05:57:11","slug":"6-ay%c2%adda-7-mil%c2%adli%c2%adon-is-or%c2%adny-do%c2%adre%c2%addil%c2%addi","status":"publish","type":"post","link":"https:\/\/zamanturkmenistan.com.tm\/?p=2399","title":{"rendered":"6 a\u00fd\u00adda 7 mil\u00adli\u00adon i\u015f or\u00adny d\u00f6\u00adre\u00addil\u00addi"},"content":{"rendered":"<p>Hy\u00adta\u00fd Halk Res\u00adpub\u00adli\u00adka\u00adsy\u00adny\u0148 d\u00fcr\u00adli \u015f\u00e4\u00adher\u00adle\u00adrin\u00adde 2016-njy \u00fdy\u00adly\u0148 bi\u00adrin\u00adji \u00fda\u00adry\u00admyn\u00adda 7,17 mil\u00adli\u00adon t\u00e4\u00adze i\u015f orun\u00adla\u00adry d\u00f6\u00adre\u00addil\u00addi. Bu ba\u00adra\u00adda \u00fdur\u00addu\u0148 Adam re\u00adsurs\u00adla\u00adry we dur\u00admu\u015f go\u00adrag\u00adly\u00adly\u00adgy mi\u00adnistr\u00adli\u00adgi ha\u00adbar ber\u00ad\u00fd\u00e4r. 2016-njy \u00fdy\u00adly\u0148 i\u00fdun a\u00fdyn\u00adda i\u015f\u00adsiz\u00adli\u00adgi\u0148 de\u00adre\u00adje\u00adsi 4,05 g\u00f6\u00adte\u00adri\u00adme de\u0148 bol\u00addy. \u00ddy\u00adly\u0148 1-nji \u00e7\u00e4r\u00ad\u00fde\u00adgin\u00adde bu g\u00f6r\u00adke\u00adzi\u00adji 4 g\u00f6\u00adte\u00adri\u00adme ba\u00adra\u00adbar bo\u00adlup\u00addy. \u00ddur\u00addu\u0148 \u00e7\u00e4\u00adgin\u00adde \u015f\u00e4\u00adher\u00addir oba\u00adlar\u00adda t\u00e4\u00adze i\u015f orun\u00adla\u00adry\u00adny\u0148 d\u00f6\u00adre\u00addil\u00adme\u00adgi ba\u00adbat\u00adda k\u00f6p i\u015f\u00adler edil\u00ad\u00fd\u00e4r. 6 a\u00fdy\u0148 do\u00adwa\u00admyn\u00adda\u00adky g\u00f6r\u00adke\u00adzi\u00adji\u00adler bu ugur\u00adda edil\u00ad\u00fd\u00e4n i\u015f\u00adle\u00adri\u0148 ge\u00adri\u00admi\u00adni\u0148 bar\u00adha gi\u00ad\u0148e\u00ad\u00fd\u00e4n\u00addi\u00adgi\u00adni g\u00f6r\u00adkez\u00ad\u00fd\u00e4r.<br \/>\nHy\u00adta\u00fd Halk Res\u00adpub\u00adli\u00adka\u00adsy\u00adny\u0148 Prem\u00ad\u00fder-mi\u00adnist\u00adri Li Kes\u00ad\u00fdan mart a\u00fdyn\u00adda her \u00fdyl ge\u00ad\u00e7i\u00adril\u00ad\u00fd\u00e4n mil\u00adli par\u00adla\u00admen\u00adti\u0148 \u00fdyg\u00adna\u00adgyn\u00adda \u015fu \u00fdy\u00adly\u0148 do\u00adwa\u00admyn\u00adda 10 mil\u00adli\u00adon t\u00e4\u00adze i\u015f orun\u00adla\u00adry\u00adny\u0148 d\u00f6\u00adre\u00addil\u00adjek\u00addi\u00adgi\u00adni we 2016-njy \u00fdyl\u00adda i\u015f\u00adsiz\u00adli\u00adgi\u0148 de\u00adre\u00adje\u00adsi\u00adni 4,5 g\u00f6\u00adte\u00adrim\u00adden pe\u00adse ga\u00ad\u00e7yr\u00admak \u00fc\u00e7in ta\u00adgal\u00adla edil\u00adjek\u00addi\u00adgi\u00adni m\u00e4\u00adlim edip\u00addi. Hy\u00adta\u00fd\u00adly \u00fdol\u00adba\u015f\u00ad\u00e7y\u00adlar \u00f6\u0148\u00fcn\u00adde go\u00ad\u00fdan bu mak\u00adsa\u00addy\u00adna \u00fdet\u00admek \u00fc\u00e7in de\u00adgi\u015f\u00adli i\u015f\u00adle\u00adri ge\u00ad\u00e7i\u00adrip, e\u00fd\u00ad\u00fd\u00e4m 7 mil\u00adli\u00adon\u00addan gow\u00adrak t\u00e4\u00adze i\u015f or\u00adnu\u00adny\u0148 d\u00f6\u00adre\u00addil\u00adme\u00adgi\u00adne go\u00ad\u015fant go\u015f\u00addy.<\/p>\n","protected":false},"excerpt":{"rendered":"<p>Hy\u00adta\u00fd Halk Res\u00adpub\u00adli\u00adka\u00adsy\u00adny\u0148 d\u00fcr\u00adli \u015f\u00e4\u00adher\u00adle\u00adrin\u00adde 2016-njy \u00fdy\u00adly\u0148 bi\u00adrin\u00adji \u00fda\u00adry\u00admyn\u00adda 7,17 mil\u00adli\u00adon t\u00e4\u00adze i\u015f orun\u00adla\u00adry d\u00f6\u00adre\u00addil\u00addi. Bu ba\u00adra\u00adda \u00fdur\u00addu\u0148 Adam re\u00adsurs\u00adla\u00adry we dur\u00admu\u015f go\u00adrag\u00adly\u00adly\u00adgy mi\u00adnistr\u00adli\u00adgi ha\u00adbar ber\u00ad\u00fd\u00e4r. 2016-njy \u00fdy\u00adly\u0148 i\u00fdun a\u00fdyn\u00adda i\u015f\u00adsiz\u00adli\u00adgi\u0148 de\u00adre\u00adje\u00adsi 4,05 g\u00f6\u00adte\u00adri\u00adme de\u0148 bol\u00addy. \u00ddy\u00adly\u0148 1-nji \u00e7\u00e4r\u00ad\u00fde\u00adgin\u00adde bu g\u00f6r\u00adke\u00adzi\u00adji 4 g\u00f6\u00adte\u00adri\u00adme ba\u00adra\u00adbar bo\u00adlup\u00addy. \u00ddur\u00addu\u0148 \u00e7\u00e4\u00adgin\u00adde \u015f\u00e4\u00adher\u00addir oba\u00adlar\u00adda t\u00e4\u00adze i\u015f orun\u00adla\u00adry\u00adny\u0148 d\u00f6\u00adre\u00addil\u00adme\u00adgi ba\u00adbat\u00adda k\u00f6p [&hellip;]<\/p>\n","protected":false},"author":1,"featured_media":0,"comment_status":"open","ping_status":"closed","sticky":false,"template":"","format":"standard","meta":{"footnotes":""},"categories":[5],"tags":[],"acf":[],"_links":{"self":[{"href":"https:\/\/zamanturkmenistan.com.tm\/index.php?rest_route=\/wp\/v2\/posts\/2399"}],"collection":[{"href":"https:\/\/zamanturkmenistan.com.tm\/index.php?rest_route=\/wp\/v2\/posts"}],"about":[{"href":"https:\/\/zamanturkmenistan.com.tm\/index.php?rest_route=\/wp\/v2\/types\/post"}],"author":[{"embeddable":true,"href":"https:\/\/zamanturkmenistan.com.tm\/index.php?rest_route=\/wp\/v2\/users\/1"}],"replies":[{"embeddable":true,"href":"https:\/\/zamanturkmenistan.com.tm\/index.php?rest_route=%2Fwp%2Fv2%2Fcomments&post=2399"}],"version-history":[{"count":0,"href":"https:\/\/zamanturkmenistan.com.tm\/index.php?rest_route=\/wp\/v2\/posts\/2399\/revisions"}],"wp:attachment":[{"href":"https:\/\/zamanturkmenistan.com.tm\/index.php?rest_route=%2Fwp%2Fv2%2Fmedia&parent=2399"}],"wp:term":[{"taxonomy":"category","embeddable":true,"href":"https:\/\/zamanturkmenistan.com.tm\/index.php?rest_route=%2Fwp%2Fv2%2Fcategories&post=2399"},{"taxonomy":"post_tag","embeddable":true,"href":"https:\/\/zamanturkmenistan.com.tm\/index.php?rest_route=%2Fwp%2Fv2%2Ftags&post=2399"}],"curies":[{"name":"wp","href":"https:\/\/api.w.org\/{rel}","templated":true}]}}