{"id":2402,"date":"2016-07-16T06:01:06","date_gmt":"2016-07-16T06:01:06","guid":{"rendered":"http:\/\/zamanturkmenistan.com\/?p=2402"},"modified":"2016-07-16T06:01:06","modified_gmt":"2016-07-16T06:01:06","slug":"prezidentlerin-bakudaky-dususygy","status":"publish","type":"post","link":"https:\/\/zamanturkmenistan.com.tm\/?p=2402","title":{"rendered":"Prezidentleri\u0148 Bakudaky du\u015fu\u015fygy"},"content":{"rendered":"<p>\u015eu \u00fdy\u00adly\u0148 8-nji aw\u00adgus\u00adtyn\u00adda Rus\u00adsi\u00ad\u00fda\u00adny\u0148, E\u00fd\u00adra\u00adny\u0148 hem-de Azer\u00adba\u00fd\u00adja\u00adny\u0148 Pre\u00adzi\u00addent\u00adle\u00adri Ba\u00adku \u015f\u00e4\u00adhe\u00adrin\u00adde du\u00ad\u015fu\u00ad\u015far\u00adlar. Bu ba\u00adra\u00adda E\u00fd\u00adra\u00adny\u0148 da\u00ad\u015fa\u00adry i\u015f\u00adler mi\u00adnist\u00adri\u00adni\u0148 orun\u00adba\u00adsa\u00adry Ib\u00adra\u00adgim Ra\u00adhim\u00adpur \u017eur\u00adna\u00adlist\u00adle\u00adre be\u00adren be\u00ad\u00fda\u00adna\u00adtyn\u00adda ha\u00adbar ber\u00addi.<br \/>\nE\u00fd\u00adran\u00adly dip\u00adlo\u00adma\u00adty\u0148 a\u00fdt\u00adma\u00adgy\u00adna g\u00f6\u00adr\u00e4, 3 \u00fdur\u00addu\u0148 d\u00f6w\u00adlet Ba\u015f\u00adtu\u00adtan\u00adla\u00adry De\u00admir\u00adga\u00adzyk-G\u00fc\u00adnor\u00adta ulag ge\u00ad\u00e7el\u00adge\u00adsi, s\u00f6w\u00adda-yk\u00addy\u00adsa\u00addy we be\u00fd\u00adle\u00adki ugur\u00adlar\u00adda\u00adky hyz\u00admat\u00adda\u015f\u00adlyk gat\u00adna\u00ad\u015fyk\u00adla\u00adry\u00adny ara alyp mas\u00adla\u00adhat\u00adla\u00ad\u015far\u00adlar.<br \/>\n\u2014Bu du\u00ad\u015fu\u00ad\u015fyk\u00adda li\u00adder\u00adler Pars a\u00fd\u00adla\u00adgy\u00adny\u0148 ulag-\u00fcs\u00adta\u00ad\u015fyr m\u00fcm\u00adkin\u00ad\u00e7i\u00adlik\u00adle\u00adri ba\u00adbat\u00adda hem \u00f6za\u00adra pi\u00adkir al\u00ad\u015far\u00adlar. Ulag-\u00fcs\u00adta\u00ad\u015fyr ge\u00ad\u00e7el\u00adge\u00adle\u00adri se\u00adbi\u00adti\u0148 g\u00fcn ter\u00adti\u00adbi\u00adni\u0148 esa\u00adsy wa\u00adka\u00adla\u00adry\u00adny\u0148 bi\u00adri\u00addir \u2013 di\u00ad\u00fdip, e\u00fd\u00adran\u00adly dip\u00adlo\u00admat Ra\u00adhim\u00adpur bel\u00adl\u00e4p ge\u00e7\u00addi.<br \/>\nE\u00fd\u00adra\u00adny\u0148 Pre\u00adzi\u00adden\u00adti Ha\u00adsan Ru\u00adha\u00adni\u00adni\u0148 bu du\u00ad\u015fu\u00ad\u015fy\u00adgy\u0148 \u00e7\u00e4k\u00adle\u00adrin\u00adde Rus\u00adsi\u00ad\u00fda\u00adny\u0148 Pre\u00adzi\u00adden\u00adti Wla\u00addi\u00admir Pu\u00adtin hem-de Azer\u00adba\u00fd\u00adja\u00adny\u0148 Pre\u00adzi\u00adden\u00adti Il\u00adham Aliyew bi\u00adlen iki\u00ad\u00e7\u00e4k du\u00ad\u015fu\u00ad\u015fyk\u00adla\u00adry ge\u00ad\u00e7i\u00adrer.<\/p>\n","protected":false},"excerpt":{"rendered":"<p>\u015eu \u00fdy\u00adly\u0148 8-nji aw\u00adgus\u00adtyn\u00adda Rus\u00adsi\u00ad\u00fda\u00adny\u0148, E\u00fd\u00adra\u00adny\u0148 hem-de Azer\u00adba\u00fd\u00adja\u00adny\u0148 Pre\u00adzi\u00addent\u00adle\u00adri Ba\u00adku \u015f\u00e4\u00adhe\u00adrin\u00adde du\u00ad\u015fu\u00ad\u015far\u00adlar. Bu ba\u00adra\u00adda E\u00fd\u00adra\u00adny\u0148 da\u00ad\u015fa\u00adry i\u015f\u00adler mi\u00adnist\u00adri\u00adni\u0148 orun\u00adba\u00adsa\u00adry Ib\u00adra\u00adgim Ra\u00adhim\u00adpur \u017eur\u00adna\u00adlist\u00adle\u00adre be\u00adren be\u00ad\u00fda\u00adna\u00adtyn\u00adda ha\u00adbar ber\u00addi. E\u00fd\u00adran\u00adly dip\u00adlo\u00adma\u00adty\u0148 a\u00fdt\u00adma\u00adgy\u00adna g\u00f6\u00adr\u00e4, 3 \u00fdur\u00addu\u0148 d\u00f6w\u00adlet Ba\u015f\u00adtu\u00adtan\u00adla\u00adry De\u00admir\u00adga\u00adzyk-G\u00fc\u00adnor\u00adta ulag ge\u00ad\u00e7el\u00adge\u00adsi, s\u00f6w\u00adda-yk\u00addy\u00adsa\u00addy we be\u00fd\u00adle\u00adki ugur\u00adlar\u00adda\u00adky hyz\u00admat\u00adda\u015f\u00adlyk gat\u00adna\u00ad\u015fyk\u00adla\u00adry\u00adny ara alyp mas\u00adla\u00adhat\u00adla\u00ad\u015far\u00adlar. \u2014Bu du\u00ad\u015fu\u00ad\u015fyk\u00adda li\u00adder\u00adler Pars a\u00fd\u00adla\u00adgy\u00adny\u0148 ulag-\u00fcs\u00adta\u00ad\u015fyr m\u00fcm\u00adkin\u00ad\u00e7i\u00adlik\u00adle\u00adri ba\u00adbat\u00adda hem [&hellip;]<\/p>\n","protected":false},"author":1,"featured_media":0,"comment_status":"open","ping_status":"closed","sticky":false,"template":"","format":"standard","meta":{"footnotes":""},"categories":[5],"tags":[],"acf":[],"_links":{"self":[{"href":"https:\/\/zamanturkmenistan.com.tm\/index.php?rest_route=\/wp\/v2\/posts\/2402"}],"collection":[{"href":"https:\/\/zamanturkmenistan.com.tm\/index.php?rest_route=\/wp\/v2\/posts"}],"about":[{"href":"https:\/\/zamanturkmenistan.com.tm\/index.php?rest_route=\/wp\/v2\/types\/post"}],"author":[{"embeddable":true,"href":"https:\/\/zamanturkmenistan.com.tm\/index.php?rest_route=\/wp\/v2\/users\/1"}],"replies":[{"embeddable":true,"href":"https:\/\/zamanturkmenistan.com.tm\/index.php?rest_route=%2Fwp%2Fv2%2Fcomments&post=2402"}],"version-history":[{"count":0,"href":"https:\/\/zamanturkmenistan.com.tm\/index.php?rest_route=\/wp\/v2\/posts\/2402\/revisions"}],"wp:attachment":[{"href":"https:\/\/zamanturkmenistan.com.tm\/index.php?rest_route=%2Fwp%2Fv2%2Fmedia&parent=2402"}],"wp:term":[{"taxonomy":"category","embeddable":true,"href":"https:\/\/zamanturkmenistan.com.tm\/index.php?rest_route=%2Fwp%2Fv2%2Fcategories&post=2402"},{"taxonomy":"post_tag","embeddable":true,"href":"https:\/\/zamanturkmenistan.com.tm\/index.php?rest_route=%2Fwp%2Fv2%2Ftags&post=2402"}],"curies":[{"name":"wp","href":"https:\/\/api.w.org\/{rel}","templated":true}]}}