{"id":2408,"date":"2016-07-16T06:03:59","date_gmt":"2016-07-16T06:03:59","guid":{"rendered":"http:\/\/zamanturkmenistan.com\/?p=2408"},"modified":"2016-07-16T06:03:59","modified_gmt":"2016-07-16T06:03:59","slug":"sanders-dalasgarlikden-cekildi","status":"publish","type":"post","link":"https:\/\/zamanturkmenistan.com.tm\/?p=2408","title":{"rendered":"Sanders  dala\u015fg\u00e4rlikden \u00e7ekildi"},"content":{"rendered":"<p>\u015eu \u00fdy\u00adly\u0148 no\u00ad\u00fdabr a\u00fdyn\u00adda AB\u015e-da ge\u00ad\u00e7i\u00adril\u00adjek pre\u00adzi\u00addent sa\u00fd\u00adla\u00adwy bar\u00adha go\u00adla\u00fd\u00adla\u015f\u00ad\u00fdar. M\u00e4\u00adlim bol\u00ad\u015fy \u00fda\u00adly, AB\u015e-da pre\u00adzi\u00addent sa\u00fd\u00adla\u00adwy De\u00admok\u00adrat we Res\u00adpub\u00adli\u00adkan par\u00adti\u00ad\u00fda\u00adla\u00adry\u00adny\u0148 da\u00adla\u015f\u00adg\u00e4r\u00adle\u00adri\u00adni\u0148 ara\u00adsyn\u00adda ge\u00e7\u00ad\u00fd\u00e4r. \u00ddur\u00addu\u0148 h\u00e4\u00adzir\u00adki Pre\u00adzi\u00adden\u00adti Ba\u00adrak Oba\u00adma\u00adny\u0148 hem ag\u00adza\u00adsy bo\u00adlan De\u00admok\u00adrat par\u00adti\u00ad\u00fda\u00adsy\u00adny\u0148 da\u00adla\u015f\u00adg\u00e4\u00adri Ber\u00adni San\u00adders sa\u00fd\u00adla\u00adwa gat\u00adna\u015f\u00admak\u00addan bo\u00ad\u00fdun ga\u00ad\u00e7yr\u00ad\u00fdan\u00addy\u00adgy\u00adny m\u00e4\u00adlim et\u00addi. \u015ee\u00fd\u00adle\u00adlik\u00adde, bu par\u00adti\u00ad\u00fda\u00adny\u0148 da\u00adla\u015f\u00adg\u00e4\u00adri, \u00fdur\u00addu\u0148 \u00f6\u0148\u00adki d\u00f6w\u00adlet sek\u00adre\u00adta\u00adry Hil\u00adla\u00adri Klin\u00adton \u00fde\u00adke-t\u00e4k da\u00adla\u015f\u00adg\u00e4r bo\u00adlup gal\u00addy.<br \/>\n\u2014Hil\u00adla\u00adri Klin\u00adton De\u00admok\u00adrat par\u00adti\u00ad\u00fda\u00adsy\u00adny\u0148 \u00fde\u00adke-t\u00e4k da\u00adla\u015f\u00adg\u00e4\u00adri bol\u00admak ug\u00adrun\u00adda ge\u00ad\u00e7i\u00adri\u00adlen \u00fda\u00adry\u015f\u00adda \u00fcs\u00adt\u00fcn \u00e7yk\u00addy. Men ony bu \u00fcs\u00adt\u00fcn\u00adli\u00adgi bi\u00adlen gut\u00adla\u00ad\u00fda\u00adryn we onu\u0148 AB\u015e-ny\u0148 Pre\u00adzi\u00adden\u00adti bol\u00admak \u00fc\u00e7in ta\u00adgal\u00adla ede\u00adrin \u2013 di\u00ad\u00fdip, Ber\u00adni San\u00adders g\u00fcr\u00adr\u00fc\u0148 ber\u00addi.<br \/>\n\u015eu \u00fdy\u00adly\u0148 25\u201428-nji i\u00fdu\u00adly ara\u00adly\u00adgyn\u00adda AB\u015e-ny\u0148 Fi\u00adla\u00addel\u00adfi\u00ad\u00fda \u015fta\u00adtyn\u00adda De\u00admok\u00adrat par\u00adti\u00ad\u00fda\u00adsy\u00adny\u0148 mej\u00adli\u00adsi ge\u00ad\u00e7i\u00adri\u00adler. \u015eol mej\u00adlis\u00adde Hil\u00adla\u00adri Klin\u00adto\u00adny\u0148 da\u00adla\u015f\u00adg\u00e4r\u00adli\u00adgi do\u00adlu\u00adly\u00adgy\u00adna tas\u00adsyk\u00adla\u00adnar.<\/p>\n","protected":false},"excerpt":{"rendered":"<p>\u015eu \u00fdy\u00adly\u0148 no\u00ad\u00fdabr a\u00fdyn\u00adda AB\u015e-da ge\u00ad\u00e7i\u00adril\u00adjek pre\u00adzi\u00addent sa\u00fd\u00adla\u00adwy bar\u00adha go\u00adla\u00fd\u00adla\u015f\u00ad\u00fdar. M\u00e4\u00adlim bol\u00ad\u015fy \u00fda\u00adly, AB\u015e-da pre\u00adzi\u00addent sa\u00fd\u00adla\u00adwy De\u00admok\u00adrat we Res\u00adpub\u00adli\u00adkan par\u00adti\u00ad\u00fda\u00adla\u00adry\u00adny\u0148 da\u00adla\u015f\u00adg\u00e4r\u00adle\u00adri\u00adni\u0148 ara\u00adsyn\u00adda ge\u00e7\u00ad\u00fd\u00e4r. \u00ddur\u00addu\u0148 h\u00e4\u00adzir\u00adki Pre\u00adzi\u00adden\u00adti Ba\u00adrak Oba\u00adma\u00adny\u0148 hem ag\u00adza\u00adsy bo\u00adlan De\u00admok\u00adrat par\u00adti\u00ad\u00fda\u00adsy\u00adny\u0148 da\u00adla\u015f\u00adg\u00e4\u00adri Ber\u00adni San\u00adders sa\u00fd\u00adla\u00adwa gat\u00adna\u015f\u00admak\u00addan bo\u00ad\u00fdun ga\u00ad\u00e7yr\u00ad\u00fdan\u00addy\u00adgy\u00adny m\u00e4\u00adlim et\u00addi. \u015ee\u00fd\u00adle\u00adlik\u00adde, bu par\u00adti\u00ad\u00fda\u00adny\u0148 da\u00adla\u015f\u00adg\u00e4\u00adri, \u00fdur\u00addu\u0148 \u00f6\u0148\u00adki d\u00f6w\u00adlet sek\u00adre\u00adta\u00adry Hil\u00adla\u00adri Klin\u00adton \u00fde\u00adke-t\u00e4k da\u00adla\u015f\u00adg\u00e4r bo\u00adlup [&hellip;]<\/p>\n","protected":false},"author":1,"featured_media":0,"comment_status":"open","ping_status":"closed","sticky":false,"template":"","format":"standard","meta":{"footnotes":""},"categories":[5],"tags":[],"acf":[],"_links":{"self":[{"href":"https:\/\/zamanturkmenistan.com.tm\/index.php?rest_route=\/wp\/v2\/posts\/2408"}],"collection":[{"href":"https:\/\/zamanturkmenistan.com.tm\/index.php?rest_route=\/wp\/v2\/posts"}],"about":[{"href":"https:\/\/zamanturkmenistan.com.tm\/index.php?rest_route=\/wp\/v2\/types\/post"}],"author":[{"embeddable":true,"href":"https:\/\/zamanturkmenistan.com.tm\/index.php?rest_route=\/wp\/v2\/users\/1"}],"replies":[{"embeddable":true,"href":"https:\/\/zamanturkmenistan.com.tm\/index.php?rest_route=%2Fwp%2Fv2%2Fcomments&post=2408"}],"version-history":[{"count":0,"href":"https:\/\/zamanturkmenistan.com.tm\/index.php?rest_route=\/wp\/v2\/posts\/2408\/revisions"}],"wp:attachment":[{"href":"https:\/\/zamanturkmenistan.com.tm\/index.php?rest_route=%2Fwp%2Fv2%2Fmedia&parent=2408"}],"wp:term":[{"taxonomy":"category","embeddable":true,"href":"https:\/\/zamanturkmenistan.com.tm\/index.php?rest_route=%2Fwp%2Fv2%2Fcategories&post=2408"},{"taxonomy":"post_tag","embeddable":true,"href":"https:\/\/zamanturkmenistan.com.tm\/index.php?rest_route=%2Fwp%2Fv2%2Ftags&post=2408"}],"curies":[{"name":"wp","href":"https:\/\/api.w.org\/{rel}","templated":true}]}}