{"id":25067,"date":"2019-10-14T13:25:04","date_gmt":"2019-10-14T08:25:04","guid":{"rendered":"http:\/\/zamanturkmenistan.com\/?p=25067"},"modified":"2019-10-14T13:25:10","modified_gmt":"2019-10-14T08:25:10","slug":"nant-yewropanyn-innowasion-paytagty","status":"publish","type":"post","link":"https:\/\/zamanturkmenistan.com.tm\/?p=25067","title":{"rendered":"Nant \u2013 \u00ddew\u00adro\u00adpa\u00adny\u0148 in\u00adno\u00adwa\u00adsi\u00adon pa\u00fd\u00adtag\u00adty"},"content":{"rendered":"<p>\u00ddew\u00adro\u00adpa Ko\u00admis\u00adsi\u00ad\u00fda\u00adsy Fran\u00adsi\u00ad\u00fda\u00adny\u0148 Nant \u015f\u00e4\u00adhe\u00adri\u00adni 2019-njy \u00fdyl\u00adda \u201c\u00ddew\u00adro\u00adpa\u00adny\u0148 in\u00adno\u00adwa\u00adsi\u00adon pa\u00fd\u00adtag\u00adty\u201d di\u00ad\u00fdip yg\u00adlan et\u00addi. Nant \u015f\u00e4\u00adhe\u00adri\u00adne bu de\u00adre\u00adje in\u00adno\u00adwa\u00adsi\u00adon hyz\u00admat\u00adla\u00adry ar\u00adka\u00adly \u015f\u00e4\u00adhe\u00adri\u0148 \u00fda\u00ad\u015fa\u00fd\u00adjy\u00adla\u00adry\u00adny\u0148 dur\u00admu\u00ad\u015fy\u00adny \u00fde\u00ad\u0148il\u00adle\u015f\u00addir\u00adm\u00e4\u00adge g\u00f6\u00adn\u00fck\u00addi\u00adri\u00adlen mak\u00adsat\u00adna\u00adma\u00adla\u00adry \u00fc\u00e7in be\u00adril\u00addi. Mun\u00addan ozal \u00ddew\u00adro\u00adpa\u00adny\u0148 Ant\u00adwer\u00adpen (Bel\u00adgi\u00ad\u00fda), Bris\u00adtol (Be\u00ad\u00fdik Bri\u00adta\u00adni\u00ad\u00fda), Glaz\u00adgo (Be\u00ad\u00fdik Bri\u00adta\u00adni\u00ad\u00fda), Es\u00adpo (Finl\u00ad\u00fdan\u00addi\u00ad\u00fda) we Rot\u00adter\u00addam (Ni\u00adder\u00adland\u00adlar) \u015f\u00e4\u00adher\u00adle\u00adrini\u0148 2019-njy \u00fdy\u00adly\u0148 in\u00adno\u00adwa\u00adsi\u00adon pa\u00fd\u00adtag\u00adty de\u00adre\u00adje\u00adsi\u00adne da\u00adla\u015f\u00adg\u00e4r bo\u00adlan\u00addyk\u00adla\u00adry ha\u00adbar be\u00adr\u00adlip\u00addi. B\u00e4s\u00adle\u00ad\u015fik\u00adde \u00fde\u00ad\u0148i\u015f ga\u00adza\u00adnan Nant \u015f\u00e4\u00adhe\u00adri \u00ddew\u00adro\u00adpa Ko\u00admis\u00adsi\u00ad\u00fda\u00adsy\u00adny\u0148 yl\u00admy bar\u00adlag\u00adlar we teh\u00adno\u00adlo\u00adgi\u00ad\u00fda bo\u00ad\u00fdun\u00ad\u00e7a \u201cHo\u00adri\u00adson-20\u201d mak\u00adsat\u00adna\u00adma\u00adsy ta\u00adra\u00adpyn\u00addan in\u00adno\u00adwa\u00adsi\u00adon i\u015fi \u00f6s\u00add\u00fcr\u00admek bo\u00ad\u00fdun\u00ad\u00e7a tas\u00adla\u00adma\u00adla\u00adry\u00adna \u00fdar\u00addam h\u00f6k\u00adm\u00fcn\u00adde 1 mil\u00adli\u00adon \u00fdew\u00adro bi\u00adlen sy\u00adlag\u00adlan\u00addy. In\u00adno\u00adwa\u00adsi\u00adon i\u015fi\u00adni \u00f6\u0148e iler\u00adled\u00ad\u00fd\u00e4n be\u00fd\u00adle\u00adki b\u00e4\u015f \u015f\u00e4\u00adher hem 100 m\u00fc\u0148 dol\u00adlar bi\u00adlen sy\u00adlag\u00adlan\u00addy. Bu b\u00e4s\u00adle\u00ad\u015fik \u00ddew\u00adro\u00adpa Bi\u00adle\u00adle\u00ad\u015fi\u00adgi ta\u00adra\u00adpyn\u00addan ge\u00ad\u00e7i\u00adri\u00adlip, \u00ddew\u00adro\u00adpa Bi\u00adle\u00adle\u00ad\u015fi\u00adgi\u00adni\u0148 \u015f\u00e4\u00adher\u00adle\u00adrin\u00adde in\u00adno\u00adwa\u00adsi\u00ad\u00fda\u00adny \u00f6s\u00add\u00fcr\u00adm\u00e4\u00adge g\u00f6\u00adn\u00fck\u00addi\u00adri\u00adlen\u00addir.<\/p>\n","protected":false},"excerpt":{"rendered":"<p>\u00ddew\u00adro\u00adpa Ko\u00admis\u00adsi\u00ad\u00fda\u00adsy Fran\u00adsi\u00ad\u00fda\u00adny\u0148 Nant \u015f\u00e4\u00adhe\u00adri\u00adni 2019-njy \u00fdyl\u00adda \u201c\u00ddew\u00adro\u00adpa\u00adny\u0148 in\u00adno\u00adwa\u00adsi\u00adon pa\u00fd\u00adtag\u00adty\u201d di\u00ad\u00fdip yg\u00adlan et\u00addi. Nant \u015f\u00e4\u00adhe\u00adri\u00adne bu de\u00adre\u00adje in\u00adno\u00adwa\u00adsi\u00adon hyz\u00admat\u00adla\u00adry ar\u00adka\u00adly \u015f\u00e4\u00adhe\u00adri\u0148 \u00fda\u00ad\u015fa\u00fd\u00adjy\u00adla\u00adry\u00adny\u0148 dur\u00admu\u00ad\u015fy\u00adny \u00fde\u00ad\u0148il\u00adle\u015f\u00addir\u00adm\u00e4\u00adge g\u00f6\u00adn\u00fck\u00addi\u00adri\u00adlen mak\u00adsat\u00adna\u00adma\u00adla\u00adry \u00fc\u00e7in be\u00adril\u00addi. Mun\u00addan ozal \u00ddew\u00adro\u00adpa\u00adny\u0148 Ant\u00adwer\u00adpen (Bel\u00adgi\u00ad\u00fda), Bris\u00adtol (Be\u00ad\u00fdik Bri\u00adta\u00adni\u00ad\u00fda), Glaz\u00adgo (Be\u00ad\u00fdik Bri\u00adta\u00adni\u00ad\u00fda), Es\u00adpo (Finl\u00ad\u00fdan\u00addi\u00ad\u00fda) we Rot\u00adter\u00addam (Ni\u00adder\u00adland\u00adlar) \u015f\u00e4\u00adher\u00adle\u00adrini\u0148 2019-njy \u00fdy\u00adly\u0148 in\u00adno\u00adwa\u00adsi\u00adon pa\u00fd\u00adtag\u00adty de\u00adre\u00adje\u00adsi\u00adne da\u00adla\u015f\u00adg\u00e4r bo\u00adlan\u00addyk\u00adla\u00adry ha\u00adbar be\u00adr\u00adlip\u00addi. B\u00e4s\u00adle\u00ad\u015fik\u00adde [&hellip;]<\/p>\n","protected":false},"author":1,"featured_media":25070,"comment_status":"open","ping_status":"closed","sticky":false,"template":"","format":"standard","meta":{"footnotes":""},"categories":[5],"tags":[],"acf":[],"_links":{"self":[{"href":"https:\/\/zamanturkmenistan.com.tm\/index.php?rest_route=\/wp\/v2\/posts\/25067"}],"collection":[{"href":"https:\/\/zamanturkmenistan.com.tm\/index.php?rest_route=\/wp\/v2\/posts"}],"about":[{"href":"https:\/\/zamanturkmenistan.com.tm\/index.php?rest_route=\/wp\/v2\/types\/post"}],"author":[{"embeddable":true,"href":"https:\/\/zamanturkmenistan.com.tm\/index.php?rest_route=\/wp\/v2\/users\/1"}],"replies":[{"embeddable":true,"href":"https:\/\/zamanturkmenistan.com.tm\/index.php?rest_route=%2Fwp%2Fv2%2Fcomments&post=25067"}],"version-history":[{"count":0,"href":"https:\/\/zamanturkmenistan.com.tm\/index.php?rest_route=\/wp\/v2\/posts\/25067\/revisions"}],"wp:featuredmedia":[{"embeddable":true,"href":"https:\/\/zamanturkmenistan.com.tm\/index.php?rest_route=\/wp\/v2\/media\/25070"}],"wp:attachment":[{"href":"https:\/\/zamanturkmenistan.com.tm\/index.php?rest_route=%2Fwp%2Fv2%2Fmedia&parent=25067"}],"wp:term":[{"taxonomy":"category","embeddable":true,"href":"https:\/\/zamanturkmenistan.com.tm\/index.php?rest_route=%2Fwp%2Fv2%2Fcategories&post=25067"},{"taxonomy":"post_tag","embeddable":true,"href":"https:\/\/zamanturkmenistan.com.tm\/index.php?rest_route=%2Fwp%2Fv2%2Ftags&post=25067"}],"curies":[{"name":"wp","href":"https:\/\/api.w.org\/{rel}","templated":true}]}}