{"id":25105,"date":"2019-10-14T13:38:23","date_gmt":"2019-10-14T08:38:23","guid":{"rendered":"http:\/\/zamanturkmenistan.com\/?p=25105"},"modified":"2019-10-14T13:38:29","modified_gmt":"2019-10-14T08:38:29","slug":"gun-sohlesinde-ereyar","status":"publish","type":"post","link":"https:\/\/zamanturkmenistan.com.tm\/?p=25105","title":{"rendered":"G\u00fcn \u015f\u00f6h\u00adle\u00adsin\u00adde ere\u00ad\u00fd\u00e4r"},"content":{"rendered":"<p>AB\u015e-ny\u0148 Jor\u00adji\u00ad\u00fda\u00ad teh\u00adno\u00adlo\u00adgi\u00ad\u00fda ins\u00adti\u00adtu\u00adty\u00adny\u0148 h\u00fc\u00adn\u00e4r\u00adme\u00adni Pol Ko\u00adlu\u0148 \u00fdol\u00adba\u015f\u00ad\u00e7y\u00adlyk ed\u00ad\u00fd\u00e4n to\u00adpa\u00adry G\u00fcn \u015f\u00f6h\u00adle\u00adsi\u00adni\u0148 t\u00e4\u00adsi\u00adri bi\u00adlen er\u00e4p \u00fdok bol\u00ad\u00fdan plast\u00admas\u00adsa ma\u00adte\u00adria\u00adly\u00adny i\u015f\u00adl\u00e4p ta\u00fd\u00ad\u00fdar\u00adla\u00addy. Plas\u00adtik\u00adler po\u00adli\u00admer gur\u00adlu\u015f\u00adly ma\u00adte\u00adri\u00adal\u00adlar bo\u00adlup, zyn\u00adjyr g\u00f6r\u00adn\u00fc\u015f\u00adli uzyn po\u00adli\u00admer mo\u00adle\u00adku\u00adla\u00adla\u00adryn\u00addan eme\u00adle ge\u00adlen ki\u00ad\u00e7i mo\u00adle\u00adku\u00adla\u00adla\u00adry\u0148 ara\u00adsyn\u00adda berk bag\u00adla\u00adny\u00ad\u015fyk bol\u00ad\u00fdar. \u015eol se\u00adb\u00e4p\u00adli ola\u00adry\u0148 te\u00adbi\u00adgy \u015fert\u00adler\u00adde \u00e7\u00fc\u00fd\u00adre\u00adme\u00adgi \u00fc\u00e7in k\u00f6p wagt ge\u00adrek bol\u00ad\u00fdar. Ins\u00adti\u00adtu\u00adty\u0148 h\u00fc\u00adn\u00e4r\u00admen\u00adle\u00adri hem berk, hem bel\u00adli bir tem\u00adpe\u00adra\u00adtu\u00adra\u00adda ere\u00ad\u00fd\u00e4n plast\u00admas\u00adsa\u00adny i\u015f\u00adl\u00e4p ta\u00fd\u00ad\u00fdar\u00adla\u00adma\u00adgy mak\u00adsat edi\u00adnip\u00addir\u00adler. Bu mak\u00adsat bi\u00adlen ta\u00fd\u00ad\u00fdar\u00adla\u00adnan plast\u00admas\u00adsa\u00adny\u0148 d\u00fc\u00adz\u00fc\u00admin\u00add\u00e4\u00adki hi\u00admi\u00adki bir\u00adle\u015f\u00adme onu\u0148 di\u00ad\u0148e G\u00fcn \u015f\u00f6h\u00adle\u00adsi d\u00fc\u015feninde \u00e7\u00fc\u00fd\u00adre\u00adme\u00adgi\u00adni \u00fcp\u00adj\u00fcn ed\u00ad\u00fd\u00e4r. Otag \u015fert\u00adle\u00adrin\u00adde bol\u00adsa ol 20 \u00fdyl\u00addan so\u0148\u00adra \u00e7\u00fc\u00fd\u00adr\u00e4p ba\u015f\u00adla\u00ad\u00fdar.<\/p>\n","protected":false},"excerpt":{"rendered":"<p>AB\u015e-ny\u0148 Jor\u00adji\u00ad\u00fda\u00ad teh\u00adno\u00adlo\u00adgi\u00ad\u00fda ins\u00adti\u00adtu\u00adty\u00adny\u0148 h\u00fc\u00adn\u00e4r\u00adme\u00adni Pol Ko\u00adlu\u0148 \u00fdol\u00adba\u015f\u00ad\u00e7y\u00adlyk ed\u00ad\u00fd\u00e4n to\u00adpa\u00adry G\u00fcn \u015f\u00f6h\u00adle\u00adsi\u00adni\u0148 t\u00e4\u00adsi\u00adri bi\u00adlen er\u00e4p \u00fdok bol\u00ad\u00fdan plast\u00admas\u00adsa ma\u00adte\u00adria\u00adly\u00adny i\u015f\u00adl\u00e4p ta\u00fd\u00ad\u00fdar\u00adla\u00addy. Plas\u00adtik\u00adler po\u00adli\u00admer gur\u00adlu\u015f\u00adly ma\u00adte\u00adri\u00adal\u00adlar bo\u00adlup, zyn\u00adjyr g\u00f6r\u00adn\u00fc\u015f\u00adli uzyn po\u00adli\u00admer mo\u00adle\u00adku\u00adla\u00adla\u00adryn\u00addan eme\u00adle ge\u00adlen ki\u00ad\u00e7i mo\u00adle\u00adku\u00adla\u00adla\u00adry\u0148 ara\u00adsyn\u00adda berk bag\u00adla\u00adny\u00ad\u015fyk bol\u00ad\u00fdar. \u015eol se\u00adb\u00e4p\u00adli ola\u00adry\u0148 te\u00adbi\u00adgy \u015fert\u00adler\u00adde \u00e7\u00fc\u00fd\u00adre\u00adme\u00adgi \u00fc\u00e7in k\u00f6p wagt ge\u00adrek bol\u00ad\u00fdar. Ins\u00adti\u00adtu\u00adty\u0148 h\u00fc\u00adn\u00e4r\u00admen\u00adle\u00adri hem berk, hem [&hellip;]<\/p>\n","protected":false},"author":1,"featured_media":25110,"comment_status":"open","ping_status":"closed","sticky":false,"template":"","format":"standard","meta":{"footnotes":""},"categories":[8],"tags":[],"acf":[],"_links":{"self":[{"href":"https:\/\/zamanturkmenistan.com.tm\/index.php?rest_route=\/wp\/v2\/posts\/25105"}],"collection":[{"href":"https:\/\/zamanturkmenistan.com.tm\/index.php?rest_route=\/wp\/v2\/posts"}],"about":[{"href":"https:\/\/zamanturkmenistan.com.tm\/index.php?rest_route=\/wp\/v2\/types\/post"}],"author":[{"embeddable":true,"href":"https:\/\/zamanturkmenistan.com.tm\/index.php?rest_route=\/wp\/v2\/users\/1"}],"replies":[{"embeddable":true,"href":"https:\/\/zamanturkmenistan.com.tm\/index.php?rest_route=%2Fwp%2Fv2%2Fcomments&post=25105"}],"version-history":[{"count":0,"href":"https:\/\/zamanturkmenistan.com.tm\/index.php?rest_route=\/wp\/v2\/posts\/25105\/revisions"}],"wp:featuredmedia":[{"embeddable":true,"href":"https:\/\/zamanturkmenistan.com.tm\/index.php?rest_route=\/wp\/v2\/media\/25110"}],"wp:attachment":[{"href":"https:\/\/zamanturkmenistan.com.tm\/index.php?rest_route=%2Fwp%2Fv2%2Fmedia&parent=25105"}],"wp:term":[{"taxonomy":"category","embeddable":true,"href":"https:\/\/zamanturkmenistan.com.tm\/index.php?rest_route=%2Fwp%2Fv2%2Fcategories&post=25105"},{"taxonomy":"post_tag","embeddable":true,"href":"https:\/\/zamanturkmenistan.com.tm\/index.php?rest_route=%2Fwp%2Fv2%2Ftags&post=25105"}],"curies":[{"name":"wp","href":"https:\/\/api.w.org\/{rel}","templated":true}]}}