{"id":25791,"date":"2019-11-09T13:41:20","date_gmt":"2019-11-09T08:41:20","guid":{"rendered":"http:\/\/zamanturkmenistan.com\/?p=25791"},"modified":"2019-11-09T13:41:22","modified_gmt":"2019-11-09T08:41:22","slug":"volkswagen-elektromobil-onduryar","status":"publish","type":"post","link":"https:\/\/zamanturkmenistan.com.tm\/?p=25791","title":{"rendered":"\u201cVolks\u00adwa\u00adgen\u201d elekt\u00adro\u00admo\u00adbil \u00f6n\u00add\u00fcr\u00ad\u00fd\u00e4r"},"content":{"rendered":"<p>\u201cVolks\u00adwa\u00adgen\u201d Ger\u00adma\u00adni\u00ad\u00fda Fe\u00adde\u00adra\u00adtiw Res\u00adpub\u00adli\u00adka\u00adsy\u00adny\u0148 g\u00fcn\u00addo\u00adga\u00adryn\u00adda \u00fder\u00adle\u015f\u00ad\u00fd\u00e4n Swik\u00adkau za\u00adwo\u00addyn\u00adda \u00f6z\u00fc\u00adni\u0148 se\u00adri\u00ad\u00fda\u00adla\u00ad\u00fdyn elekt\u00adrou\u00adla\u00adgy \u2013 ID.3-i\u0148 \u00f6n\u00fcm\u00ad\u00e7i\u00adli\u00adgi\u00adne ba\u015f\u00adla\u00addy. Elekt\u00adrou\u00adla\u00adgy\u0148 il\u00adkin\u00adji nus\u00adga\u00adsy kon\u00adwe\u00ad\u00fder\u00adden \u00e7y\u00adkan\u00adda o\u0148a Kans\u00adler An\u00adge\u00adla Mer\u00adkel we aw\u00adto\u00adkon\u00adser\u00adni\u0148 ba\u015f di\u00adrek\u00adto\u00adry Ger\u00adbert Diss syn et\u00addi\u00adler.<\/p>\n<p>\u201cVolks\u00adwa\u00adgen\u201d-i\u0148 t\u00e4\u00adze ula\u00adgy\u00adny\u0148 \u00f6n\u00fcm\u00ad\u00e7i\u00adli\u00adgi\u00adni\u0148 a\u00e7y\u00adly\u00ad\u015fyn\u00adda An\u00adge\u00adla Mer\u00adkel h\u00f6\u00adk\u00fc\u00adme\u00adti\u0148 elekt\u00adrou\u00adlag\u00adlar \u00fc\u00e7in zar\u00ad\u00fdad be\u00adket\u00adle\u00adri\u00adni\u0148 inf\u00adrast\u00adruk\u00adtu\u00adra\u00adsy\u00adny\u0148 gur\u00adlu\u00ad\u015fy\u00adgy\u00adna 3,5 milliard t\u00f6\u00adwe\u00adre\u00adgi \u00fdew\u00adro ma\u00ad\u00fda go\u00fd\u00adma\u00adgy ni\u00ad\u00fdet edin\u00ad\u00fd\u00e4n\u00addi\u00adgi\u00adni m\u00e4\u00adlim et\u00addi. Ol \u00fdur\u00addu\u0148 aw\u00adto\u00adse\u00adna\u00adga\u00adtyn\u00adda bo\u00adlup ge\u00e7\u00ad\u00fd\u00e4n \u00f6z\u00adge\u00adri\u015f\u00adlik\u00adle\u00adri \u201cky\u00adsym\u00adla\u00adry\u0148 \u00f6z\u00adger\u00adme\u00adgi\u201d di\u00ad\u00fdip at\u00adlan\u00addyr\u00addy.<\/p>\n<p>Ba\u00adha\u00adsy 30 m\u00fc\u0148 \u00fdew\u00adro de\u0148 bo\u00adlan ID.3 elekt\u00adrou\u00adla\u00adgy eko\u00adlo\u00adgik ta\u00fd\u00addan aras\u00adsa ener\u00adgi\u00ad\u00fda bi\u00adlen i\u015f\u00adle\u00ad\u00fd\u00e4r. 2021-nji \u00fdy\u00adla \u00e7en\u00adli bu ky\u00adsym\u00adda\u00adky elekt\u00adrou\u00adlag\u00adla\u00adry\u0148 330 m\u00fc\u0148 t\u00f6\u00adwe\u00adre\u00adgi\u00adni \u00f6n\u00add\u00fcr\u00admek me\u00ad\u00fdil\u00adle\u015f\u00addi\u00adri\u00adlip, bu \u00fdag\u00adda\u00fd Swik\u00adkau za\u00adwo\u00addy\u00adny \u00ddew\u00adro\u00adpa\u00adda elekt\u00adrou\u00adlag \u00f6n\u00add\u00fcr\u00admek bo\u00ad\u00fdun\u00ad\u00e7a i\u0148 iri za\u00adwod\u00adla\u00adry\u0148 bi\u00adri\u00adne \u00f6w\u00adrer. E\u00fd\u00ad\u00fd\u00e4m, ID.3 elekt\u00adrou\u00adla\u00adgy\u00adny sa\u00adtyn al\u00admak \u00fc\u00e7in, d\u00fcn\u00ad\u00fd\u00e4\u00adde 35 m\u00fc\u0148 adam sar\u00adgyt edipdir.<\/p>\n","protected":false},"excerpt":{"rendered":"<p>\u201cVolks\u00adwa\u00adgen\u201d Ger\u00adma\u00adni\u00ad\u00fda Fe\u00adde\u00adra\u00adtiw Res\u00adpub\u00adli\u00adka\u00adsy\u00adny\u0148 g\u00fcn\u00addo\u00adga\u00adryn\u00adda \u00fder\u00adle\u015f\u00ad\u00fd\u00e4n Swik\u00adkau za\u00adwo\u00addyn\u00adda \u00f6z\u00fc\u00adni\u0148 se\u00adri\u00ad\u00fda\u00adla\u00ad\u00fdyn elekt\u00adrou\u00adla\u00adgy \u2013 ID.3-i\u0148 \u00f6n\u00fcm\u00ad\u00e7i\u00adli\u00adgi\u00adne ba\u015f\u00adla\u00addy. Elekt\u00adrou\u00adla\u00adgy\u0148 il\u00adkin\u00adji nus\u00adga\u00adsy kon\u00adwe\u00ad\u00fder\u00adden \u00e7y\u00adkan\u00adda o\u0148a Kans\u00adler An\u00adge\u00adla Mer\u00adkel we aw\u00adto\u00adkon\u00adser\u00adni\u0148 ba\u015f di\u00adrek\u00adto\u00adry Ger\u00adbert Diss syn et\u00addi\u00adler. \u201cVolks\u00adwa\u00adgen\u201d-i\u0148 t\u00e4\u00adze ula\u00adgy\u00adny\u0148 \u00f6n\u00fcm\u00ad\u00e7i\u00adli\u00adgi\u00adni\u0148 a\u00e7y\u00adly\u00ad\u015fyn\u00adda An\u00adge\u00adla Mer\u00adkel h\u00f6\u00adk\u00fc\u00adme\u00adti\u0148 elekt\u00adrou\u00adlag\u00adlar \u00fc\u00e7in zar\u00ad\u00fdad be\u00adket\u00adle\u00adri\u00adni\u0148 inf\u00adrast\u00adruk\u00adtu\u00adra\u00adsy\u00adny\u0148 gur\u00adlu\u00ad\u015fy\u00adgy\u00adna 3,5 milliard t\u00f6\u00adwe\u00adre\u00adgi \u00fdew\u00adro ma\u00ad\u00fda go\u00fd\u00adma\u00adgy ni\u00ad\u00fdet edin\u00ad\u00fd\u00e4n\u00addi\u00adgi\u00adni m\u00e4\u00adlim [&hellip;]<\/p>\n","protected":false},"author":1,"featured_media":25792,"comment_status":"open","ping_status":"closed","sticky":false,"template":"","format":"standard","meta":{"footnotes":""},"categories":[5],"tags":[],"acf":[],"_links":{"self":[{"href":"https:\/\/zamanturkmenistan.com.tm\/index.php?rest_route=\/wp\/v2\/posts\/25791"}],"collection":[{"href":"https:\/\/zamanturkmenistan.com.tm\/index.php?rest_route=\/wp\/v2\/posts"}],"about":[{"href":"https:\/\/zamanturkmenistan.com.tm\/index.php?rest_route=\/wp\/v2\/types\/post"}],"author":[{"embeddable":true,"href":"https:\/\/zamanturkmenistan.com.tm\/index.php?rest_route=\/wp\/v2\/users\/1"}],"replies":[{"embeddable":true,"href":"https:\/\/zamanturkmenistan.com.tm\/index.php?rest_route=%2Fwp%2Fv2%2Fcomments&post=25791"}],"version-history":[{"count":0,"href":"https:\/\/zamanturkmenistan.com.tm\/index.php?rest_route=\/wp\/v2\/posts\/25791\/revisions"}],"wp:featuredmedia":[{"embeddable":true,"href":"https:\/\/zamanturkmenistan.com.tm\/index.php?rest_route=\/wp\/v2\/media\/25792"}],"wp:attachment":[{"href":"https:\/\/zamanturkmenistan.com.tm\/index.php?rest_route=%2Fwp%2Fv2%2Fmedia&parent=25791"}],"wp:term":[{"taxonomy":"category","embeddable":true,"href":"https:\/\/zamanturkmenistan.com.tm\/index.php?rest_route=%2Fwp%2Fv2%2Fcategories&post=25791"},{"taxonomy":"post_tag","embeddable":true,"href":"https:\/\/zamanturkmenistan.com.tm\/index.php?rest_route=%2Fwp%2Fv2%2Ftags&post=25791"}],"curies":[{"name":"wp","href":"https:\/\/api.w.org\/{rel}","templated":true}]}}