{"id":25808,"date":"2019-11-09T13:57:56","date_gmt":"2019-11-09T08:57:56","guid":{"rendered":"http:\/\/zamanturkmenistan.com\/?p=25808"},"modified":"2019-11-09T13:57:58","modified_gmt":"2019-11-09T08:57:58","slug":"400-metr-belentlikdaki-myhmanhana","status":"publish","type":"post","link":"https:\/\/zamanturkmenistan.com.tm\/?p=25808","title":{"rendered":"400 metr be\u00adlent\u00adlik\u00add\u00e4\u00adki myh\u00adman\u00adha\u00adna"},"content":{"rendered":"<p>G\u00fc\u00adnor\u00adta Ame\u00adri\u00adka\u00adda \u00fder\u00adle\u015f\u00ad\u00fd\u00e4n Pe\u00adru d\u00f6w\u00adle\u00adti\u00adni\u0148 Kus\u00adko \u015f\u00e4\u00adhe\u00adri ta\u00adry\u00adhy \u00fda\u00addy\u00adg\u00e4r\u00adlik\u00adle\u00adri, In\u00adka me\u00adde\u00adni\u00ad\u00fde\u00adti\u00adne de\u00adgi\u015f\u00adli bi\u00adna\u00adla\u00adry, te\u00adbi\u00adgy gur\u00ad\u015fa\u00adwy bi\u00adlen ja\u00adhan\u00adke\u015f\u00adde\u00adle\u00adri \u00f6z\u00fc\u00adne ma\u00ad\u00fdyl ed\u00ad\u00fd\u00e4r. \u015ee\u00fd\u00adle g\u00f6\u00adzel \u00fder\u00adle\u00adri, aja\u00ad\u00fdyp te\u00adbi\u00adga\u00adty \u00fdo\u00adkar\u00addan gi\u00adje-g\u00fcn\u00addiz syn\u00adla\u00admak is\u00adle\u00adme\u00ad\u00fd\u00e4n \u00fdok bol\u00adsa ge\u00adrek. \u00dd\u00f6\u00adne \u015f\u00e4\u00adhe\u00adri\u0148 mer\u00adke\u00adzin\u00adden 224 ki\u00adlo\u00admetr da\u015f\u00adlyk\u00adda \u00fder\u00adle\u015f\u00ad\u00fd\u00e4n Uru\u00adbam\u00adba-Ol\u00adlan\u00adtay\u00adtam\u00adbo di\u00ad\u00fdil\u00ad\u00fd\u00e4n \u00fder\u00adde Pe\u00adru\u00adny\u0148 Giz\u00adlin j\u00fcl\u00adge\u00adsi\u00adne aba\u00adnyp du\u00adran dag ge\u00adri\u015f\u00adle\u00adrin\u00add\u00e4\u00adki t\u00e4\u00adsin myh\u00adman\u00adha\u00adna\u00addan a\u015fak se\u00adret\u00admek hem\u00adme\u00adler \u00fc\u00e7in \u00fde\u00ad\u0148il d\u00e4l bol\u00adma\u00adgy m\u00fcm\u00adkin. Da\u00adgy\u0148 ger\u00ad\u015fin\u00adden asyl\u00adgy du\u00adran, a\u00fd\u00adna\u00addan gur\u00adlan bu \u00f6z\u00adbo\u00adlu\u015f\u00adly kap\u00adsu\u00adla g\u00f6r\u00adn\u00fc\u015f\u00adli \u00f6\u00fd\u00adja\u00adgaz\u00adlar ba\u015f\u00addan ge\u00ad\u00e7ir\u00adm\u00e4\u00adni ha\u00adla\u00ad\u00fdan\u00adla\u00adry\u0148 ge\u00adlim-gi\u00addim\u00adli \u00fde\u00adri\u00adne \u00f6w\u00adr\u00fc\u00adlip ba\u015f\u00adla\u00addy. \u00dder\u00adden 400 metr \u00fdo\u00adkar\u00adda \u00fder\u00adle\u015f\u00ad\u00fd\u00e4n bu kap\u00adsu\u00adla\u00adla\u00adry\u0148 ini 7, be\u00ad\u00fdik\u00adli\u00adgi 2,5 met\u00adre ba\u00adra\u00adbar\u00addyr. Ho\u00adwa \u015fert\u00adle\u00adri\u00adni\u0148 \u00e4h\u00adli\u00adsi \u00fc\u00e7in o\u0148a\u00fd\u00adly bo\u00adlan kap\u00adsu\u00adla\u00adlar\u00adda 4 ada\u00adma ni\u00ad\u00fdet\u00adle\u00adnen \u00fda\u00adty\u015f di\u00adwan\u00adla\u00adry, \u015fe\u00fd\u00adle-de ki\u00ad\u00e7e\u0148\u00adr\u00e4k a\u015f\u00adha\u00adna we du\u015f al\u00admak \u00fc\u00e7in \u00fd\u00f6\u00adri\u00adte \u00fder bar. 6 pen\u00adji\u00adre\u00adsi, 4 sa\u00adny ho\u00adwa \u00e7a\u00adly\u015f\u00ad\u00fdan ki\u00ad\u00e7i pen\u00adji\u00adre\u00adsi bar bo\u00adlan bu kap\u00adsu\u00adla\u00adla\u00adra bar\u00admak we\u00adlin o di\u00ad\u00fden \u00fde\u00ad\u0148il d\u00e4l. O\u0148a dyr\u00adma\u00ad\u015fyp \u00fda-da be\u00ad\u00fdik\u00adli-pes\u00adli en\u00e7eme men\u00adzi\u00adli \u00fd\u00f6\u00adr\u00e4p ge\u00e7\u00admek ar\u00adka\u00adly ba\u00adryp bol\u00ad\u00fdar. Ba\u00adtyr\u00adga\u00fd, ga\u00adra\u00addan ga\u00fdt\u00admaz ja\u00adhan\u00adke\u015f\u00adde\u00adle\u00adri\u0148 bar\u00ad\u00fdan bu \u00fde\u00adrin\u00adde d\u00fc\u015f\u00adle\u00adme\u00adgi\u0148 \u00e7yk\u00adda\u00adjy\u00adsy bir adam \u00fc\u00e7in 500 dol\u00adla\u00adra go\u00adla\u00fd\u00addyr.<\/p>\n","protected":false},"excerpt":{"rendered":"<p>G\u00fc\u00adnor\u00adta Ame\u00adri\u00adka\u00adda \u00fder\u00adle\u015f\u00ad\u00fd\u00e4n Pe\u00adru d\u00f6w\u00adle\u00adti\u00adni\u0148 Kus\u00adko \u015f\u00e4\u00adhe\u00adri ta\u00adry\u00adhy \u00fda\u00addy\u00adg\u00e4r\u00adlik\u00adle\u00adri, In\u00adka me\u00adde\u00adni\u00ad\u00fde\u00adti\u00adne de\u00adgi\u015f\u00adli bi\u00adna\u00adla\u00adry, te\u00adbi\u00adgy gur\u00ad\u015fa\u00adwy bi\u00adlen ja\u00adhan\u00adke\u015f\u00adde\u00adle\u00adri \u00f6z\u00fc\u00adne ma\u00ad\u00fdyl ed\u00ad\u00fd\u00e4r. \u015ee\u00fd\u00adle g\u00f6\u00adzel \u00fder\u00adle\u00adri, aja\u00ad\u00fdyp te\u00adbi\u00adga\u00adty \u00fdo\u00adkar\u00addan gi\u00adje-g\u00fcn\u00addiz syn\u00adla\u00admak is\u00adle\u00adme\u00ad\u00fd\u00e4n \u00fdok bol\u00adsa ge\u00adrek. \u00dd\u00f6\u00adne \u015f\u00e4\u00adhe\u00adri\u0148 mer\u00adke\u00adzin\u00adden 224 ki\u00adlo\u00admetr da\u015f\u00adlyk\u00adda \u00fder\u00adle\u015f\u00ad\u00fd\u00e4n Uru\u00adbam\u00adba-Ol\u00adlan\u00adtay\u00adtam\u00adbo di\u00ad\u00fdil\u00ad\u00fd\u00e4n \u00fder\u00adde Pe\u00adru\u00adny\u0148 Giz\u00adlin j\u00fcl\u00adge\u00adsi\u00adne aba\u00adnyp du\u00adran dag ge\u00adri\u015f\u00adle\u00adrin\u00add\u00e4\u00adki t\u00e4\u00adsin myh\u00adman\u00adha\u00adna\u00addan a\u015fak se\u00adret\u00admek hem\u00adme\u00adler \u00fc\u00e7in [&hellip;]<\/p>\n","protected":false},"author":1,"featured_media":25809,"comment_status":"open","ping_status":"closed","sticky":false,"template":"","format":"standard","meta":{"footnotes":""},"categories":[280],"tags":[],"acf":[],"_links":{"self":[{"href":"https:\/\/zamanturkmenistan.com.tm\/index.php?rest_route=\/wp\/v2\/posts\/25808"}],"collection":[{"href":"https:\/\/zamanturkmenistan.com.tm\/index.php?rest_route=\/wp\/v2\/posts"}],"about":[{"href":"https:\/\/zamanturkmenistan.com.tm\/index.php?rest_route=\/wp\/v2\/types\/post"}],"author":[{"embeddable":true,"href":"https:\/\/zamanturkmenistan.com.tm\/index.php?rest_route=\/wp\/v2\/users\/1"}],"replies":[{"embeddable":true,"href":"https:\/\/zamanturkmenistan.com.tm\/index.php?rest_route=%2Fwp%2Fv2%2Fcomments&post=25808"}],"version-history":[{"count":0,"href":"https:\/\/zamanturkmenistan.com.tm\/index.php?rest_route=\/wp\/v2\/posts\/25808\/revisions"}],"wp:featuredmedia":[{"embeddable":true,"href":"https:\/\/zamanturkmenistan.com.tm\/index.php?rest_route=\/wp\/v2\/media\/25809"}],"wp:attachment":[{"href":"https:\/\/zamanturkmenistan.com.tm\/index.php?rest_route=%2Fwp%2Fv2%2Fmedia&parent=25808"}],"wp:term":[{"taxonomy":"category","embeddable":true,"href":"https:\/\/zamanturkmenistan.com.tm\/index.php?rest_route=%2Fwp%2Fv2%2Fcategories&post=25808"},{"taxonomy":"post_tag","embeddable":true,"href":"https:\/\/zamanturkmenistan.com.tm\/index.php?rest_route=%2Fwp%2Fv2%2Ftags&post=25808"}],"curies":[{"name":"wp","href":"https:\/\/api.w.org\/{rel}","templated":true}]}}