{"id":26154,"date":"2019-11-26T09:04:18","date_gmt":"2019-11-26T04:04:18","guid":{"rendered":"http:\/\/zamanturkmenistan.com\/?p=26154"},"modified":"2019-11-26T09:04:23","modified_gmt":"2019-11-26T04:04:23","slug":"dubai-airshow-2019-guraldy","status":"publish","type":"post","link":"https:\/\/zamanturkmenistan.com.tm\/?p=26154","title":{"rendered":"\u201cDu\u00adbai Airs\u00adhow 2019\u201d guraldy"},"content":{"rendered":"<p>17-21-nji no\u00ad\u00fdabr ara\u00adly\u00adgyn\u00adda Bir\u00adle\u00ad\u015fen Arap Emir\u00adlik\u00adle\u00adri\u00adni\u0148 Du\u00adba\u00fd \u015f\u00e4\u00adhe\u00adrin\u00adde 16-njy ge\u00adzek \u201cDu\u00adbai Airs\u00adhow 2019\u201d Hal\u00adka\u00adra awia\u00adsi\u00ad\u00fda-kos\u00admos ser\u00adgi\u00adsi ge\u00ad\u00e7i\u00adril\u00addi. Bu awia\u00adser\u00adg\u00e4 d\u00fcn\u00ad\u00fd\u00e4\u00adni\u0148 1,2 m\u00fc\u0148 awia\u00adsi\u00ad\u00fda we ae\u00adro\u00adkos\u00admos kom\u00adpa\u00adni\u00ad\u00fda\u00adsy hem-de 80 m\u00fc\u0148\u00adden gow\u00adrak myh\u00adman gat\u00adna\u015f\u00addy. BAE\u00adni\u0148 wi\u00adse-pre\u00adzi\u00adden\u00adti, Prem\u00ad\u00fder-mi\u00adnist\u00adri, Du\u00adba\u00fd Emir\u00adli\u00adgi\u00adni\u0148 h\u00e4\u00adki\u00admi \u015ee\u00fdh Mu\u00adham\u00admed Bin Ra\u00ad\u015fid Al Mak\u00adtum we Abu-Da\u00adbi\u00adni\u0148 Mi\u00adras\u00add\u00fc\u00ad\u015fer \u015ea\u00adza\u00adda\u00adsy \u015ee\u00fdh Mu\u00adham\u00admed Bin Za\u00ad\u00fded Al Na\u00adha\u00fd\u00ad\u00fdan bu awia\u00adser\u00adgi\u00adni bi\u00adle\u00adlik\u00adde a\u00e7\u00addy\u00adlar.<\/p>\n<p>Bu ser\u00adgi 1986-njy \u00fdyl\u00addan b\u00e4\u00adri ge\u00ad\u00e7ir\u00adilip, h\u00e4\u00adzir\u00adki wagt\u00adda ab\u00adra\u00fd\u00adly hal\u00adka\u00adra awia\u00adsi\u00ad\u00fda-kos\u00admos g\u00f6z\u00adden ge\u00ad\u00e7i\u00adri\u00adli\u00ad\u015fi ha\u00adsap\u00adlan\u00ad\u00fdar. Bu \u00fde\u00adre ge\u00adlip g\u00f6r\u00ad\u00fd\u00e4n\u00adler k\u00f6p san\u00adly awia\u00adsi\u00ad\u00fda we kos\u00admos en\u00adjam\u00adla\u00adry bi\u00adlen ta\u00adny\u015f bol\u00addu\u00adlar. \u015ee\u00fd\u00adle hem ser\u00adgi\u00adni\u0148 \u00e7\u00e4k\u00adle\u00adrin\u00adde bir\u00adn\u00e4\u00ad\u00e7e mas\u00adla\u00adhat\u00adlar we gep\u00adle\u00ad\u015fik\u00adler ge\u00ad\u00e7i\u00adril\u00addi. Ser\u00adg\u00e4 d\u00fcn\u00ad\u00fd\u00e4\u00adni\u0148 76 \u00fdur\u00addun\u00addan 87 m\u00fc\u0148 h\u00fc\u00adn\u00e4r\u00admen gat\u00adna\u00ad\u015fyp, a\u00e7yk me\u00fd\u00addan\u00adda \u00f6z\u00adle\u00adri\u00adni\u0148 165 sa\u00adny u\u00e7ar\u00adla\u00adry\u00adny we u\u00e7\u00ad\u00fdan en\u00adjam\u00adla\u00adry\u00adny h\u00f6\u00add\u00fcr\u00adle\u00addi\u00adler. \u201cDu\u00adbai Airs\u00adhow \u2013 2019\u201d awia\u00adser\u00adgi\u00adsin\u00adde, esa\u00adsan, kos\u00admos te\u00adma\u00adti\u00adka\u00adsy\u00adna \u00fcns ber\u00adlip, kos\u00admos bar\u00adlag\u00adla\u00adryn\u00adda ze\u00adnan\u00adla\u00adry\u0148 or\u00adny hem-de teh\u00adno\u00adlo\u00adgi\u00ad\u00fda\u00adlar mow\u00adzu\u00adgy a\u00fd\u00adra\u00adtyn \u00e4h\u00admi\u00ad\u00fde\u00adte e\u00fde bol\u00addy.<\/p>\n","protected":false},"excerpt":{"rendered":"<p>17-21-nji no\u00ad\u00fdabr ara\u00adly\u00adgyn\u00adda Bir\u00adle\u00ad\u015fen Arap Emir\u00adlik\u00adle\u00adri\u00adni\u0148 Du\u00adba\u00fd \u015f\u00e4\u00adhe\u00adrin\u00adde 16-njy ge\u00adzek \u201cDu\u00adbai Airs\u00adhow 2019\u201d Hal\u00adka\u00adra awia\u00adsi\u00ad\u00fda-kos\u00admos ser\u00adgi\u00adsi ge\u00ad\u00e7i\u00adril\u00addi. Bu awia\u00adser\u00adg\u00e4 d\u00fcn\u00ad\u00fd\u00e4\u00adni\u0148 1,2 m\u00fc\u0148 awia\u00adsi\u00ad\u00fda we ae\u00adro\u00adkos\u00admos kom\u00adpa\u00adni\u00ad\u00fda\u00adsy hem-de 80 m\u00fc\u0148\u00adden gow\u00adrak myh\u00adman gat\u00adna\u015f\u00addy. BAE\u00adni\u0148 wi\u00adse-pre\u00adzi\u00adden\u00adti, Prem\u00ad\u00fder-mi\u00adnist\u00adri, Du\u00adba\u00fd Emir\u00adli\u00adgi\u00adni\u0148 h\u00e4\u00adki\u00admi \u015ee\u00fdh Mu\u00adham\u00admed Bin Ra\u00ad\u015fid Al Mak\u00adtum we Abu-Da\u00adbi\u00adni\u0148 Mi\u00adras\u00add\u00fc\u00ad\u015fer \u015ea\u00adza\u00adda\u00adsy \u015ee\u00fdh Mu\u00adham\u00admed Bin Za\u00ad\u00fded Al Na\u00adha\u00fd\u00ad\u00fdan bu [&hellip;]<\/p>\n","protected":false},"author":1,"featured_media":26164,"comment_status":"open","ping_status":"closed","sticky":false,"template":"","format":"standard","meta":{"footnotes":""},"categories":[5],"tags":[],"acf":[],"_links":{"self":[{"href":"https:\/\/zamanturkmenistan.com.tm\/index.php?rest_route=\/wp\/v2\/posts\/26154"}],"collection":[{"href":"https:\/\/zamanturkmenistan.com.tm\/index.php?rest_route=\/wp\/v2\/posts"}],"about":[{"href":"https:\/\/zamanturkmenistan.com.tm\/index.php?rest_route=\/wp\/v2\/types\/post"}],"author":[{"embeddable":true,"href":"https:\/\/zamanturkmenistan.com.tm\/index.php?rest_route=\/wp\/v2\/users\/1"}],"replies":[{"embeddable":true,"href":"https:\/\/zamanturkmenistan.com.tm\/index.php?rest_route=%2Fwp%2Fv2%2Fcomments&post=26154"}],"version-history":[{"count":0,"href":"https:\/\/zamanturkmenistan.com.tm\/index.php?rest_route=\/wp\/v2\/posts\/26154\/revisions"}],"wp:featuredmedia":[{"embeddable":true,"href":"https:\/\/zamanturkmenistan.com.tm\/index.php?rest_route=\/wp\/v2\/media\/26164"}],"wp:attachment":[{"href":"https:\/\/zamanturkmenistan.com.tm\/index.php?rest_route=%2Fwp%2Fv2%2Fmedia&parent=26154"}],"wp:term":[{"taxonomy":"category","embeddable":true,"href":"https:\/\/zamanturkmenistan.com.tm\/index.php?rest_route=%2Fwp%2Fv2%2Fcategories&post=26154"},{"taxonomy":"post_tag","embeddable":true,"href":"https:\/\/zamanturkmenistan.com.tm\/index.php?rest_route=%2Fwp%2Fv2%2Ftags&post=26154"}],"curies":[{"name":"wp","href":"https:\/\/api.w.org\/{rel}","templated":true}]}}