{"id":26162,"date":"2019-11-26T09:01:28","date_gmt":"2019-11-26T04:01:28","guid":{"rendered":"http:\/\/zamanturkmenistan.com\/?p=26162"},"modified":"2019-11-26T09:01:30","modified_gmt":"2019-11-26T04:01:30","slug":"emirates-50-ucar-alar","status":"publish","type":"post","link":"https:\/\/zamanturkmenistan.com.tm\/?p=26162","title":{"rendered":"\u201cEmi\u00adra\u00adtes\u201d 50 u\u00e7ar alar"},"content":{"rendered":"<p>\u201cEmi\u00adra\u00adtes\u201d awia\u00adkom\u00adpa\u00adni\u00ad\u00fda\u00adsy \u201cAir\u00adbus A350\u201d u\u00e7ar\u00adla\u00adry\u00adny\u0148 50-si\u00adni sa\u00adtyn al\u00admak \u00fc\u00e7in 16 mil\u00adliard dol\u00adlar\u00adlyk \u015fert\u00adna\u00adma gol \u00e7ek\u00addi. De\u00adgi\u015f\u00adli res\u00admi\u00adna\u00adma \u201cEmi\u00adra\u00adtes\u201d awia\u00adkom\u00adpa\u00adni\u00ad\u00fda\u00adsy\u00adny\u0148 ba\u015f\u00adly\u00adgy \u015fe\u00fdh Ah\u00admed ben Sa\u00adid Al Mak\u00adtum we \u201cAir\u00adbus\u201d-y\u0148 ba\u015f di\u00adrek\u00adto\u00adry Gi\u00adom Fo\u00adri Du\u00adba\u00fd\u00adda ge\u00ad\u00e7i\u00adri\u00adlen Hal\u00adka\u00adra awia\u00adsi\u00fda-kos\u00admos ser\u00adgi\u00adsi \u201cDu\u00adbai Airs\u00adhow 2019\u201d-y\u0148 \u00e7\u00e4k\u00adle\u00adrin\u00adde gol \u00e7ek\u00addi\u00adler.<\/p>\n<p>\u2013 \u015ee\u00fd\u00adle \u00e4dim \u201cEmi\u00adra\u00adtes\u201d awia\u00adkom\u00adpa\u00adni\u00ad\u00fda\u00adsy\u00adny\u0148 \u00fdo\u00adlag\u00ad\u00e7y\u00adla\u00adry gat\u00adnat\u00admak uky\u00adby\u00adny has-da \u00fdo\u00adkar\u00adlan\u00addyr\u00adma\u00adga \u00fdar\u00addam be\u00adrer \u2013 di\u00ad\u00fdip, Ah\u00admed ben Sa\u00adid Al Mak\u00adtum bel\u00adle\u00addi.<\/p>\n<p>Gi\u00adom Fo\u00adri\u00adni\u0148 bel\u00adle\u00adme\u00adgi\u00adne g\u00f6\u00adr\u00e4, bu \u015fert\u00adna\u00adma \u201cAir\u00adbus\u201d kor\u00adpo\u00adra\u00adsi\u00ad\u00fda\u00adsy\u00adny\u0148 we \u201cEmi\u00adra\u00adtes\u201d awia\u00adkom\u00adpa\u00adni\u00ad\u00fda\u00adsy\u00adny\u0148 hyz\u00admat\u00adda\u015f\u00adly\u00adgy\u00adny hil ta\u00fd\u00addan t\u00e4\u00adze be\u00adlent\u00adlik\u00adle\u00adre \u00e7y\u00adka\u00adrar. Ol t\u00e4\u00adze u\u00e7ar\u00adla\u00adry\u0148 \u201cEmi\u00adra\u00adtes\u201d-i\u0148 \u00fdo\u00adlag\u00ad\u00e7y\u00adla\u00adry\u00adna \u00e4h\u00adli ba\u00adbat\u00adda o\u0148a\u00fd\u00adly \u015fert\u00adle\u00adri d\u00f6\u00adret\u00adjek\u00addi\u00adgi\u00adne ynam bil\u00addir\u00addi.<\/p>\n","protected":false},"excerpt":{"rendered":"<p>\u201cEmi\u00adra\u00adtes\u201d awia\u00adkom\u00adpa\u00adni\u00ad\u00fda\u00adsy \u201cAir\u00adbus A350\u201d u\u00e7ar\u00adla\u00adry\u00adny\u0148 50-si\u00adni sa\u00adtyn al\u00admak \u00fc\u00e7in 16 mil\u00adliard dol\u00adlar\u00adlyk \u015fert\u00adna\u00adma gol \u00e7ek\u00addi. De\u00adgi\u015f\u00adli res\u00admi\u00adna\u00adma \u201cEmi\u00adra\u00adtes\u201d awia\u00adkom\u00adpa\u00adni\u00ad\u00fda\u00adsy\u00adny\u0148 ba\u015f\u00adly\u00adgy \u015fe\u00fdh Ah\u00admed ben Sa\u00adid Al Mak\u00adtum we \u201cAir\u00adbus\u201d-y\u0148 ba\u015f di\u00adrek\u00adto\u00adry Gi\u00adom Fo\u00adri Du\u00adba\u00fd\u00adda ge\u00ad\u00e7i\u00adri\u00adlen Hal\u00adka\u00adra awia\u00adsi\u00fda-kos\u00admos ser\u00adgi\u00adsi \u201cDu\u00adbai Airs\u00adhow 2019\u201d-y\u0148 \u00e7\u00e4k\u00adle\u00adrin\u00adde gol \u00e7ek\u00addi\u00adler. \u2013 \u015ee\u00fd\u00adle \u00e4dim \u201cEmi\u00adra\u00adtes\u201d awia\u00adkom\u00adpa\u00adni\u00ad\u00fda\u00adsy\u00adny\u0148 \u00fdo\u00adlag\u00ad\u00e7y\u00adla\u00adry gat\u00adnat\u00admak uky\u00adby\u00adny has-da \u00fdo\u00adkar\u00adlan\u00addyr\u00adma\u00adga \u00fdar\u00addam be\u00adrer [&hellip;]<\/p>\n","protected":false},"author":1,"featured_media":26165,"comment_status":"open","ping_status":"closed","sticky":false,"template":"","format":"standard","meta":{"footnotes":""},"categories":[5],"tags":[],"acf":[],"_links":{"self":[{"href":"https:\/\/zamanturkmenistan.com.tm\/index.php?rest_route=\/wp\/v2\/posts\/26162"}],"collection":[{"href":"https:\/\/zamanturkmenistan.com.tm\/index.php?rest_route=\/wp\/v2\/posts"}],"about":[{"href":"https:\/\/zamanturkmenistan.com.tm\/index.php?rest_route=\/wp\/v2\/types\/post"}],"author":[{"embeddable":true,"href":"https:\/\/zamanturkmenistan.com.tm\/index.php?rest_route=\/wp\/v2\/users\/1"}],"replies":[{"embeddable":true,"href":"https:\/\/zamanturkmenistan.com.tm\/index.php?rest_route=%2Fwp%2Fv2%2Fcomments&post=26162"}],"version-history":[{"count":0,"href":"https:\/\/zamanturkmenistan.com.tm\/index.php?rest_route=\/wp\/v2\/posts\/26162\/revisions"}],"wp:featuredmedia":[{"embeddable":true,"href":"https:\/\/zamanturkmenistan.com.tm\/index.php?rest_route=\/wp\/v2\/media\/26165"}],"wp:attachment":[{"href":"https:\/\/zamanturkmenistan.com.tm\/index.php?rest_route=%2Fwp%2Fv2%2Fmedia&parent=26162"}],"wp:term":[{"taxonomy":"category","embeddable":true,"href":"https:\/\/zamanturkmenistan.com.tm\/index.php?rest_route=%2Fwp%2Fv2%2Fcategories&post=26162"},{"taxonomy":"post_tag","embeddable":true,"href":"https:\/\/zamanturkmenistan.com.tm\/index.php?rest_route=%2Fwp%2Fv2%2Ftags&post=26162"}],"curies":[{"name":"wp","href":"https:\/\/api.w.org\/{rel}","templated":true}]}}