{"id":26172,"date":"2019-11-26T09:04:46","date_gmt":"2019-11-26T04:04:46","guid":{"rendered":"http:\/\/zamanturkmenistan.com\/?p=26172"},"modified":"2019-11-26T09:04:48","modified_gmt":"2019-11-26T04:04:48","slug":"yewropa-film-bayraklarynyn-dalasgarleri","status":"publish","type":"post","link":"https:\/\/zamanturkmenistan.com.tm\/?p=26172","title":{"rendered":"\u00ddew\u00adro\u00adpa film ba\u00fd\u00adrak\u00adla\u00adry\u00adny\u0148 dala\u015fg\u00e4rleri"},"content":{"rendered":"<p>\u00ddew\u00adro\u00adpa film ba\u00fd\u00adrak\u00adla\u00adry\u00adny\u0148 bu \u00fdyl\u00addaky da\u00adla\u015f\u00adg\u00e4r\u00adle\u00adri m\u00e4\u00adlim edil\u00addi. Yk\u00adly\u00admy\u0148 Os\u00adka\u00adry ha\u00adsap\u00adlan\u00ad\u00fdan \u00ddew\u00adro\u00adpa ba\u00fd\u00adrak\u00adla\u00adry bu \u00fdyl 32-nji ge\u00adzek gow\u00ad\u015fu\u00adry\u00adlar. I\u0148 go\u00adwy film ba\u00fd\u00adra\u00adgy ug\u00adrun\u00adda Ro\u00adman Po\u00adlans\u00adki\u00adni\u0148 \u201cOfi\u00adser we jan\u00adsyz\u201d (J\u2019accuse), Lad\u017e Li\u00adni\u0148 \u201cTerk edi\u00adlen\u00adler\u201d (Les mi\u00adse\u00adrab\u00adle), Ped\u00adro Al\u00admo\u00addo\u00adwa\u00adry\u0148 \u201cAzap we \u00fde\u00ad\u0148i\u015f\u201d (Do\u00adlor y Glo\u00adria), \u00ddor\u00adgos Lan\u00adti\u00admo\u00adsy\u0148 os\u00adkar\u00adly fil\u00admi \u201cS\u00f6\u00fd\u00adg\u00fc\u00adli\u201d (The Favou\u00adri\u00adte), ger\u00adma\u00adni\u00ad\u00fda\u00adly No\u00adra Fing\u00ad\u015fe\u00adid\u00adti\u0148 \u201cUl\u00adgam\u00adla\u00adry \u00fdok edi\u00adji\u201d (Sys\u00adtemsp\u00adren\u00adger) hem-de Mar\u00adko Bel\u00adlo\u00e7\u00ad\u00e7io\u00adny\u0148 \u201cD\u00f6\u00adn\u00fck\u201d (Il tra\u00addi\u00adto\u00adre) \u00fda\u00adly film\u00adle\u00adri da\u00adla\u015f\u00adg\u00e4r\u00adli\u00adge h\u00f6\u00add\u00fcr\u00adlen\u00addi.<\/p>\n<p>I\u0148 go\u00adwy re\u00ad\u017eiss\u00ad\u00fdor ba\u00fd\u00adra\u00adgy ug\u00adrun\u00adda Ro\u00adman Po\u00adlans\u00adki (\u201cOfi\u00adser we jan\u00adsyz\u201d, J\u2019accuse), \u00ddor\u00adgos Lan\u00adti\u00admos (\u201cS\u00f6\u00fd\u00adg\u00fc\u00adli\u201d, The Favou\u00adri\u00adte), Ped\u00adro Al\u00admo\u00addo\u00adwar (\u201cAzap we \u00fde\u00ad\u0148i\u015f\u201d, Do\u00adlor y Glo\u00adria), Se\u00adli\u00adne \u015ei\u00adam\u00adma (\u201cAlaw\u00adda\u00adky ze\u00adna\u00adny\u0148 port\u00adre\u00adti\u201d, Port\u00adra\u00adit de la jeu\u00adne fil\u00adle en feu) we Mar\u00adko Bel\u00adlo\u00e7\u00ad\u00e7io (\u201cD\u00f6\u00adn\u00fck\u201d, Il tra\u00addi\u00adto\u00adre) da\u00adgy \u00f6za\u00adra g\u00f6\u00adre\u00ad\u015fer. I\u0148 go\u00adwy akt\u00ad\u00fdor ba\u00fd\u00adra\u00adgy\u00adna An\u00adto\u00adnio Ban\u00adde\u00adras, \u017dan Du\u00ad\u017ear\u00addin, Pierf\u00adran\u00ad\u00e7es\u00adko Fa\u00adwi\u00adno, Le\u00adwan Gel\u00adba\u00adhia\u00adni, Alek\u00adsan\u00adder \u015eir, Ing\u00adwar E. Si\u00adgurds\u00adson, i\u0148 go\u00adwy akt\u00adri\u00adsa ba\u00fd\u00adra\u00adgy\u00adna-da Oli\u00adwi\u00ad\u00fda Kol\u00adman, Tri\u00adne Dyr\u00adholm, Adel Hae\u00adnel, Noe\u00admie Mer\u00adlant, He\u00adle\u00adna Zen\u00adgel hem-de Wik\u00adto\u00adri\u00ad\u00fda Mi\u00adro\u015f\u00adni\u00ad\u00e7en\u00adko da\u00adgy da\u00adla\u015f\u00adg\u00e4r g\u00f6r\u00adke\u00adzil\u00addi.<\/p>\n","protected":false},"excerpt":{"rendered":"<p>\u00ddew\u00adro\u00adpa film ba\u00fd\u00adrak\u00adla\u00adry\u00adny\u0148 bu \u00fdyl\u00addaky da\u00adla\u015f\u00adg\u00e4r\u00adle\u00adri m\u00e4\u00adlim edil\u00addi. Yk\u00adly\u00admy\u0148 Os\u00adka\u00adry ha\u00adsap\u00adlan\u00ad\u00fdan \u00ddew\u00adro\u00adpa ba\u00fd\u00adrak\u00adla\u00adry bu \u00fdyl 32-nji ge\u00adzek gow\u00ad\u015fu\u00adry\u00adlar. I\u0148 go\u00adwy film ba\u00fd\u00adra\u00adgy ug\u00adrun\u00adda Ro\u00adman Po\u00adlans\u00adki\u00adni\u0148 \u201cOfi\u00adser we jan\u00adsyz\u201d (J\u2019accuse), Lad\u017e Li\u00adni\u0148 \u201cTerk edi\u00adlen\u00adler\u201d (Les mi\u00adse\u00adrab\u00adle), Ped\u00adro Al\u00admo\u00addo\u00adwa\u00adry\u0148 \u201cAzap we \u00fde\u00ad\u0148i\u015f\u201d (Do\u00adlor y Glo\u00adria), \u00ddor\u00adgos Lan\u00adti\u00admo\u00adsy\u0148 os\u00adkar\u00adly fil\u00admi \u201cS\u00f6\u00fd\u00adg\u00fc\u00adli\u201d (The Favou\u00adri\u00adte), ger\u00adma\u00adni\u00ad\u00fda\u00adly No\u00adra Fing\u00ad\u015fe\u00adid\u00adti\u0148 \u201cUl\u00adgam\u00adla\u00adry \u00fdok [&hellip;]<\/p>\n","protected":false},"author":1,"featured_media":26175,"comment_status":"open","ping_status":"closed","sticky":false,"template":"","format":"standard","meta":{"footnotes":""},"categories":[12],"tags":[],"acf":[],"_links":{"self":[{"href":"https:\/\/zamanturkmenistan.com.tm\/index.php?rest_route=\/wp\/v2\/posts\/26172"}],"collection":[{"href":"https:\/\/zamanturkmenistan.com.tm\/index.php?rest_route=\/wp\/v2\/posts"}],"about":[{"href":"https:\/\/zamanturkmenistan.com.tm\/index.php?rest_route=\/wp\/v2\/types\/post"}],"author":[{"embeddable":true,"href":"https:\/\/zamanturkmenistan.com.tm\/index.php?rest_route=\/wp\/v2\/users\/1"}],"replies":[{"embeddable":true,"href":"https:\/\/zamanturkmenistan.com.tm\/index.php?rest_route=%2Fwp%2Fv2%2Fcomments&post=26172"}],"version-history":[{"count":0,"href":"https:\/\/zamanturkmenistan.com.tm\/index.php?rest_route=\/wp\/v2\/posts\/26172\/revisions"}],"wp:featuredmedia":[{"embeddable":true,"href":"https:\/\/zamanturkmenistan.com.tm\/index.php?rest_route=\/wp\/v2\/media\/26175"}],"wp:attachment":[{"href":"https:\/\/zamanturkmenistan.com.tm\/index.php?rest_route=%2Fwp%2Fv2%2Fmedia&parent=26172"}],"wp:term":[{"taxonomy":"category","embeddable":true,"href":"https:\/\/zamanturkmenistan.com.tm\/index.php?rest_route=%2Fwp%2Fv2%2Fcategories&post=26172"},{"taxonomy":"post_tag","embeddable":true,"href":"https:\/\/zamanturkmenistan.com.tm\/index.php?rest_route=%2Fwp%2Fv2%2Ftags&post=26172"}],"curies":[{"name":"wp","href":"https:\/\/api.w.org\/{rel}","templated":true}]}}