{"id":26182,"date":"2019-11-26T09:06:27","date_gmt":"2019-11-26T04:06:27","guid":{"rendered":"http:\/\/zamanturkmenistan.com\/?p=26182"},"modified":"2019-11-26T09:06:30","modified_gmt":"2019-11-26T04:06:30","slug":"ussat-aktyora-uly-hormat","status":"publish","type":"post","link":"https:\/\/zamanturkmenistan.com.tm\/?p=26182","title":{"rendered":"Ussat akt\u00fdora uly hormat"},"content":{"rendered":"<p>Ame\u00adri\u00adkan akt\u00ad\u00fdor\u00adlar bi\u00adle\u00adle\u00ad\u015fi\u00adgi (SAG) us\u00adsat ar\u00adtist, ki\u00adno sun\u00adga\u00adty\u00adny\u0148 \u00e4gir\u00addi Ro\u00adbert De Ni\u00adro\u00adny \u201c\u00d6m\u00fcr\u00adbo\u00ad\u00fdy ba\u00ad\u015far\u00adnyk\u201d ba\u00fd\u00adra\u00adgy bi\u00adlen sy\u00adlag\u00adla\u00addy. Gu\u00adra\u00adma\u00adny\u0148 ba\u015f\u00adly\u00adgy Gab\u00adri\u00adel\u00adle Kar\u00adte\u00adris bu ba\u00adra\u00adda: \u201cRo\u00adbert De Ni\u00adro \u00f6z\u00adbo\u00adlu\u015f\u00adly, us\u00adsat, \u00e4girt akt\u00ad\u00fdor. Onu\u0148 d\u00f6\u00adre\u00adden ke\u015fp\u00adle\u00adri hi\u00e7 ha\u00ad\u00e7an \u00fdat\u00addan \u00e7yk\u00adma\u00adjak ke\u015fp\u00adler\u00addir. Onu\u0148 su\u00adra\u00adta d\u00fc\u00ad\u015fen film\u00adle\u00adri bi\u00adzi\u0148 a\u0148y\u00admy\u00adzy \u00f6z\u00adgerd\u00ad\u00fd\u00e4r, \u00fd\u00fc\u00adrek\u00adle\u00adri\u00admi\u00adze t\u00e4\u00adze \u00f6w\u00fc\u015f\u00adgin \u00e7a\u00fd\u00ad\u00fdar\u201d di\u00ad\u00fdip, akt\u00ad\u00fdo\u00adry\u0148 \u00f6w\u00adg\u00fc\u00adsi\u00adni\u0148 \u00fcs\u00adt\u00fc\u00adni \u00fde\u00adtir\u00addi. \u201c\u00c7o\u00adkun\u00addur\u00ad\u00fdan ata\u201d, \u201cTak\u00adsi s\u00fc\u00adr\u00fc\u00adji\u00adsi\u201d, \u201cKe\u00ad\u00fdik aw\u00ad\u00e7y\u00adsy\u201d, \u201cGa\u00adhar\u00adja\u0148 \u00f6k\u00fcz\u201d \u00fda\u00adly k\u00f6p\u00adle\u00adri\u0148 s\u00f6\u00fd\u00adg\u00fc\u00adsi\u00adni ga\u00adza\u00adnan os\u00adkar\u00adly akt\u00ad\u00fdo\u00adra ba\u00fd\u00adra\u00adk gel\u00adjek \u00fdy\u00adly\u0148 26-njy \u00fdan\u00adwa\u00adryn\u00adda gow\u00ad\u015fu\u00adry\u00adlar.<\/p>\n","protected":false},"excerpt":{"rendered":"<p>Ame\u00adri\u00adkan akt\u00ad\u00fdor\u00adlar bi\u00adle\u00adle\u00ad\u015fi\u00adgi (SAG) us\u00adsat ar\u00adtist, ki\u00adno sun\u00adga\u00adty\u00adny\u0148 \u00e4gir\u00addi Ro\u00adbert De Ni\u00adro\u00adny \u201c\u00d6m\u00fcr\u00adbo\u00ad\u00fdy ba\u00ad\u015far\u00adnyk\u201d ba\u00fd\u00adra\u00adgy bi\u00adlen sy\u00adlag\u00adla\u00addy. Gu\u00adra\u00adma\u00adny\u0148 ba\u015f\u00adly\u00adgy Gab\u00adri\u00adel\u00adle Kar\u00adte\u00adris bu ba\u00adra\u00adda: \u201cRo\u00adbert De Ni\u00adro \u00f6z\u00adbo\u00adlu\u015f\u00adly, us\u00adsat, \u00e4girt akt\u00ad\u00fdor. Onu\u0148 d\u00f6\u00adre\u00adden ke\u015fp\u00adle\u00adri hi\u00e7 ha\u00ad\u00e7an \u00fdat\u00addan \u00e7yk\u00adma\u00adjak ke\u015fp\u00adler\u00addir. Onu\u0148 su\u00adra\u00adta d\u00fc\u00ad\u015fen film\u00adle\u00adri bi\u00adzi\u0148 a\u0148y\u00admy\u00adzy \u00f6z\u00adgerd\u00ad\u00fd\u00e4r, \u00fd\u00fc\u00adrek\u00adle\u00adri\u00admi\u00adze t\u00e4\u00adze \u00f6w\u00fc\u015f\u00adgin \u00e7a\u00fd\u00ad\u00fdar\u201d di\u00ad\u00fdip, akt\u00ad\u00fdo\u00adry\u0148 \u00f6w\u00adg\u00fc\u00adsi\u00adni\u0148 \u00fcs\u00adt\u00fc\u00adni \u00fde\u00adtir\u00addi. \u201c\u00c7o\u00adkun\u00addur\u00ad\u00fdan [&hellip;]<\/p>\n","protected":false},"author":1,"featured_media":26183,"comment_status":"open","ping_status":"closed","sticky":false,"template":"","format":"standard","meta":{"footnotes":""},"categories":[12],"tags":[],"acf":[],"_links":{"self":[{"href":"https:\/\/zamanturkmenistan.com.tm\/index.php?rest_route=\/wp\/v2\/posts\/26182"}],"collection":[{"href":"https:\/\/zamanturkmenistan.com.tm\/index.php?rest_route=\/wp\/v2\/posts"}],"about":[{"href":"https:\/\/zamanturkmenistan.com.tm\/index.php?rest_route=\/wp\/v2\/types\/post"}],"author":[{"embeddable":true,"href":"https:\/\/zamanturkmenistan.com.tm\/index.php?rest_route=\/wp\/v2\/users\/1"}],"replies":[{"embeddable":true,"href":"https:\/\/zamanturkmenistan.com.tm\/index.php?rest_route=%2Fwp%2Fv2%2Fcomments&post=26182"}],"version-history":[{"count":0,"href":"https:\/\/zamanturkmenistan.com.tm\/index.php?rest_route=\/wp\/v2\/posts\/26182\/revisions"}],"wp:featuredmedia":[{"embeddable":true,"href":"https:\/\/zamanturkmenistan.com.tm\/index.php?rest_route=\/wp\/v2\/media\/26183"}],"wp:attachment":[{"href":"https:\/\/zamanturkmenistan.com.tm\/index.php?rest_route=%2Fwp%2Fv2%2Fmedia&parent=26182"}],"wp:term":[{"taxonomy":"category","embeddable":true,"href":"https:\/\/zamanturkmenistan.com.tm\/index.php?rest_route=%2Fwp%2Fv2%2Fcategories&post=26182"},{"taxonomy":"post_tag","embeddable":true,"href":"https:\/\/zamanturkmenistan.com.tm\/index.php?rest_route=%2Fwp%2Fv2%2Ftags&post=26182"}],"curies":[{"name":"wp","href":"https:\/\/api.w.org\/{rel}","templated":true}]}}