{"id":26280,"date":"2019-11-30T14:16:45","date_gmt":"2019-11-30T09:16:45","guid":{"rendered":"http:\/\/zamanturkmenistan.com\/?p=26280"},"modified":"2019-11-30T14:45:50","modified_gmt":"2019-11-30T09:45:50","slug":"dubayda-turkmenistanyn-bas-konsullygy-ise-baslady","status":"publish","type":"post","link":"https:\/\/zamanturkmenistan.com.tm\/?p=26280","title":{"rendered":"Du\u00adba\u00fd\u00adda  T\u00fcrk\u00adme\u00adnis\u00adta\u00adny\u0148 Ba\u015f kon\u00adsul\u00adly\u00adgy i\u015fe ba\u015f\u00adla\u00addy"},"content":{"rendered":"<p>Bir\u00adle\u00ad\u015fen Arap Emir\u00adlik\u00adle\u00adri\u00adni\u0148 Du\u00adba\u00fd \u015f\u00e4\u00adhe\u00adrin\u00adde T\u00fcrk\u00adme\u00adnis\u00adta\u00adny\u0148 Ba\u015f kon\u00adsul\u00adly\u00adgy\u00adny\u0148 da\u00adba\u00adra\u00adly a\u00e7y\u00adly\u00ad\u015fy bol\u00addy. Bu \u00e7\u00e4\u00adr\u00e4 T\u00fcrk\u00adme\u00adnis\u00adta\u00adny\u0148 da\u00ad\u015fa\u00adry i\u015f\u00adler mi\u00adnist\u00adri, \u015fe\u00fd\u00adle hem BAE-ni\u0148 Da\u00ad\u015fa\u00adry i\u015f\u00adler we hal\u00adka\u00adra hyz\u00admat\u00adda\u015f\u00adly\u00adgy mi\u00adnistr\u00adli\u00adgi\u00adni\u0148, Du\u00adba\u00fd \u015f\u00e4\u00adhe\u00adrin\u00adde akk\u00adre\u00addi\u00adtir\u00adle\u00adnen dip\u00adlo\u00adma\u00adtik we\u00adkil\u00adha\u00adna\u00adla\u00adry\u0148 \u00fdol\u00adba\u015f\u00ad\u00e7y\u00adla\u00adry we k\u00f6p\u00ad\u00e7\u00fc\u00adlik\u00adle\u00ad\u00fdin ha\u00adbar be\u00adri\u015f se\u00adri\u015f\u00adde\u00adle\u00adri\u00adni\u0148 we\u00adkil\u00adle\u00adri gat\u00adna\u015f\u00addy\u00adlar.<\/p>\n<p>T\u00fcrk\u00adme\u00adnis\u00adta\u00adny\u0148 Bir\u00adle\u00ad\u015fen Arap Emir\u00adlik\u00adle\u00adrin\u00add\u00e4\u00adki Ba\u015f kon\u00adsu\u00adly Y.Ama\u00adnow da\u00adba\u00adra\u00adda eden \u00e7yky\u00ad\u015fyn\u00adda Du\u00adba\u00fd \u015f\u00e4\u00adhe\u00adrin\u00add\u00e4\u00adki Ba\u015f kon\u00adsul\u00adly\u00adgy\u00adny\u0148 a\u00e7yl\u00adma\u00adgy\u00adny\u0148 t\u00fcrk\u00admen-emir\u00adlik\u00adler hyz\u00admat\u00adda\u015f\u00adly\u00adgy\u00adny\u0148 \u00e4h\u00adli ugur\u00adla\u00adry bo\u00ad\u00fdun\u00ad\u00e7a gat\u00adna\u00ad\u015fyk\u00adla\u00adry\u00adna uly go\u00ad\u015fant go\u015f\u00adjak\u00addy\u00adgy\u00adny hem-de iki\u00adta\u00adrap\u00adla\u00ad\u00fdyn gat\u00adna\u00ad\u015fyk\u00adla\u00adry\u0148 ta\u00adry\u00adhyn\u00adda m\u00f6\u00adh\u00fcm or\u00adny e\u00fde\u00adle\u00adjek\u00addi\u00adgi\u00adni bel\u00adl\u00e4p ge\u00e7\u00addi.<br \/>\nBu \u00e7\u00e4\u00adr\u00e4 gat\u00adna\u00ad\u015fan \u00fdur\u00addu\u00admy\u00adzy\u0148 we\u00adki\u00adli\u00ad\u00fde\u00adti Bir\u00adle\u00ad\u015fen Arap Emir\u00adlik\u00adle\u00adrin\u00adde bir\u00adn\u00e4\u00ad\u00e7e du\u00ad\u015fu\u00ad\u015fyk\u00adla\u00adry ge\u00ad\u00e7ir\u00addi\u00adler. T\u00fcrk\u00admen we\u00adki\u00adli\u00ad\u00fde\u00adti Bir\u00adle\u00ad\u015fen Arap Emir\u00adlik\u00adle\u00adri\u00adni\u0148 Hal\u00adka\u00adra hyz\u00admat\u00adda\u015f\u00adlyk d\u00f6w\u00adlet mi\u00adnist\u00adri Rim bin Ib\u00adra\u00adgim Al Ha\u00ad\u015fi\u00admi, BAE-ni\u0148 Prem\u00ad\u00fder-mi\u00adnist\u00adri\u00adni\u0148 orun\u00adba\u00adsa\u00adry, Pre\u00adzi\u00addent i\u015f\u00adle\u00adri bo\u00ad\u00fdun\u00ad\u00e7a mi\u00adnist\u00adri \u015ee\u00fdh Man\u00adsur bin Za\u00ad\u00fded Al Na\u00adha\u00fd\u00ad\u00fda\u00adn we BAE-ni\u0148 da\u00ad\u015fa\u00adry i\u015f\u00adler bo\u00ad\u00fdun\u00ad\u00e7a d\u00f6w\u00adlet mi\u00adnist\u00adri An\u00adwar Mo\u00adham\u00admed Gar\u00adga\u015f bi\u00adlen du\u00ad\u015fu\u015f\u00addylar. Du\u00ad\u015fu\u00ad\u015fy\u00adklary\u0148 bar\u00ad\u015fyn\u00adda t\u00fcrk\u00admen-emir\u00adlik\u00adler gat\u00adna\u00ad\u015fyk\u00adla\u00adry\u00adny\u0148 \u00f6s\u00fc\u00ad\u015fi\u00adni, \u015fol san\u00adda s\u00f6w\u00adda-yk\u00addy\u00adsa\u00addy we me\u00adde\u00adni-yn\u00adsan\u00adper\u00adwer hyz\u00admat\u00adda\u015f\u00adly\u00adgy ara alnyp mas\u00adla\u00adhat\u00adla\u015f\u00adyldy.<\/p>\n","protected":false},"excerpt":{"rendered":"<p>Bir\u00adle\u00ad\u015fen Arap Emir\u00adlik\u00adle\u00adri\u00adni\u0148 Du\u00adba\u00fd \u015f\u00e4\u00adhe\u00adrin\u00adde T\u00fcrk\u00adme\u00adnis\u00adta\u00adny\u0148 Ba\u015f kon\u00adsul\u00adly\u00adgy\u00adny\u0148 da\u00adba\u00adra\u00adly a\u00e7y\u00adly\u00ad\u015fy bol\u00addy. Bu \u00e7\u00e4\u00adr\u00e4 T\u00fcrk\u00adme\u00adnis\u00adta\u00adny\u0148 da\u00ad\u015fa\u00adry i\u015f\u00adler mi\u00adnist\u00adri, \u015fe\u00fd\u00adle hem BAE-ni\u0148 Da\u00ad\u015fa\u00adry i\u015f\u00adler we hal\u00adka\u00adra hyz\u00admat\u00adda\u015f\u00adly\u00adgy mi\u00adnistr\u00adli\u00adgi\u00adni\u0148, Du\u00adba\u00fd \u015f\u00e4\u00adhe\u00adrin\u00adde akk\u00adre\u00addi\u00adtir\u00adle\u00adnen dip\u00adlo\u00adma\u00adtik we\u00adkil\u00adha\u00adna\u00adla\u00adry\u0148 \u00fdol\u00adba\u015f\u00ad\u00e7y\u00adla\u00adry we k\u00f6p\u00ad\u00e7\u00fc\u00adlik\u00adle\u00ad\u00fdin ha\u00adbar be\u00adri\u015f se\u00adri\u015f\u00adde\u00adle\u00adri\u00adni\u0148 we\u00adkil\u00adle\u00adri gat\u00adna\u015f\u00addy\u00adlar. T\u00fcrk\u00adme\u00adnis\u00adta\u00adny\u0148 Bir\u00adle\u00ad\u015fen Arap Emir\u00adlik\u00adle\u00adrin\u00add\u00e4\u00adki Ba\u015f kon\u00adsu\u00adly Y.Ama\u00adnow da\u00adba\u00adra\u00adda eden \u00e7yky\u00ad\u015fyn\u00adda Du\u00adba\u00fd \u015f\u00e4\u00adhe\u00adrin\u00add\u00e4\u00adki Ba\u015f kon\u00adsul\u00adly\u00adgy\u00adny\u0148 a\u00e7yl\u00adma\u00adgy\u00adny\u0148 t\u00fcrk\u00admen-emir\u00adlik\u00adler [&hellip;]<\/p>\n","protected":false},"author":1,"featured_media":26281,"comment_status":"open","ping_status":"closed","sticky":false,"template":"","format":"standard","meta":{"footnotes":""},"categories":[3],"tags":[],"acf":[],"_links":{"self":[{"href":"https:\/\/zamanturkmenistan.com.tm\/index.php?rest_route=\/wp\/v2\/posts\/26280"}],"collection":[{"href":"https:\/\/zamanturkmenistan.com.tm\/index.php?rest_route=\/wp\/v2\/posts"}],"about":[{"href":"https:\/\/zamanturkmenistan.com.tm\/index.php?rest_route=\/wp\/v2\/types\/post"}],"author":[{"embeddable":true,"href":"https:\/\/zamanturkmenistan.com.tm\/index.php?rest_route=\/wp\/v2\/users\/1"}],"replies":[{"embeddable":true,"href":"https:\/\/zamanturkmenistan.com.tm\/index.php?rest_route=%2Fwp%2Fv2%2Fcomments&post=26280"}],"version-history":[{"count":0,"href":"https:\/\/zamanturkmenistan.com.tm\/index.php?rest_route=\/wp\/v2\/posts\/26280\/revisions"}],"wp:featuredmedia":[{"embeddable":true,"href":"https:\/\/zamanturkmenistan.com.tm\/index.php?rest_route=\/wp\/v2\/media\/26281"}],"wp:attachment":[{"href":"https:\/\/zamanturkmenistan.com.tm\/index.php?rest_route=%2Fwp%2Fv2%2Fmedia&parent=26280"}],"wp:term":[{"taxonomy":"category","embeddable":true,"href":"https:\/\/zamanturkmenistan.com.tm\/index.php?rest_route=%2Fwp%2Fv2%2Fcategories&post=26280"},{"taxonomy":"post_tag","embeddable":true,"href":"https:\/\/zamanturkmenistan.com.tm\/index.php?rest_route=%2Fwp%2Fv2%2Ftags&post=26280"}],"curies":[{"name":"wp","href":"https:\/\/api.w.org\/{rel}","templated":true}]}}