{"id":26367,"date":"2019-11-30T14:24:28","date_gmt":"2019-11-30T09:24:28","guid":{"rendered":"http:\/\/zamanturkmenistan.com\/?p=26367"},"modified":"2019-11-30T14:24:31","modified_gmt":"2019-11-30T09:24:31","slug":"14-emeli-hemrany-ucurdy","status":"publish","type":"post","link":"https:\/\/zamanturkmenistan.com.tm\/?p=26367","title":{"rendered":"14 eme\u00adli hem\u00adra\u00adny u\u00e7ur\u00addy"},"content":{"rendered":"<p>Hin\u00addis\u00adta\u00adny\u0148 And\u00adra Pra\u00adde\u015f \u015fta\u00adtyn\u00adda\u00adky kos\u00admod\u00adro\u00admyn\u00addan bir wagt\u00adda 14 eme\u00adli hem\u00adra u\u00e7u\u00adryl\u00addy. \u00ddur\u00addu\u0148 Kos\u00admos Bar\u00adlag\u00adla\u00adry Eda\u00adra\u00adsy 13 sa\u00adny\u00adsy AB\u015e-ny\u0148 bir kom\u00adpa\u00adni\u00ad\u00fda\u00adsy\u00adna, bi\u00adri \u00f6z\u00adle\u00adri\u00adne de\u00adgi\u015f\u00adli bo\u00adlan eme\u00adli hem\u00adra\u00adla\u00adry\u0148 or\u00adbi\u00adta\u00adla\u00adra \u00fder\u00adle\u00ad\u015fen\u00addi\u00adgi\u00adni ha\u00adbar ber\u00addi. \u201cPSLV-C47\u201d ra\u00adke\u00adta\u00adsy bi\u00adlen u\u00e7u\u00adry\u00adlan Hin\u00addis\u00adta\u00adna de\u00adgi\u015f\u00adli bo\u00adlan \u201cCar\u00adto\u00adsat-3\u201d-i\u0148 \u00dder \u00fd\u00fc\u00adz\u00fc\u00adni \u00fdo\u00adka\u00adry du\u00adru\u00adlyk\u00adda su\u00adra\u00adta d\u00fc\u00ad\u015f\u00fcr\u00adjek\u00addi\u00adgi we onu\u0148 i\u015f\u00adje\u0148\u00adlik m\u00f6h\u00adle\u00adti\u00adni\u0148 5 \u00fdyl\u00addy\u00adgy m\u00e4\u00adlim edil\u00addi. So\u0148\u00adky \u00fdyl\u00adlar\u00adda kos\u00admos pu\u00adda\u00adgy\u00adny \u00f6s\u00add\u00fcr\u00adm\u00e4\u00adge we on\u00addan pe\u00fd\u00adda\u00adlan\u00adma\u00adga a\u00fd\u00adra\u00adtyn \u00e4h\u00admi\u00ad\u00fdet be\u00adril\u00ad\u00fd\u00e4n Hin\u00addis\u00adtan\u00adda h\u00e4\u00adzi\u00adre \u00e7en\u00adli 300-den gow\u00adrak eme\u00adli hem\u00adra \u00fcs\u00adt\u00fcn\u00adlik\u00adli \u00fdag\u00adda\u00fd\u00adda u\u00e7u\u00adryl\u00addy. Ag\u00adra\u00admy 1600 ki\u00adlog\u00adram\u00ad bo\u00adlan \u201cCar\u00adto\u00adsat-3\u201d eme\u00adli hem\u00adra\u00adsy iri m\u00f6\u00e7\u00adber\u00adli \u015f\u00e4\u00adher\u00adgur\u00adlu\u00ad\u015fyk pu\u00adda\u00adgy\u00adny, oba \u00fder\u00adle\u00adri\u00adni we inf\u00adrast\u00adruk\u00adtu\u00adra\u00adny \u00f6s\u00add\u00fcr\u00adm\u00e4\u00adge, ke\u00adnar\u00ad\u00fda\u00adka we \u00f6s\u00fcm\u00adlik d\u00fcn\u00ad\u00fd\u00e4\u00adsin\u00adde bar\u00adlag\u00adla\u00adry ge\u00ad\u00e7ir\u00adm\u00e4\u00adge \u00fdar\u00addam eder. Hin\u00addis\u00adtan 2008-nji \u00fdyl\u00adda \u201cChand\u00adrayaan-1\u201d at\u00adly kos\u00admos en\u00adja\u00admy\u00adny A\u00fda ibe\u00adrip\u00addi. 2014-nji \u00fdyl\u00adda bol\u00adsa, Mar\u00adsy\u0148 or\u00adbi\u00adta\u00adsy\u00adna kos\u00admos en\u00adja\u00admy\u00adny \u00fder\u00adle\u015f\u00addi\u00adrip\u00addi.<\/p>\n","protected":false},"excerpt":{"rendered":"<p>Hin\u00addis\u00adta\u00adny\u0148 And\u00adra Pra\u00adde\u015f \u015fta\u00adtyn\u00adda\u00adky kos\u00admod\u00adro\u00admyn\u00addan bir wagt\u00adda 14 eme\u00adli hem\u00adra u\u00e7u\u00adryl\u00addy. \u00ddur\u00addu\u0148 Kos\u00admos Bar\u00adlag\u00adla\u00adry Eda\u00adra\u00adsy 13 sa\u00adny\u00adsy AB\u015e-ny\u0148 bir kom\u00adpa\u00adni\u00ad\u00fda\u00adsy\u00adna, bi\u00adri \u00f6z\u00adle\u00adri\u00adne de\u00adgi\u015f\u00adli bo\u00adlan eme\u00adli hem\u00adra\u00adla\u00adry\u0148 or\u00adbi\u00adta\u00adla\u00adra \u00fder\u00adle\u00ad\u015fen\u00addi\u00adgi\u00adni ha\u00adbar ber\u00addi. \u201cPSLV-C47\u201d ra\u00adke\u00adta\u00adsy bi\u00adlen u\u00e7u\u00adry\u00adlan Hin\u00addis\u00adta\u00adna de\u00adgi\u015f\u00adli bo\u00adlan \u201cCar\u00adto\u00adsat-3\u201d-i\u0148 \u00dder \u00fd\u00fc\u00adz\u00fc\u00adni \u00fdo\u00adka\u00adry du\u00adru\u00adlyk\u00adda su\u00adra\u00adta d\u00fc\u00ad\u015f\u00fcr\u00adjek\u00addi\u00adgi we onu\u0148 i\u015f\u00adje\u0148\u00adlik m\u00f6h\u00adle\u00adti\u00adni\u0148 5 \u00fdyl\u00addy\u00adgy m\u00e4\u00adlim edil\u00addi. So\u0148\u00adky \u00fdyl\u00adlar\u00adda kos\u00admos [&hellip;]<\/p>\n","protected":false},"author":1,"featured_media":26370,"comment_status":"open","ping_status":"closed","sticky":false,"template":"","format":"standard","meta":{"footnotes":""},"categories":[8],"tags":[],"acf":[],"_links":{"self":[{"href":"https:\/\/zamanturkmenistan.com.tm\/index.php?rest_route=\/wp\/v2\/posts\/26367"}],"collection":[{"href":"https:\/\/zamanturkmenistan.com.tm\/index.php?rest_route=\/wp\/v2\/posts"}],"about":[{"href":"https:\/\/zamanturkmenistan.com.tm\/index.php?rest_route=\/wp\/v2\/types\/post"}],"author":[{"embeddable":true,"href":"https:\/\/zamanturkmenistan.com.tm\/index.php?rest_route=\/wp\/v2\/users\/1"}],"replies":[{"embeddable":true,"href":"https:\/\/zamanturkmenistan.com.tm\/index.php?rest_route=%2Fwp%2Fv2%2Fcomments&post=26367"}],"version-history":[{"count":0,"href":"https:\/\/zamanturkmenistan.com.tm\/index.php?rest_route=\/wp\/v2\/posts\/26367\/revisions"}],"wp:featuredmedia":[{"embeddable":true,"href":"https:\/\/zamanturkmenistan.com.tm\/index.php?rest_route=\/wp\/v2\/media\/26370"}],"wp:attachment":[{"href":"https:\/\/zamanturkmenistan.com.tm\/index.php?rest_route=%2Fwp%2Fv2%2Fmedia&parent=26367"}],"wp:term":[{"taxonomy":"category","embeddable":true,"href":"https:\/\/zamanturkmenistan.com.tm\/index.php?rest_route=%2Fwp%2Fv2%2Fcategories&post=26367"},{"taxonomy":"post_tag","embeddable":true,"href":"https:\/\/zamanturkmenistan.com.tm\/index.php?rest_route=%2Fwp%2Fv2%2Ftags&post=26367"}],"curies":[{"name":"wp","href":"https:\/\/api.w.org\/{rel}","templated":true}]}}