{"id":27098,"date":"2020-01-11T15:06:53","date_gmt":"2020-01-11T10:06:53","guid":{"rendered":"http:\/\/zamanturkmenistan.com\/?p=27098"},"modified":"2020-01-11T15:06:55","modified_gmt":"2020-01-11T10:06:55","slug":"35-nji-gar-we-buz-festiwaly","status":"publish","type":"post","link":"https:\/\/zamanturkmenistan.com.tm\/?p=27098","title":{"rendered":"35-nji gar we buz fes\u00adti\u00adwa\u00adly"},"content":{"rendered":"<p>5-nji \u00fdan\u00adwar\u00adda Hy\u00adta\u00ad\u00fdy\u0148 de\u00admir\u00adga\u00adzyk-g\u00fcn\u00addo\u00adga\u00adryn\u00adda \u00fder\u00adle\u015f\u00ad\u00fd\u00e4n Har\u00adbin \u015f\u00e4\u00adhe\u00adrin\u00adde 35-nji hal\u00adka\u00adra gar we buz fes\u00adti\u00adwa\u00adly\u00adny\u0148 a\u00e7y\u00adly\u015f da\u00adba\u00adra\u00adsy bol\u00addy. Ba\u00fd\u00adram\u00ad\u00e7y\u00adlyk fe\u00ad\u00fder\u00adwer\u00adki bi\u00adlen ba\u015f\u00adlan bu \u00e7\u00e4\u00adre 28-nji few\u00adra\u00adla \u00e7en\u00adli do\u00adwam eder. D\u00fcn\u00ad\u00fd\u00e4\u00adni\u0148 i\u0148 iri buz \u015f\u00e4\u00adhe\u00adri 600 m\u00fc\u0148 ine\u00add\u00f6r\u00add\u00fcl metr \u00e7\u00e4k\u00adler\u00adde \u00fda\u00fd\u00adba\u0148\u00adlan\u00addy\u00adry\u00adlyp, buz\u00addan edi\u00adlen 2 m\u00fc\u0148\u00adden gow\u00adrak des\u00adga bu \u00fde\u00adre gel\u00ad\u00fd\u00e4n\u00adle\u00adri\u0148 \u00fcn\u00ads\u00fc\u00adni \u00f6z\u00fc\u00adne \u00e7ek\u00ad\u00fd\u00e4r. Her bir he\u00fd\u00adkel d\u00fcr\u00adli \u00e7y\u00adra\u00adla\u00adry\u0148 k\u00f6\u00adme\u00adgi bi\u00adlen i\u00e7in\u00adden \u00fdag\u00adty\u00adlan\u00addy\u00adry\u00adlyp\u00addyr. Bu \u00fdyl der\u00ad\u00fda\u00addan 120 000 kub metr m\u00f6\u00e7\u00adbe\u00adrin\u00adde buz b\u00f6\u00adlek\u00adle\u00adri \u00e7y\u00adka\u00adry\u00adlyp, olar\u00addan d\u00fcr\u00adli buz he\u00fd\u00adkel\u00adler gur\u00adlup\u00addyr. Gu\u00adra\u00adma\u00ad\u00e7y\u00adla\u00adry\u0148 a\u00fdt\u00adma\u00adgy\u00adna g\u00f6\u00adr\u00e4, \u00e4h\u00adli he\u00fd\u00adkel\u00adler 15 g\u00fc\u00adn\u00fc\u0148 do\u00adwa\u00admyn\u00adda gur\u00adlup, ola\u00adry di\u00adkelt\u00adme\u00adgi\u0148 \u00fcs\u00adt\u00fcn\u00adde 10 m\u00fc\u0148\u00adden gow\u00adrak he\u00fd\u00adkel\u00adta\u00adra\u015f i\u015f\u00adle\u00addi.<\/p>\n<p>Har\u00adbin d\u00fcn\u00ad\u00fd\u00e4\u00adni\u0148 buz we gar des\u00adga\u00adla\u00adry\u00adny gur\u00admak bo\u00ad\u00fdun\u00ad\u00e7a d\u00fcn\u00ad\u00fd\u00e4\u00adni\u0148 iri mer\u00adkez\u00adle\u00adri\u00adni\u0148 bi\u00adri ha\u00adsap\u00adlan\u00ad\u00fdar. Bu fes\u00adti\u00adwal 1963-nji \u00fdyl\u00addan b\u00e4\u00adri ge\u00ad\u00e7i\u00adri\u00adlip, gar we buz bi\u00adlen bag\u00adla\u00adny\u00ad\u015fyk\u00adly gu\u00adral\u00ad\u00fdan d\u00f6rt sa\u00adny iri gy\u015f\u00adky ba\u00fd\u00adram\u00ad\u00e7y\u00adlyk\u00adla\u00adry\u0148 bi\u00adri bo\u00adlup dur\u00ad\u00fdar. Ola\u00adry\u0148 be\u00fd\u00adle\u00adki \u00fc\u00e7\u00fc\u00adsi \u00dda\u00adpo\u00adni\u00ad\u00fda\u00adny\u0148 Sap\u00adpo\u00adro \u015f\u00e4\u00adhe\u00adrin\u00adde, Ka\u00adna\u00adda\u00adny\u0148 Kwe\u00adbek we\u00adla\u00ad\u00fda\u00adtyn\u00adda hem-de Nor\u00adwe\u00adgi\u00ad\u00fda\u00adda ge\u00ad\u00e7i\u00adril\u00ad\u00fd\u00e4r.<\/p>\n<p>\u015ee\u00fd\u00adle hem, Har\u00adbin\u00adde ge\u00ad\u00e7i\u00adri\u00adlen bu ge\u00adzek\u00adki fes\u00adti\u00adwal\u00adda bir\u00adba\u00adda 43 sa\u00adny \u00fda\u015f ju\u00adwan ni\u00adka\u00adla\u015f\u00addy. Bu \u00fder\u00adde k\u00f6p\u00ad\u00e7\u00fc\u00adlik\u00adle\u00ad\u00fdin ni\u00adka d\u00e4\u00adbi in\u00addi 35 \u00fdyl b\u00e4\u00adri do\u00adwam edip gel\u00ad\u00fd\u00e4r. Bu \u00fde\u00adre ge\u00adlip, ni\u00adka d\u00e4p\u00adle\u00adri\u00adni ge\u00ad\u00e7ir\u00adm\u00e4\u00adge is\u00adleg bil\u00addir\u00ad\u00fd\u00e4n \u00fda\u015f \u00e7a\u00adtyn\u00adja\u00adla\u00adry\u0148 sa\u00adny bar\u00adha art\u00ad\u00fdar.<\/p>\n","protected":false},"excerpt":{"rendered":"<p>5-nji \u00fdan\u00adwar\u00adda Hy\u00adta\u00ad\u00fdy\u0148 de\u00admir\u00adga\u00adzyk-g\u00fcn\u00addo\u00adga\u00adryn\u00adda \u00fder\u00adle\u015f\u00ad\u00fd\u00e4n Har\u00adbin \u015f\u00e4\u00adhe\u00adrin\u00adde 35-nji hal\u00adka\u00adra gar we buz fes\u00adti\u00adwa\u00adly\u00adny\u0148 a\u00e7y\u00adly\u015f da\u00adba\u00adra\u00adsy bol\u00addy. Ba\u00fd\u00adram\u00ad\u00e7y\u00adlyk fe\u00ad\u00fder\u00adwer\u00adki bi\u00adlen ba\u015f\u00adlan bu \u00e7\u00e4\u00adre 28-nji few\u00adra\u00adla \u00e7en\u00adli do\u00adwam eder. D\u00fcn\u00ad\u00fd\u00e4\u00adni\u0148 i\u0148 iri buz \u015f\u00e4\u00adhe\u00adri 600 m\u00fc\u0148 ine\u00add\u00f6r\u00add\u00fcl metr \u00e7\u00e4k\u00adler\u00adde \u00fda\u00fd\u00adba\u0148\u00adlan\u00addy\u00adry\u00adlyp, buz\u00addan edi\u00adlen 2 m\u00fc\u0148\u00adden gow\u00adrak des\u00adga bu \u00fde\u00adre gel\u00ad\u00fd\u00e4n\u00adle\u00adri\u0148 \u00fcn\u00ads\u00fc\u00adni \u00f6z\u00fc\u00adne \u00e7ek\u00ad\u00fd\u00e4r. Her bir he\u00fd\u00adkel d\u00fcr\u00adli \u00e7y\u00adra\u00adla\u00adry\u0148 [&hellip;]<\/p>\n","protected":false},"author":1,"featured_media":27101,"comment_status":"open","ping_status":"closed","sticky":false,"template":"","format":"standard","meta":{"footnotes":""},"categories":[5],"tags":[],"_links":{"self":[{"href":"https:\/\/zamanturkmenistan.com.tm\/index.php?rest_route=\/wp\/v2\/posts\/27098"}],"collection":[{"href":"https:\/\/zamanturkmenistan.com.tm\/index.php?rest_route=\/wp\/v2\/posts"}],"about":[{"href":"https:\/\/zamanturkmenistan.com.tm\/index.php?rest_route=\/wp\/v2\/types\/post"}],"author":[{"embeddable":true,"href":"https:\/\/zamanturkmenistan.com.tm\/index.php?rest_route=\/wp\/v2\/users\/1"}],"replies":[{"embeddable":true,"href":"https:\/\/zamanturkmenistan.com.tm\/index.php?rest_route=%2Fwp%2Fv2%2Fcomments&post=27098"}],"version-history":[{"count":0,"href":"https:\/\/zamanturkmenistan.com.tm\/index.php?rest_route=\/wp\/v2\/posts\/27098\/revisions"}],"wp:featuredmedia":[{"embeddable":true,"href":"https:\/\/zamanturkmenistan.com.tm\/index.php?rest_route=\/wp\/v2\/media\/27101"}],"wp:attachment":[{"href":"https:\/\/zamanturkmenistan.com.tm\/index.php?rest_route=%2Fwp%2Fv2%2Fmedia&parent=27098"}],"wp:term":[{"taxonomy":"category","embeddable":true,"href":"https:\/\/zamanturkmenistan.com.tm\/index.php?rest_route=%2Fwp%2Fv2%2Fcategories&post=27098"},{"taxonomy":"post_tag","embeddable":true,"href":"https:\/\/zamanturkmenistan.com.tm\/index.php?rest_route=%2Fwp%2Fv2%2Ftags&post=27098"}],"curies":[{"name":"wp","href":"https:\/\/api.w.org\/{rel}","templated":true}]}}