{"id":27552,"date":"2020-02-01T12:51:00","date_gmt":"2020-02-01T07:51:00","guid":{"rendered":"http:\/\/zamanturkmenistan.com\/?p=27552"},"modified":"2020-02-01T12:51:04","modified_gmt":"2020-02-01T07:51:04","slug":"elektromobillerin-sany-artyar","status":"publish","type":"post","link":"https:\/\/zamanturkmenistan.com.tm\/?p=27552","title":{"rendered":"Elekt\u00adro\u00admo\u00adbil\u00adle\u00adri\u0148 sa\u00adny art\u00ad\u00fdar"},"content":{"rendered":"<p>Tu\u00adtu\u015f d\u00fcn\u00ad\u00fd\u00e4\u00adde elekt\u00adrik to\u00adgy bi\u00adlen i\u015f\u00adle\u00ad\u00fd\u00e4n ulag\u00adla\u00adry\u0148 sa\u00adny or\u00adta\u00ad\u00e7a 2 mil\u00adli\u00adon k\u00f6\u00adpe\u00adlen \u00fdag\u00adda\u00ad\u00fdyn\u00adda 2025-nji \u00fdyl\u00adda bu ulag\u00adla\u00adry\u0148 sa\u00adny 10 mil\u00adlio\u00adna, 2040-njy \u00fdyl\u00adda bol\u00adsa 30 mil\u00adlio\u00adna ba\u00adra\u00adbar bo\u00adlar.<br \/>\nHal\u00adka\u00adra Ener\u00adge\u00adti\u00adka agent\u00adli\u00adgi\u00adni\u0148 \u201c2019-njy \u00fdyl bo\u00ad\u00fdun\u00ad\u00e7a d\u00fcn\u00ad\u00fd\u00e4\u00adni\u0148 ener\u00adge\u00adti\u00adka \u00fdag\u00adda\u00ad\u00fdy\u201d ba\u00adra\u00adda\u00adky sy\u00adnyn\u00adda bel\u00adle\u00adni\u00adlip ge\u00ad\u00e7i\u00adli\u00ad\u015fi \u00fda\u00adly, di\u00ad\u0148e ge\u00ad\u00e7en \u00fdyl 2 mil\u00adli\u00adon\u00addan gow\u00adrak elekt\u00adro\u00admo\u00adbil sa\u00adtyl\u00addy. D\u00fcn\u00ad\u00fd\u00e4 d\u00f6w\u00adlet\u00adle\u00adri\u00adni\u0148 alyp bar\u00ad\u00fdan o\u0148yn eko\u00adlo\u00adgi\u00ad\u00fda sy\u00ad\u00fda\u00adsa\u00adty, bu ugur\u00adda\u00adky \u00f6n\u00fcm\u00ad\u00e7i\u00adli\u00adgi\u0148 \u00e7yk\u00adda\u00adjy\u00adla\u00adry\u00adny\u0148 azal\u00adma\u00adgy \u00fda\u00adly ugur\u00adlar d\u00fcn\u00ad\u00fd\u00e4\u00adde \u015fe\u00fd\u00adle ulag\u00adla\u00adry\u0148 sa\u00adny\u00adny\u0148 art\u00adma\u00adgy\u00adna ge\u00adtir\u00addi.<br \/>\nSo\u0148\u00adky mag\u00adlu\u00admat\u00adla\u00adra g\u00f6\u00adr\u00e4, ge\u00ad\u00e7en \u00fdyl d\u00fcn\u00ad\u00fd\u00e4\u00adde elekt\u00adrik to\u00adgy bi\u00adlen i\u015f\u00adle\u00ad\u00fd\u00e4n ulag sa\u00adny\u00adny\u0148 5 mil\u00adlio\u00adna \u00fde\u00adten\u00addi\u00adgi m\u00e4\u00adlim edil\u00addi. Bu ugur\u00adda esa\u00adsy zat, \u015fe\u00fd\u00adle ulag\u00adlar \u00fc\u00e7in ni\u00ad\u00fdet\u00adle\u00adnen ba\u00adta\u00adre\u00ad\u00fda\u00adla\u00adry\u0148 \u00f6n\u00fcm\u00ad\u00e7i\u00adli\u00adgi bo\u00adlup dur\u00ad\u00fdar. \u015eol \u00f6n\u00fcm\u00ad\u00e7i\u00adlik\u00adde ga\u00adza\u00adnyl\u00adjak \u00fcs\u00adt\u00fcn\u00adlik\u00adler ulag\u00adla\u00adry\u0148 sa\u00adny\u00adny\u0148 art\u00adma\u00adgy\u00adna ge\u00adti\u00adrer.<br \/>\nGer\u00adma\u00adni\u00ad\u00fda\u00adny\u0148 \u00f6\u0148\u00adde\u00adba\u00adry\u00adjy BMW kom\u00adpa\u00adni\u00ad\u00fda\u00adsy Hy\u00adta\u00ad\u00fdy\u0148 \u201cCon\u00adtem\u00adpo\u00adra\u00adry Am\u00adpe\u00adrex Techno\u00adlo\u00adgy Co\u201d we Ko\u00adre\u00ad\u00fda Res\u00adpub\u00adli\u00adka\u00adsy\u00adny\u0148 \u201cSam\u00adsung SDI\u201d kom\u00adpa\u00adni\u00fda\u00adla\u00adry bi\u00adlen ba\u00adta\u00adre\u00ad\u00fda sar\u00adgyt et\u00admek ba\u00adbat\u00adda 10 mil\u00adliard \u00fdew\u00adro m\u00f6\u00e7\u00adbe\u00adrin\u00adde yla\u00adla\u00ad\u015fyk bag\u00adla\u015f\u00addy. Bu \u015fert\u00adna\u00adma BMW kom\u00adpa\u00adni\u00ad\u00fda\u00adsy\u00adny\u0148 2023-nji \u00fdyl\u00addan ba\u015f\u00adlap, 25 sa\u00adny elekt\u00adrik to\u00adgy bi\u00adlen i\u015f\u00adle\u00ad\u00fd\u00e4n ulag g\u00f6r\u00adn\u00fc\u015f\u00adle\u00adri\u00adni\u0148 \u00f6n\u00fcm\u00ad\u00e7i\u00adli\u00adgi\u00adne ba\u015f\u00adla\u00adma\u00adgy\u00adna m\u00fcm\u00adkin\u00ad\u00e7i\u00adlik d\u00f6\u00adre\u00adder.<\/p>\n<p>Ba\u00fdramgeldi HUDA\u00ddBERDI\u00ddEW,<br \/>\nS. A. Ny\u00fdazow adyndaky TOHU-ny\u0148 talyby.<\/p>\n","protected":false},"excerpt":{"rendered":"<p>Tu\u00adtu\u015f d\u00fcn\u00ad\u00fd\u00e4\u00adde elekt\u00adrik to\u00adgy bi\u00adlen i\u015f\u00adle\u00ad\u00fd\u00e4n ulag\u00adla\u00adry\u0148 sa\u00adny or\u00adta\u00ad\u00e7a 2 mil\u00adli\u00adon k\u00f6\u00adpe\u00adlen \u00fdag\u00adda\u00ad\u00fdyn\u00adda 2025-nji \u00fdyl\u00adda bu ulag\u00adla\u00adry\u0148 sa\u00adny 10 mil\u00adlio\u00adna, 2040-njy \u00fdyl\u00adda bol\u00adsa 30 mil\u00adlio\u00adna ba\u00adra\u00adbar bo\u00adlar. Hal\u00adka\u00adra Ener\u00adge\u00adti\u00adka agent\u00adli\u00adgi\u00adni\u0148 \u201c2019-njy \u00fdyl bo\u00ad\u00fdun\u00ad\u00e7a d\u00fcn\u00ad\u00fd\u00e4\u00adni\u0148 ener\u00adge\u00adti\u00adka \u00fdag\u00adda\u00ad\u00fdy\u201d ba\u00adra\u00adda\u00adky sy\u00adnyn\u00adda bel\u00adle\u00adni\u00adlip ge\u00ad\u00e7i\u00adli\u00ad\u015fi \u00fda\u00adly, di\u00ad\u0148e ge\u00ad\u00e7en \u00fdyl 2 mil\u00adli\u00adon\u00addan gow\u00adrak elekt\u00adro\u00admo\u00adbil sa\u00adtyl\u00addy. D\u00fcn\u00ad\u00fd\u00e4 d\u00f6w\u00adlet\u00adle\u00adri\u00adni\u0148 alyp bar\u00ad\u00fdan o\u0148yn eko\u00adlo\u00adgi\u00ad\u00fda [&hellip;]<\/p>\n","protected":false},"author":1,"featured_media":27557,"comment_status":"open","ping_status":"closed","sticky":false,"template":"","format":"standard","meta":{"footnotes":""},"categories":[3],"tags":[],"acf":[],"_links":{"self":[{"href":"https:\/\/zamanturkmenistan.com.tm\/index.php?rest_route=\/wp\/v2\/posts\/27552"}],"collection":[{"href":"https:\/\/zamanturkmenistan.com.tm\/index.php?rest_route=\/wp\/v2\/posts"}],"about":[{"href":"https:\/\/zamanturkmenistan.com.tm\/index.php?rest_route=\/wp\/v2\/types\/post"}],"author":[{"embeddable":true,"href":"https:\/\/zamanturkmenistan.com.tm\/index.php?rest_route=\/wp\/v2\/users\/1"}],"replies":[{"embeddable":true,"href":"https:\/\/zamanturkmenistan.com.tm\/index.php?rest_route=%2Fwp%2Fv2%2Fcomments&post=27552"}],"version-history":[{"count":0,"href":"https:\/\/zamanturkmenistan.com.tm\/index.php?rest_route=\/wp\/v2\/posts\/27552\/revisions"}],"wp:featuredmedia":[{"embeddable":true,"href":"https:\/\/zamanturkmenistan.com.tm\/index.php?rest_route=\/wp\/v2\/media\/27557"}],"wp:attachment":[{"href":"https:\/\/zamanturkmenistan.com.tm\/index.php?rest_route=%2Fwp%2Fv2%2Fmedia&parent=27552"}],"wp:term":[{"taxonomy":"category","embeddable":true,"href":"https:\/\/zamanturkmenistan.com.tm\/index.php?rest_route=%2Fwp%2Fv2%2Fcategories&post=27552"},{"taxonomy":"post_tag","embeddable":true,"href":"https:\/\/zamanturkmenistan.com.tm\/index.php?rest_route=%2Fwp%2Fv2%2Ftags&post=27552"}],"curies":[{"name":"wp","href":"https:\/\/api.w.org\/{rel}","templated":true}]}}