{"id":28090,"date":"2020-02-24T15:58:02","date_gmt":"2020-02-24T10:58:02","guid":{"rendered":"http:\/\/zamanturkmenistan.com\/?p=28090"},"modified":"2020-02-24T15:58:02","modified_gmt":"2020-02-24T10:58:02","slug":"jemgyyetcilik-ulaglary-tolegsiz-bolar","status":"publish","type":"post","link":"https:\/\/zamanturkmenistan.com.tm\/?p=28090","title":{"rendered":"Jemgy\u00fdet\u00e7ilik ulaglary t\u00f6legsiz bolar"},"content":{"rendered":"<p>L\u00fduksemburgda 1-nji martdan ba\u015flap jemgy\u00fdet\u00e7ilik ulaglaryny\u0148 t\u00f6legsiz boljakdygy m\u00e4lim edildi. \u00ddurdu\u0148 adybir pa\u00fdtagtyndaky we be\u00fdleki \u015f\u00e4herlerind\u00e4ki \u00e4hli otlular, tramwa\u00fdlar we awtobuslar \u00fdolag\u00e7ylara t\u00f6legsiz hyzmat eder. Ilaty \u00fdarym milliondan gowrak bolan \u00ddewropa \u00fdurdunda bu d\u00fczg\u00fcne ge\u00e7ilmegi 2018-nji \u00fdyldan b\u00e4ri g\u00f6z \u00f6\u0148\u00fcnde tutul\u00fdardy. \u00ddurt da\u015fky gur\u015fawa \u00fdetiril\u00fd\u00e4n zy\u00fdany we awtoulag s\u00fcr\u00fclmegini azaltmak maksady bilen \u015fe\u00fdle d\u00fczg\u00fcni \u00fdola go\u00fd\u00fdar. Mundan ozal Estoni\u00fdany\u0148 pa\u00fdtagty Tallinde hem jemgy\u00fdet\u00e7ilik ulaglary t\u00f6legsiz edilipdi. Emma L\u00fduksemburg jemgy\u00fdet\u00e7ilik ulagyny t\u00f6legsiz h\u00f6d\u00fcrle\u00fd\u00e4n ilkinji \u00fdurt bolar.<\/p>\n","protected":false},"excerpt":{"rendered":"<p>L\u00fduksemburgda 1-nji martdan ba\u015flap jemgy\u00fdet\u00e7ilik ulaglaryny\u0148 t\u00f6legsiz boljakdygy m\u00e4lim edildi. \u00ddurdu\u0148 adybir pa\u00fdtagtyndaky we be\u00fdleki \u015f\u00e4herlerind\u00e4ki \u00e4hli otlular, tramwa\u00fdlar we awtobuslar \u00fdolag\u00e7ylara t\u00f6legsiz hyzmat eder. Ilaty \u00fdarym milliondan gowrak bolan \u00ddewropa \u00fdurdunda bu d\u00fczg\u00fcne ge\u00e7ilmegi 2018-nji \u00fdyldan b\u00e4ri g\u00f6z \u00f6\u0148\u00fcnde tutul\u00fdardy. \u00ddurt da\u015fky gur\u015fawa \u00fdetiril\u00fd\u00e4n zy\u00fdany we awtoulag s\u00fcr\u00fclmegini azaltmak maksady bilen \u015fe\u00fdle d\u00fczg\u00fcni \u00fdola [&hellip;]<\/p>\n","protected":false},"author":1,"featured_media":28089,"comment_status":"closed","ping_status":"closed","sticky":false,"template":"","format":"standard","meta":{"footnotes":""},"categories":[5],"tags":[],"_links":{"self":[{"href":"https:\/\/zamanturkmenistan.com.tm\/index.php?rest_route=\/wp\/v2\/posts\/28090"}],"collection":[{"href":"https:\/\/zamanturkmenistan.com.tm\/index.php?rest_route=\/wp\/v2\/posts"}],"about":[{"href":"https:\/\/zamanturkmenistan.com.tm\/index.php?rest_route=\/wp\/v2\/types\/post"}],"author":[{"embeddable":true,"href":"https:\/\/zamanturkmenistan.com.tm\/index.php?rest_route=\/wp\/v2\/users\/1"}],"replies":[{"embeddable":true,"href":"https:\/\/zamanturkmenistan.com.tm\/index.php?rest_route=%2Fwp%2Fv2%2Fcomments&post=28090"}],"version-history":[{"count":0,"href":"https:\/\/zamanturkmenistan.com.tm\/index.php?rest_route=\/wp\/v2\/posts\/28090\/revisions"}],"wp:featuredmedia":[{"embeddable":true,"href":"https:\/\/zamanturkmenistan.com.tm\/index.php?rest_route=\/wp\/v2\/media\/28089"}],"wp:attachment":[{"href":"https:\/\/zamanturkmenistan.com.tm\/index.php?rest_route=%2Fwp%2Fv2%2Fmedia&parent=28090"}],"wp:term":[{"taxonomy":"category","embeddable":true,"href":"https:\/\/zamanturkmenistan.com.tm\/index.php?rest_route=%2Fwp%2Fv2%2Fcategories&post=28090"},{"taxonomy":"post_tag","embeddable":true,"href":"https:\/\/zamanturkmenistan.com.tm\/index.php?rest_route=%2Fwp%2Fv2%2Ftags&post=28090"}],"curies":[{"name":"wp","href":"https:\/\/api.w.org\/{rel}","templated":true}]}}