{"id":28096,"date":"2020-02-27T19:09:27","date_gmt":"2020-02-27T14:09:27","guid":{"rendered":"http:\/\/zamanturkmenistan.com\/?p=28096"},"modified":"2020-02-27T19:09:30","modified_gmt":"2020-02-27T14:09:30","slug":"asgabatda-turkmen-owgan-isewurlik-maslahaty-gecirildi","status":"publish","type":"post","link":"https:\/\/zamanturkmenistan.com.tm\/?p=28096","title":{"rendered":"A\u015fgabatda T\u00fcrkmen-owgan i\u015few\u00fcrlik maslahaty ge\u00e7irildi"},"content":{"rendered":"\n<p> 2020-nji \u00fdyly\u0148 27-nji fewralynda T\u00fcrkmenistany\u0148 Da\u015fary i\u015fler<br> ministrliginde T\u00fcrkmen-owgan i\u015few\u00fcrlik maslahaty ge\u00e7irildi.<br> T\u00fcrkmen tarapyndan foruma \u00fdurdumyzy\u0148 birn\u00e4\u00e7e ministrliklerini\u0148<br> we pudak edaralaryny\u0148, \u015fol sanda T\u00fcrkmenistany\u0148 Senagat\u00e7ylar we<br> teleke\u00e7iler birle\u015fmesini\u0148, \u015fe\u00fdle-de S\u00f6wda-senagat edarasyny\u0148<br> \u00fdolba\u015f\u00e7ylary we wekilleri gatna\u015fdylar. Owganystany\u0148 wekil\u00e7ilikli<br> wekili\u00fdetini\u0148 arasynda \u00fdurdu\u0148 s\u00f6wda-ykdysady\u00fdet ulgamyny\u0148<br> h\u00fcn\u00e4rmenleri we hususy teleke\u00e7iler bardyr.<br> Du\u015fu\u015fygy\u0148 bar\u015fynda taraplar s\u00f6wda-ykdysady h\u00e4si\u00fdetli<br> meseleleri\u0148 en\u00e7emesini ara alyp maslahatla\u015fdylar. Iki \u00fdurdu\u0148 arasynda<br> import we eksport aragatna\u015fyklaryny\u0148 artdyrylmagyny\u0148, ma\u00fda<br> go\u00fdumlary\u0148 gi\u0148eldilmegini\u0148, s\u00f6wda amallaryny\u0148 \u00fde\u0148ille\u015fdirilmegini\u0148,<br> \u015fe\u00fdle-de i\u015few\u00fcrlik toparlaryny\u0148 arasynda g\u00f6ni gatna\u015fyklary\u0148 \u00fdola<br> go\u00fdulmagyny\u0148 m\u00fcmkin\u00e7iliklerine seredilip ge\u00e7ildi.<br> Taraplar energetika, ulag we logistika, kommunikasi\u00fdalar we<br> senagat ulgamynda s\u00f6wda gatna\u015fyklaryny\u0148 i\u015fje\u0148le\u015fdirilmegi babatynda<br> pikir aly\u015fdylar. Nebitgaz we gurlu\u015fyk pudaklarynda hyzmatda\u015flygy\u0148<br> gi\u0148eldilmegi hem ara alnyp maslahatla\u015fyldy. \u00c7\u00e4r\u00e4 gatna\u015fyjylar bu<br> ugurdaky yzygyderli geple\u015fiklerini dowam etdirmek barada ylala\u015fdylar.<br> Owganystany\u0148 durmu\u015f-ykdysady ta\u00fddan \u00f6sd\u00fcrilmegi barada<br> g\u00fcrr\u00fc\u0148 etmek bilen taraplar T\u00fcrkmenistany\u0148 Prezidenti Gurbanguly<br> Berdimuhamedowy\u0148 \u00fdolba\u015f\u00e7ylygynda durmu\u015fa ge\u00e7iri\u00fd\u00e4n<br> ynsanperwerlik h\u00e4si\u00fdetli ba\u015flangy\u00e7lary\u0148 m\u00f6h\u00fcm \u00e4hmi\u00fdetini a\u00fdratyn<br> nygtap ge\u00e7diler.<\/p>\n","protected":false},"excerpt":{"rendered":"<p>2020-nji \u00fdyly\u0148 27-nji fewralynda T\u00fcrkmenistany\u0148 Da\u015fary i\u015fler ministrliginde T\u00fcrkmen-owgan i\u015few\u00fcrlik maslahaty ge\u00e7irildi. T\u00fcrkmen tarapyndan foruma \u00fdurdumyzy\u0148 birn\u00e4\u00e7e ministrliklerini\u0148 we pudak edaralaryny\u0148, \u015fol sanda T\u00fcrkmenistany\u0148 Senagat\u00e7ylar we teleke\u00e7iler birle\u015fmesini\u0148, \u015fe\u00fdle-de S\u00f6wda-senagat edarasyny\u0148 \u00fdolba\u015f\u00e7ylary we wekilleri gatna\u015fdylar. Owganystany\u0148 wekil\u00e7ilikli wekili\u00fdetini\u0148 arasynda \u00fdurdu\u0148 s\u00f6wda-ykdysady\u00fdet ulgamyny\u0148 h\u00fcn\u00e4rmenleri we hususy teleke\u00e7iler bardyr. Du\u015fu\u015fygy\u0148 bar\u015fynda taraplar s\u00f6wda-ykdysady h\u00e4si\u00fdetli meseleleri\u0148 en\u00e7emesini ara [&hellip;]<\/p>\n","protected":false},"author":1,"featured_media":28097,"comment_status":"open","ping_status":"closed","sticky":false,"template":"","format":"standard","meta":{"footnotes":""},"categories":[3],"tags":[],"acf":[],"_links":{"self":[{"href":"https:\/\/zamanturkmenistan.com.tm\/index.php?rest_route=\/wp\/v2\/posts\/28096"}],"collection":[{"href":"https:\/\/zamanturkmenistan.com.tm\/index.php?rest_route=\/wp\/v2\/posts"}],"about":[{"href":"https:\/\/zamanturkmenistan.com.tm\/index.php?rest_route=\/wp\/v2\/types\/post"}],"author":[{"embeddable":true,"href":"https:\/\/zamanturkmenistan.com.tm\/index.php?rest_route=\/wp\/v2\/users\/1"}],"replies":[{"embeddable":true,"href":"https:\/\/zamanturkmenistan.com.tm\/index.php?rest_route=%2Fwp%2Fv2%2Fcomments&post=28096"}],"version-history":[{"count":0,"href":"https:\/\/zamanturkmenistan.com.tm\/index.php?rest_route=\/wp\/v2\/posts\/28096\/revisions"}],"wp:featuredmedia":[{"embeddable":true,"href":"https:\/\/zamanturkmenistan.com.tm\/index.php?rest_route=\/wp\/v2\/media\/28097"}],"wp:attachment":[{"href":"https:\/\/zamanturkmenistan.com.tm\/index.php?rest_route=%2Fwp%2Fv2%2Fmedia&parent=28096"}],"wp:term":[{"taxonomy":"category","embeddable":true,"href":"https:\/\/zamanturkmenistan.com.tm\/index.php?rest_route=%2Fwp%2Fv2%2Fcategories&post=28096"},{"taxonomy":"post_tag","embeddable":true,"href":"https:\/\/zamanturkmenistan.com.tm\/index.php?rest_route=%2Fwp%2Fv2%2Ftags&post=28096"}],"curies":[{"name":"wp","href":"https:\/\/api.w.org\/{rel}","templated":true}]}}