{"id":28136,"date":"2020-03-01T12:27:36","date_gmt":"2020-03-01T07:27:36","guid":{"rendered":"http:\/\/zamanturkmenistan.com\/?p=28136"},"modified":"2020-03-01T12:27:37","modified_gmt":"2020-03-01T07:27:37","slug":"beyik-ussadyn-sergisine-uly-gyzyklanma","status":"publish","type":"post","link":"https:\/\/zamanturkmenistan.com.tm\/?p=28136","title":{"rendered":"Be\u00ad\u00fdik us\u00adsa\u00addy\u0148  ser\u00adgi\u00adsi\u00adne  uly gy\u00adzyk\u00adlan\u00adma"},"content":{"rendered":"<p>M\u00e4\u00adlim bol\u00ad\u015fy \u00fda\u00adly, Fran\u00adsi\u00ad\u00fda\u00adny\u0148 Luwr mu\u00adze\u00ad\u00fdin\u00adde bel\u00adli su\u00adrat\u00adke\u015f we o\u00fd\u00adlap ta\u00adpy\u00adjy Leo\u00adnar\u00addo da Win\u00ad\u00e7i\u00adni\u0148 ara\u00addan \u00e7y\u00adka\u00adny\u00adny\u0148 500 \u00fdyl\u00adly\u00adgy my\u00adna\u00adsy\u00adbet\u00adli ser\u00adgi ge\u00ad\u00e7i\u00adril\u00ad\u00fd\u00e4r. Bu ser\u00adg\u00e4 1,1 mil\u00adli\u00adon adam to\u00adma\u00ad\u015fa et\u00adm\u00e4\u00adge gel\u00addi.<br \/>\n\u2013 500 \u00fdyl ge\u00ad\u00e7en\u00addi\u00adgi\u00adne ga\u00adra\u00admaz\u00addan, Ita\u00adli\u00ad\u00fda\u00adny\u0148 Gal\u00adky\u00adny\u015f\u00adlar d\u00f6w\u00adr\u00fc\u00adni\u0148 bel\u00adli su\u00adrat\u00adke\u00ad\u015fi\u00adni\u0148 eser\u00adle\u00adri sun\u00adgat s\u00f6\u00ad\u00fd\u00fc\u00adji\u00adle\u00adri \u00f6z\u00fc\u00adne ben\u00addi et\u00adme\u00adgini do\u00adwam et\u00addir\u00ad\u00fd\u00e4r \u2013 di\u00ad\u00fdip, Luwr mu\u00adze\u00ad\u00fdi\u00adni\u0148 \u00fdol\u00adba\u015f\u00ad\u00e7y\u00adsy \u017dan-L\u00fduk Mar\u00adti\u00adnes g\u00fcr\u00adr\u00fc\u0148 ber\u00addi.<br \/>\nMu\u00adze\u00ad\u00fdi\u0148 \u00fdolba\u015f\u00e7ysyny\u0148 ha\u00adbar ber\u00adme\u00adgi\u00adne g\u00f6\u00adr\u00e4, her g\u00fcn bu ser\u00adg\u00e4 to\u00adma\u00ad\u015fa et\u00admek \u00fc\u00e7in 10 m\u00fc\u0148\u00adden gow\u00adrak adam gel\u00ad\u00fd\u00e4r. Ser\u00adgi\u00adde 160-dan gow\u00adrak eser k\u00f6p\u00ad\u00e7\u00fc\u00adli\u00adge g\u00f6r\u00adke\u00adzil\u00adip, Leo\u00adnar\u00addo da Win\u00ad\u00e7i\u00adni\u0148 eser\u00adle\u00adrin\u00adden ba\u015f\u00adga-da onu\u0148 \u015f\u00e4\u00adgirt\u00adle\u00adri\u00adni\u0148 hem eser\u00adle\u00adri h\u00f6\u00add\u00fcr\u00adlen\u00ad\u00fd\u00e4r. Me\u015f\u00adhur \u201cMo\u00adna Li\u00adza\u201d ese\u00adri bol\u00adsa has k\u00f6p to\u00adma\u00ad\u015fa\u00ad\u00e7y\u00adny \u00f6z\u00fc\u00adne \u00e7ek\u00ad\u00fd\u00e4r. Bu ser\u00adgi \u00fc\u00e7in d\u00fcn\u00ad\u00fd\u00e4\u00adni\u0148 \u00e4h\u00adli \u00fde\u00adrin\u00adden eser\u00adler \u00fdyg\u00adnal\u00addy.<br \/>\nMun\u00addan ozal, Luwr mu\u00adze\u00ad\u00fdin\u00add\u00e4\u00adki wagt\u00adla\u00ad\u00fdyn ser\u00adgi\u00adler\u00adde i\u0148 k\u00f6p to\u00adma\u00ad\u015fa\u00ad\u00e7y \u00e7e\u00adken fran\u00adsuz su\u00adrat\u00adke\u00ad\u015fi E\u017een De\u00adlak\u00adrua\u00adny\u0148 ser\u00adgi\u00adsi bo\u00adlup\u00addy. 2018-nji \u00fdyl\u00adda\u00adky bu \u00e7\u00e4\u00adr\u00e4 540 m\u00fc\u0148 adam ge\u00adlip\u00addi.<\/p>\n<p>G\u00fc\u00fd\u00e7myrat GURBANMYRADOW,<br \/>\nS. A. Ny\u00fdazow adyndaky TOHU-ny\u0148 mugallymy.<\/p>\n","protected":false},"excerpt":{"rendered":"<p>M\u00e4\u00adlim bol\u00ad\u015fy \u00fda\u00adly, Fran\u00adsi\u00ad\u00fda\u00adny\u0148 Luwr mu\u00adze\u00ad\u00fdin\u00adde bel\u00adli su\u00adrat\u00adke\u015f we o\u00fd\u00adlap ta\u00adpy\u00adjy Leo\u00adnar\u00addo da Win\u00ad\u00e7i\u00adni\u0148 ara\u00addan \u00e7y\u00adka\u00adny\u00adny\u0148 500 \u00fdyl\u00adly\u00adgy my\u00adna\u00adsy\u00adbet\u00adli ser\u00adgi ge\u00ad\u00e7i\u00adril\u00ad\u00fd\u00e4r. Bu ser\u00adg\u00e4 1,1 mil\u00adli\u00adon adam to\u00adma\u00ad\u015fa et\u00adm\u00e4\u00adge gel\u00addi. \u2013 500 \u00fdyl ge\u00ad\u00e7en\u00addi\u00adgi\u00adne ga\u00adra\u00admaz\u00addan, Ita\u00adli\u00ad\u00fda\u00adny\u0148 Gal\u00adky\u00adny\u015f\u00adlar d\u00f6w\u00adr\u00fc\u00adni\u0148 bel\u00adli su\u00adrat\u00adke\u00ad\u015fi\u00adni\u0148 eser\u00adle\u00adri sun\u00adgat s\u00f6\u00ad\u00fd\u00fc\u00adji\u00adle\u00adri \u00f6z\u00fc\u00adne ben\u00addi et\u00adme\u00adgini do\u00adwam et\u00addir\u00ad\u00fd\u00e4r \u2013 di\u00ad\u00fdip, Luwr mu\u00adze\u00ad\u00fdi\u00adni\u0148 \u00fdol\u00adba\u015f\u00ad\u00e7y\u00adsy \u017dan-L\u00fduk Mar\u00adti\u00adnes g\u00fcr\u00adr\u00fc\u0148 [&hellip;]<\/p>\n","protected":false},"author":1,"featured_media":28137,"comment_status":"open","ping_status":"closed","sticky":false,"template":"","format":"standard","meta":{"footnotes":""},"categories":[3],"tags":[],"acf":[],"_links":{"self":[{"href":"https:\/\/zamanturkmenistan.com.tm\/index.php?rest_route=\/wp\/v2\/posts\/28136"}],"collection":[{"href":"https:\/\/zamanturkmenistan.com.tm\/index.php?rest_route=\/wp\/v2\/posts"}],"about":[{"href":"https:\/\/zamanturkmenistan.com.tm\/index.php?rest_route=\/wp\/v2\/types\/post"}],"author":[{"embeddable":true,"href":"https:\/\/zamanturkmenistan.com.tm\/index.php?rest_route=\/wp\/v2\/users\/1"}],"replies":[{"embeddable":true,"href":"https:\/\/zamanturkmenistan.com.tm\/index.php?rest_route=%2Fwp%2Fv2%2Fcomments&post=28136"}],"version-history":[{"count":0,"href":"https:\/\/zamanturkmenistan.com.tm\/index.php?rest_route=\/wp\/v2\/posts\/28136\/revisions"}],"wp:featuredmedia":[{"embeddable":true,"href":"https:\/\/zamanturkmenistan.com.tm\/index.php?rest_route=\/wp\/v2\/media\/28137"}],"wp:attachment":[{"href":"https:\/\/zamanturkmenistan.com.tm\/index.php?rest_route=%2Fwp%2Fv2%2Fmedia&parent=28136"}],"wp:term":[{"taxonomy":"category","embeddable":true,"href":"https:\/\/zamanturkmenistan.com.tm\/index.php?rest_route=%2Fwp%2Fv2%2Fcategories&post=28136"},{"taxonomy":"post_tag","embeddable":true,"href":"https:\/\/zamanturkmenistan.com.tm\/index.php?rest_route=%2Fwp%2Fv2%2Ftags&post=28136"}],"curies":[{"name":"wp","href":"https:\/\/api.w.org\/{rel}","templated":true}]}}