{"id":28194,"date":"2020-03-01T12:54:15","date_gmt":"2020-03-01T07:54:15","guid":{"rendered":"http:\/\/zamanturkmenistan.com\/?p=28194"},"modified":"2020-03-01T12:54:17","modified_gmt":"2020-03-01T07:54:17","slug":"arsenal-ayaks-benfika-porto-toparlary-yarysdan-cykdy","status":"publish","type":"post","link":"https:\/\/zamanturkmenistan.com.tm\/?p=28194","title":{"rendered":"\u201cArsenal\u201d, \u201cA\u00fdaks\u201d, \u201cBenfika\u201d, \u201cPorto\u201d toparlary \u00fdary\u015fdan \u00e7ykdy"},"content":{"rendered":"<p>UEFA \u00ddew\u00adro\u00adpa li\u00adga\u00adsyn\u00adda 1\/16 fi\u00adna\u00adly\u0148 jo\u00adgap o\u00fdun\u00adla\u00adryn\u00adda ga\u00adra\u00ad\u015fyl\u00adma\u00addyk ne\u00adti\u00adje\u00adler ha\u00adsa\u00adba alyn\u00addy. \u00dda\u00adry\u00ad\u015fy\u0148 g\u00fc\u00fd\u00e7\u00adli klu\u00adby \u201cAr\u00adse\u00adnal\u201d \u00f6z me\u00fd\u00addan\u00ad\u00e7a\u00adsyn\u00adda \u201cOlim\u00adpia\u00adkos\u00addan\u201d go\u015f\u00adma\u00ad\u00e7a wagt\u00adda 3\u20131 ha\u00adsa\u00adbyn\u00adda \u00fde\u00ad\u0148il\u00addi. Lon\u00addon\u00adly\u00adla\u00adry\u0148 myh\u00adman\u00ad\u00e7y\u00adlyk\u00adda ga\u00adza\u00adnan \u00fde\u0148\u00ad\u015fi\u00adni\u0148 pe\u00fd\u00adda\u00adsy deg\u00adme\u00addi. Ge\u00ad\u00e7en m\u00f6w\u00ads\u00fcm\u00adde \u00c7em\u00adpi\u00adon\u00adlar li\u00adga\u00adsy\u00adny\u0148 \u00fda\u00adrym fi\u00adna\u00adly\u00adnda o\u00fdnan \u201cA\u00fdaks\u201d \u00f6z me\u00fd\u00addan\u00ad\u00e7a\u00adsyn\u00adda \u201cHe\u00adta\u00adfe\u00adden\u201d 2\u20131 \u00fcs\u00adt\u00fcn \u00e7yk\u00adsa-da, 1-nji o\u00fdun\u00adda 2\u20130 utu\u00adla\u00adny \u00fc\u00e7in \u00fda\u00adry\u00ad\u015fy bes et\u00adme\u00adli bol\u00addy. Ku\u00adbo\u00adgy\u0148 esa\u00adsy da\u00adla\u015f\u00adg\u00e4r\u00adle\u00adrin\u00adden \u201cMan\u00ad\u00e7es\u00adter \u00ddu\u00adna\u00fd\u00adted\u201d \u00f6z me\u00fd\u00addan\u00ad\u00e7a\u00adsyn\u00adda \u201cKlub Br\u00fdug\u00adge\u00adni\u201d 5\u20130 utup, tap\u00adgy\u00adry\u0148 i\u0148 uly ha\u00adsap\u00adly \u00fde\u0148\u00ad\u015fi\u00adni ga\u00adzan\u00addy. Du\u00ad\u015fu\u00ad\u015fyk\u00adda bra\u00adzi\u00adli\u00ad\u00fda\u00adly o\u00fdun\u00ad\u00e7y Fred 2 ge\u00adzek ta\u00adpa\u00adwut\u00adlan\u00addy. \u00ddew\u00adro\u00adpa li\u00adga\u00adsyn\u00adda i\u0148 k\u00f6p to\u00adpa\u00adry bo\u00adlan Por\u00adtu\u00adga\u00adli\u00ad\u00fda\u00adny\u0148 \u00fde\u00adke klu\u00adby hem 1\/8 fi\u00adna\u00adla \u00e7y\u00adkyp bil\u00adme\u00addi. \u00d6z me\u00fd\u00addan\u00ad\u00e7a\u00adsyn\u00adda \u201cIs\u00adtan\u00adbul Ba\u00ad\u015fak\u00ad\u015fe\u00adhi\u00adri\u201d 3\u20131 \u00fde\u00ad\u0148en \u201cSpor\u00adting\u201d jo\u00adgap du\u00ad\u015fu\u00ad\u015fy\u00adgy\u00adny\u0148 esa\u00adsy wag\u00adtyn\u00adda \u015fol ha\u00adsap bi\u00adlen utul\u00addy. Go\u015f\u00adma\u00ad\u00e7a wagt\u00adda-da 1 gol ge\u00ad\u00e7ir\u00adden por\u00adtu\u00adgal klu\u00adby \u00fc\u00e7in \u00fda\u00adry\u015f ta\u00admam\u00adlan\u00addy. Myh\u00adman\u00ad\u00e7y\u00adlyk\u00adda utu\u00adlan \u201cPor\u00adto\u00addyr\u201d \u201cBra\u00adga\u201d to\u00adpar\u00adla\u00adry \u00f6z me\u00fd\u00addan\u00ad\u00e7a\u00adsyn\u00adda-da de\u00adgi\u015f\u00adli\u00adlik\u00adde, \u201cBa\u00ad\u00fder\u201d we \u201cRe\u00fdn\u00adjers\u00adden\u201d as\u00adgyn gel\u00addi. Uk\u00adrai\u00adna\u00adda \u201c\u015eaht\u00ad\u00fdor\u00addan\u201d 2\u20131 utu\u00adlan \u201cBen\u00adfi\u00adka\u201d to\u00adpa\u00adry\u00adna do\u00adnesk\u00adli\u00adle\u00adri \u00f6z me\u00fd\u00addan\u00ad\u00e7a\u00adsyn\u00adda-da \u00fde\u0148\u00admek ba\u00ad\u015fart\u00adma\u00addy.<br \/>\nUEFA \u00ddewropa ligasyny\u0148 1\/16 finalyny\u0148 jogap o\u00fdunlaryny\u0148 netijeleri:<\/p>\n<p><img decoding=\"async\" loading=\"lazy\" class=\"alignleft size-full wp-image-28206\" src=\"http:\/\/zamanturkmenistan.com\/wp-content\/uploads\/2020\/03\/Untitled-1-1.jpg\" alt=\"\" width=\"331\" height=\"259\" srcset=\"https:\/\/zamanturkmenistan.com.tm\/wp-content\/uploads\/2020\/03\/Untitled-1-1.jpg 331w, https:\/\/zamanturkmenistan.com.tm\/wp-content\/uploads\/2020\/03\/Untitled-1-1-300x235.jpg 300w\" sizes=\"(max-width: 331px) 100vw, 331px\" \/><\/p>\n","protected":false},"excerpt":{"rendered":"<p>UEFA \u00ddew\u00adro\u00adpa li\u00adga\u00adsyn\u00adda 1\/16 fi\u00adna\u00adly\u0148 jo\u00adgap o\u00fdun\u00adla\u00adryn\u00adda ga\u00adra\u00ad\u015fyl\u00adma\u00addyk ne\u00adti\u00adje\u00adler ha\u00adsa\u00adba alyn\u00addy. \u00dda\u00adry\u00ad\u015fy\u0148 g\u00fc\u00fd\u00e7\u00adli klu\u00adby \u201cAr\u00adse\u00adnal\u201d \u00f6z me\u00fd\u00addan\u00ad\u00e7a\u00adsyn\u00adda \u201cOlim\u00adpia\u00adkos\u00addan\u201d go\u015f\u00adma\u00ad\u00e7a wagt\u00adda 3\u20131 ha\u00adsa\u00adbyn\u00adda \u00fde\u00ad\u0148il\u00addi. Lon\u00addon\u00adly\u00adla\u00adry\u0148 myh\u00adman\u00ad\u00e7y\u00adlyk\u00adda ga\u00adza\u00adnan \u00fde\u0148\u00ad\u015fi\u00adni\u0148 pe\u00fd\u00adda\u00adsy deg\u00adme\u00addi. Ge\u00ad\u00e7en m\u00f6w\u00ads\u00fcm\u00adde \u00c7em\u00adpi\u00adon\u00adlar li\u00adga\u00adsy\u00adny\u0148 \u00fda\u00adrym fi\u00adna\u00adly\u00adnda o\u00fdnan \u201cA\u00fdaks\u201d \u00f6z me\u00fd\u00addan\u00ad\u00e7a\u00adsyn\u00adda \u201cHe\u00adta\u00adfe\u00adden\u201d 2\u20131 \u00fcs\u00adt\u00fcn \u00e7yk\u00adsa-da, 1-nji o\u00fdun\u00adda 2\u20130 utu\u00adla\u00adny \u00fc\u00e7in \u00fda\u00adry\u00ad\u015fy bes et\u00adme\u00adli bol\u00addy. Ku\u00adbo\u00adgy\u0148 esa\u00adsy da\u00adla\u015f\u00adg\u00e4r\u00adle\u00adrin\u00adden [&hellip;]<\/p>\n","protected":false},"author":1,"featured_media":28209,"comment_status":"open","ping_status":"closed","sticky":false,"template":"","format":"standard","meta":{"footnotes":""},"categories":[13],"tags":[],"acf":[],"_links":{"self":[{"href":"https:\/\/zamanturkmenistan.com.tm\/index.php?rest_route=\/wp\/v2\/posts\/28194"}],"collection":[{"href":"https:\/\/zamanturkmenistan.com.tm\/index.php?rest_route=\/wp\/v2\/posts"}],"about":[{"href":"https:\/\/zamanturkmenistan.com.tm\/index.php?rest_route=\/wp\/v2\/types\/post"}],"author":[{"embeddable":true,"href":"https:\/\/zamanturkmenistan.com.tm\/index.php?rest_route=\/wp\/v2\/users\/1"}],"replies":[{"embeddable":true,"href":"https:\/\/zamanturkmenistan.com.tm\/index.php?rest_route=%2Fwp%2Fv2%2Fcomments&post=28194"}],"version-history":[{"count":0,"href":"https:\/\/zamanturkmenistan.com.tm\/index.php?rest_route=\/wp\/v2\/posts\/28194\/revisions"}],"wp:featuredmedia":[{"embeddable":true,"href":"https:\/\/zamanturkmenistan.com.tm\/index.php?rest_route=\/wp\/v2\/media\/28209"}],"wp:attachment":[{"href":"https:\/\/zamanturkmenistan.com.tm\/index.php?rest_route=%2Fwp%2Fv2%2Fmedia&parent=28194"}],"wp:term":[{"taxonomy":"category","embeddable":true,"href":"https:\/\/zamanturkmenistan.com.tm\/index.php?rest_route=%2Fwp%2Fv2%2Fcategories&post=28194"},{"taxonomy":"post_tag","embeddable":true,"href":"https:\/\/zamanturkmenistan.com.tm\/index.php?rest_route=%2Fwp%2Fv2%2Ftags&post=28194"}],"curies":[{"name":"wp","href":"https:\/\/api.w.org\/{rel}","templated":true}]}}