{"id":28217,"date":"2020-03-01T12:57:11","date_gmt":"2020-03-01T07:57:11","guid":{"rendered":"http:\/\/zamanturkmenistan.com\/?p=28217"},"modified":"2020-03-01T12:57:13","modified_gmt":"2020-03-01T07:57:13","slug":"dunya-rekordyny-tazeledi","status":"publish","type":"post","link":"https:\/\/zamanturkmenistan.com.tm\/?p=28217","title":{"rendered":"D\u00fcn\u00ad\u00fd\u00e4 re\u00adkor\u00addy\u00adny t\u00e4\u00adze\u00adle\u00addi"},"content":{"rendered":"\n<p>So\u0148\u00adky wagt\u00adlar\u00adda spor\u00adtu\u0148\u00ad \u00fde\u00ad\u0148il at\u00adle\u00adti\u00adka g\u00f6r\u00adn\u00fc\u00ad\u015fin\u00adden t\u00e4\u00adze re\u00adkord ha\u00adbar\u00adla\u00adry yzy\u00adgi\u00adder\u00adli gel\u00adme\u00adgi\u00adni do\u00adwam ed\u00ad\u00fd\u00e4r. Sy\u00adryk\u00adly b\u00f6k\u00admek\u00adde \u015fwe\u00adsi\u00ad\u00fda\u00adly Aman\u00addis Dup\u00adla\u00adti\u00adsi\u0148 yz\u00adly-yzy\u00adna t\u00e4\u00adze\u00adl\u00e4n 2 re\u00adkor\u00addyn\u00addan so\u0148, \u00fde\u00ad\u0148il at\u00adle\u00adti\u00adka\u00adny\u0148 ba\u015f\u00adga bir g\u00f6r\u00adn\u00fc\u00ad\u015fi, \u00fc\u00e7\u00fc\u00adrdik\u00adl\u00e4p b\u00f6k\u00admek\u00adden hem t\u00e4\u00adze re\u00adkord ha\u00adba\u00adry ge\u00adlip go\u00adwu\u015f\u00addy. We\u00adne\u00adsue\u00adla\u00adly \u00fde\u00ad\u0148il at\u00adle\u00adti\u00adka\u00ad\u00e7y ze\u00adnan \u00ddu\u00adli\u00admar Ro\u00adhas \u00fc\u00e7\u00fcr\u00addik\u00adl\u00e4p b\u00f6k\u00admek\u00adde d\u00fcn\u00ad\u00fd\u00e4 re\u00adkor\u00addy\u00adny go\u00fd\u00addy. Ol \u201cWorld In\u00addo\u00ador To\u00adur\u201d \u00fda\u00adry\u015f\u00adla\u00adry\u00adny\u0148 Is\u00adpa\u00adni\u00ad\u00fda\u00adny\u0148 pa\u00fd\u00adtag\u00adty Mad\u00adrid\u00adde ge\u00ad\u00e7i\u00adri\u00adlen tap\u00adgy\u00adryn\u00adda 15,43 metr uzyn\u00adly\u00adgy\u00adna b\u00f6\u00adk\u00fcp, 16 \u00fdyl\u00adlyk re\u00adkor\u00addy t\u00e4\u00adze\u00adle\u00addi. Ozal\u00adky re\u00adkord rus\u00adsi\u00ad\u00fda\u00adly Ta\u00adt\u00ad\u00fda\u00adna Le\u00adbe\u00adde\u00adwa de\u00adgi\u015f\u00adli bo\u00adlup, ol 2004-nji \u00fdy\u00adly\u0148 6-njy mar\u00adtyn\u00adda Bu\u00adda\u00adpe\u015ft\u00adde 15,36 metr uzyn\u00adly\u00adgy\u00adna b\u00f6\u00adk\u00fcp\u00addi.<\/p>\n","protected":false},"excerpt":{"rendered":"<p>So\u0148\u00adky wagt\u00adlar\u00adda spor\u00adtu\u0148\u00ad \u00fde\u00ad\u0148il at\u00adle\u00adti\u00adka g\u00f6r\u00adn\u00fc\u00ad\u015fin\u00adden t\u00e4\u00adze re\u00adkord ha\u00adbar\u00adla\u00adry yzy\u00adgi\u00adder\u00adli gel\u00adme\u00adgi\u00adni do\u00adwam ed\u00ad\u00fd\u00e4r. Sy\u00adryk\u00adly b\u00f6k\u00admek\u00adde \u015fwe\u00adsi\u00ad\u00fda\u00adly Aman\u00addis Dup\u00adla\u00adti\u00adsi\u0148 yz\u00adly-yzy\u00adna t\u00e4\u00adze\u00adl\u00e4n 2 re\u00adkor\u00addyn\u00addan so\u0148, \u00fde\u00ad\u0148il at\u00adle\u00adti\u00adka\u00adny\u0148 ba\u015f\u00adga bir g\u00f6r\u00adn\u00fc\u00ad\u015fi, \u00fc\u00e7\u00fc\u00adrdik\u00adl\u00e4p b\u00f6k\u00admek\u00adden hem t\u00e4\u00adze re\u00adkord ha\u00adba\u00adry ge\u00adlip go\u00adwu\u015f\u00addy. We\u00adne\u00adsue\u00adla\u00adly \u00fde\u00ad\u0148il at\u00adle\u00adti\u00adka\u00ad\u00e7y ze\u00adnan \u00ddu\u00adli\u00admar Ro\u00adhas \u00fc\u00e7\u00fcr\u00addik\u00adl\u00e4p b\u00f6k\u00admek\u00adde d\u00fcn\u00ad\u00fd\u00e4 re\u00adkor\u00addy\u00adny go\u00fd\u00addy. Ol \u201cWorld In\u00addo\u00ador To\u00adur\u201d \u00fda\u00adry\u015f\u00adla\u00adry\u00adny\u0148 Is\u00adpa\u00adni\u00ad\u00fda\u00adny\u0148 pa\u00fd\u00adtag\u00adty Mad\u00adrid\u00adde [&hellip;]<\/p>\n","protected":false},"author":1,"featured_media":28224,"comment_status":"open","ping_status":"closed","sticky":false,"template":"","format":"standard","meta":{"footnotes":""},"categories":[13],"tags":[],"acf":[],"_links":{"self":[{"href":"https:\/\/zamanturkmenistan.com.tm\/index.php?rest_route=\/wp\/v2\/posts\/28217"}],"collection":[{"href":"https:\/\/zamanturkmenistan.com.tm\/index.php?rest_route=\/wp\/v2\/posts"}],"about":[{"href":"https:\/\/zamanturkmenistan.com.tm\/index.php?rest_route=\/wp\/v2\/types\/post"}],"author":[{"embeddable":true,"href":"https:\/\/zamanturkmenistan.com.tm\/index.php?rest_route=\/wp\/v2\/users\/1"}],"replies":[{"embeddable":true,"href":"https:\/\/zamanturkmenistan.com.tm\/index.php?rest_route=%2Fwp%2Fv2%2Fcomments&post=28217"}],"version-history":[{"count":0,"href":"https:\/\/zamanturkmenistan.com.tm\/index.php?rest_route=\/wp\/v2\/posts\/28217\/revisions"}],"wp:featuredmedia":[{"embeddable":true,"href":"https:\/\/zamanturkmenistan.com.tm\/index.php?rest_route=\/wp\/v2\/media\/28224"}],"wp:attachment":[{"href":"https:\/\/zamanturkmenistan.com.tm\/index.php?rest_route=%2Fwp%2Fv2%2Fmedia&parent=28217"}],"wp:term":[{"taxonomy":"category","embeddable":true,"href":"https:\/\/zamanturkmenistan.com.tm\/index.php?rest_route=%2Fwp%2Fv2%2Fcategories&post=28217"},{"taxonomy":"post_tag","embeddable":true,"href":"https:\/\/zamanturkmenistan.com.tm\/index.php?rest_route=%2Fwp%2Fv2%2Ftags&post=28217"}],"curies":[{"name":"wp","href":"https:\/\/api.w.org\/{rel}","templated":true}]}}